{"id":76312,"date":"2024-05-08T11:26:19","date_gmt":"2024-05-08T09:26:19","guid":{"rendered":"https:\/\/www.fedaiisf.it\/?p=76312"},"modified":"2024-05-10T18:01:04","modified_gmt":"2024-05-10T16:01:04","slug":"astrazeneca-ritira-il-vaccino-contro-il-covid-19-in-tutto-il-mondo-citando-leccedenza-di-vaccini-piu-recenti","status":"publish","type":"post","link":"https:\/\/www.fedaiisf.it\/en\/astrazeneca-ritira-il-vaccino-contro-il-covid-19-in-tutto-il-mondo-citando-leccedenza-di-vaccini-piu-recenti\/","title":{"rendered":"AstraZeneca ritira il vaccino contro il Covid-19 in tutto il mondo, citando l\u2019eccedenza di vaccini pi\u00f9 recenti"},"content":{"rendered":"<p style=\"font-weight: 400;\"><span style=\"font-size: 14pt;\">La societ\u00e0 farmaceutica afferma che le nuove iniezioni hanno portato a un calo della domanda <img loading=\"lazy\" decoding=\"async\" class=\"wp-image-58629 alignright\" src=\"https:\/\/www.fedaiisf.it\/wp-content\/uploads\/2021\/05\/astrazeneca-vaccino-vaxzevria.jpg\" alt=\"\" width=\"324\" height=\"216\" srcset=\"https:\/\/www.fedaiisf.it\/wp-content\/uploads\/2021\/05\/astrazeneca-vaccino-vaxzevria.jpg 1200w, https:\/\/www.fedaiisf.it\/wp-content\/uploads\/2021\/05\/astrazeneca-vaccino-vaxzevria-300x200.jpg 300w, https:\/\/www.fedaiisf.it\/wp-content\/uploads\/2021\/05\/astrazeneca-vaccino-vaxzevria-1024x683.jpg 1024w, https:\/\/www.fedaiisf.it\/wp-content\/uploads\/2021\/05\/astrazeneca-vaccino-vaxzevria-768x512.jpg 768w\" sizes=\"auto, (max-width: 324px) 100vw, 324px\" \/>del vaccino AstraZeneca, che non viene pi\u00f9 prodotto o fornito<\/span><\/p>\n<p style=\"font-weight: 400;\"><a href=\"https:\/\/www.theguardian.com\/business\/article\/2024\/may\/08\/astrazeneca-withdraws-covid-19-vaccine-worldwide-citing-surplus-of-newer-vaccines\" target=\"_blank\" rel=\"noopener\">The Guardian \u2013 8 maggio 2024<\/a><\/p>\n<p style=\"font-weight: 400;\">AstraZeneca ha iniziato il ritiro mondiale del suo vaccino contro il Covid-19 a causa di un \u201ceccedenza di vaccini aggiornati disponibili\u201d che prendono di mira nuove varianti del virus.<\/p>\n<p style=\"font-weight: 400;\">L&#039;<a href=\"https:\/\/www.ema.europa.eu\/en\/documents\/overview\/vaxzevria-previously-covid-19-vaccine-astrazeneca-epar-medicine-overview_en.pdf\" target=\"_blank\" rel=\"noopener\">annuncio<\/a> segue la decisione della societ\u00e0 farmaceutica di<a href=\"https:\/\/ec.europa.eu\/health\/documents\/community-register\/2024\/20240327162288\/dec_162288_en.pdf\" target=\"_blank\" rel=\"noopener\"> marzo di ritirare volontariamente la propria autorizzazione all&#8217;immissione in commercio nell&#8217;Unione Europea,<\/a> ovvero l&#8217;approvazione alla commercializzazione di un medicinale negli Stati membri.<\/p>\n<p style=\"font-weight: 400;\">Il 7 maggio l\u2019Agenzia europea per i medicinali ha emesso un <a href=\"https:\/\/www.ema.europa.eu\/en\/documents\/all-authorised-presentations\/vaxzevria-previously-covid-19-vaccine-astrazeneca-epar-all-authorised-presentation_en.pdf\" target=\"_blank\" rel=\"noopener\">avviso secondo cui l\u2019uso del vaccino non \u00e8 pi\u00f9 autorizzato<\/a>.<\/p>\n<p style=\"font-weight: 400;\">In una dichiarazione, AstraZeneca ha affermato che la decisione \u00e8 stata presa perch\u00e9 ora \u00e8 disponibile una variet\u00e0 di vaccini pi\u00f9 recenti che sono stati adattati per colpire le varianti di Covid-19. Ci\u00f2 aveva portato a un calo della domanda del vaccino AstraZeneca, che non viene pi\u00f9 prodotto n\u00e9 fornito.<\/p>\n<p style=\"font-weight: 400;\">&#8220;Secondo stime indipendenti, solo nel primo anno di utilizzo sono state salvate oltre 6,5 milioni di vite umane e sono state fornite oltre 3 miliardi di dosi a livello globale&#8221;, si legge nella nota.<\/p>\n<p style=\"font-weight: 400;\">\u201cI nostri sforzi sono stati riconosciuti dai governi di tutto il mondo e sono ampiamente considerati come una componente fondamentale per porre fine alla pandemia globale. Ora lavoreremo con le autorit\u00e0 di regolamentazione e i nostri partner per allinearci su un chiaro percorso da seguire per concludere questo capitolo e dare un contributo significativo alla pandemia di Covid-19\u201d.<\/p>\n<p style=\"font-weight: 400;\">Altri paesi hanno gi\u00e0 smesso di fornire il vaccino. Non \u00e8 disponibile per l\u2019uso in Australia da marzo 2023, sebbene il suo utilizzo fosse gi\u00e0 stato gradualmente eliminato da giugno 2021 a causa dell\u2019ampia disponibilit\u00e0 di vaccini pi\u00f9 recenti.<\/p>\n<p style=\"font-weight: 400;\">AstraZeneca ha cambiato il nome del suo vaccino Covid in Vaxzevria nel 2021. Il vaccino \u00e8 stato autorizzato per l\u2019uso nei soggetti di et\u00e0 pari o superiore a 18 anni, somministrato sotto forma di due iniezioni, solitamente nel muscolo della parte superiore del braccio, a circa tre mesi di distanza. \u00c8 stato utilizzato anche da alcuni paesi come richiamo.<\/p>\n<p style=\"font-weight: 400;\"><img loading=\"lazy\" decoding=\"async\" class=\"wp-image-57205 alignleft\" src=\"https:\/\/www.fedaiisf.it\/wp-content\/uploads\/2021\/03\/astrazeneca-vaccino_stop_fg.jpg\" alt=\"\" width=\"266\" height=\"177\" srcset=\"https:\/\/www.fedaiisf.it\/wp-content\/uploads\/2021\/03\/astrazeneca-vaccino_stop_fg.jpg 750w, https:\/\/www.fedaiisf.it\/wp-content\/uploads\/2021\/03\/astrazeneca-vaccino_stop_fg-300x200.jpg 300w\" sizes=\"auto, (max-width: 266px) 100vw, 266px\" \/>Vaxzevria \u00e8 costituito da un altro virus della famiglia degli adenovirus modificato per contenere il gene per produrre una proteina del SARS-CoV-2, il virus che causa il Covid-19. Il vaccino non contiene il virus stesso e non pu\u00f2 causarlo.<\/p>\n<p style=\"font-weight: 400;\">Sebbene il vaccino sia risultato complessivamente sicuro ed efficace, comportava il rischio di un effetto collaterale raro ma grave, noto come trombosi con trombocitopenia o TTS. La rara sindrome si \u00e8 verificata in circa due o tre persone su 100.000 vaccinate con il vaccino Vaxzevria.<\/p>\n<p style=\"font-weight: 400;\">La cattedratica di epidemiologia della Deakin University in Australia, la professoressa Catherine Bennett, ha affermato che il vaccino ha svolto un ruolo fondamentale nella lotta mondiale contro il virus, in particolare nei primi giorni della pandemia quando i vaccini disponibili erano limitati.<\/p>\n<p style=\"font-weight: 400;\">\u201cHa salvato milioni di vite e questo non dovrebbe essere dimenticato\u201d, ha detto.<\/p>\n<p style=\"font-weight: 400;\">\u201c\u00c8 stata una parte davvero importante della risposta globale iniziale. Tuttavia, ha preso di mira le varianti ancestrali iniziali. Ora siamo entrati in una catena di vaccini in cui abbiamo a disposizione prodotti che inseguono le varianti che stanno emergendo.<\/p>\n<p style=\"font-weight: 400;\">\u201cC\u2019\u00e8 anche un cambiamento nel calcolo del rischio, dato che le popolazioni sono molto pi\u00f9 protette e, anche se ovviamente il Covid causa ancora morti, siamo nel complesso meno vulnerabili alla malattia\u201d.<\/p>\n<p style=\"font-weight: 400;\">L&#039;<a href=\"https:\/\/www.who.int\/news\/item\/26-04-2024-statement-on-the-antigen-composition-of-covid-19-vaccines\" target=\"_blank\" rel=\"noopener\">ultimo avviso sul vaccino Covid-19<\/a> emesso dall\u2019Organizzazione Mondiale della Sanit\u00e0 in aprile consigliava che le formulazioni dei vaccini Covid-19 dovrebbero colpire il lignaggio JN.1 del virus, che sta sostituendo le varianti del lignaggio XBB esistenti.<\/p>\n<p style=\"font-weight: 400;\">Note:<\/p>\n<p class=\"atext\"><em>L\u2019azienda anglo-svedese a fine aprile 2024 aveva ammesso per la prima volta in documenti giudiziari nel corso di un procedimento legale a Londra che <a href=\"https:\/\/24plus.ilsole24ore.com\/art\/astrazeneca-e-rischio-trombosi-cosa-dicono-statistiche-vaccinati-ADZ12QQB\" target=\"_blank\" rel=\"noopener\">il suo vaccino anti Covid pu\u00f2 causare trombosi come raro effetto collaterale<\/a>. L\u2019ammissione potrebbe aprire la strada a risarcimenti multimilionari, secondo i media britannici.<\/em><\/p>\n<p class=\"atext\"><em>Su questo fronte, nei giorni scorsi un primo nucleo di 12 delle 51 famiglie che avevano citato in giudizio a Londra il colosso farmaceutico anglo-svedese nell\u2019ambito di una <b>class action<\/b> potenzialmente milionaria<a href=\"https:\/\/www.ilsole24ore.com\/art\/astrazeneca-cosa-ci-puo-essere-dietro-casi-sospetti-trombosi-l-esperto-per-ora-prudenza-massima-ADkecUPB\" target=\"_blank\" rel=\"noopener\"> relativa ai danni collaterali<\/a> &#8211; talora mortali &#8211; imputati al vaccino anti Covid prodotto dall\u2019azienda ha annunciato di aver rinunciato a portare avanti la richiesta di risarcimento danni dinanzi all\u2019Alta Corte della capitale britannica.<\/em> (fonte: estratto da <a href=\"https:\/\/www.ilsole24ore.com\/art\/covid-astrazeneca-avvia-ritiro-suo-vaccino-tutto-mondo-AFadOouD\" target=\"_blank\" rel=\"noopener\">il Sole 24 ORE)<\/a><\/p>\n<p>Related news: <a href=\"https:\/\/www.cdt.ch\/news\/il-ritiro-del-vaccino-di-astrazeneca-ha-generato-molta-disinformazione-351656\" target=\"_blank\" rel=\"noopener\">Il ritiro del vaccino di Astrazeneca ha generato molta disinformazione<\/a><\/p>\n<p class=\"Title\"><a href=\"https:\/\/www.federfarma.it\/Edicola\/Filodiretto\/VediNotizia.aspx?id=26011\" target=\"_blank\" rel=\"noopener\">Vaccini mRna, Schillaci: \u201cFornitura garantita fino a 2026\u201d<\/a><\/p>\n<p>&nbsp;<\/p>","protected":false},"excerpt":{"rendered":"<p>La societ\u00e0 farmaceutica afferma che le nuove iniezioni hanno portato a un calo della domanda del vaccino AstraZeneca, che non viene pi\u00f9 prodotto o fornito The Guardian \u2013 8 maggio 2024 AstraZeneca ha iniziato il ritiro mondiale del suo vaccino contro il Covid-19 a causa di un \u201ceccedenza di vaccini aggiornati disponibili\u201d che prendono di &hellip;<\/p>","protected":false},"author":4,"featured_media":76317,"comment_status":"closed","ping_status":"closed","sticky":false,"template":"","format":"standard","meta":{"footnotes":""},"categories":[1],"tags":[39],"class_list":["post-76312","post","type-post","status-publish","format-standard","has-post-thumbnail","hentry","category-notizie","tag-vaccini"],"amp_enabled":true,"_links":{"self":[{"href":"https:\/\/www.fedaiisf.it\/en\/wp-json\/wp\/v2\/posts\/76312","targetHints":{"allow":["GET"]}}],"collection":[{"href":"https:\/\/www.fedaiisf.it\/en\/wp-json\/wp\/v2\/posts"}],"about":[{"href":"https:\/\/www.fedaiisf.it\/en\/wp-json\/wp\/v2\/types\/post"}],"author":[{"embeddable":true,"href":"https:\/\/www.fedaiisf.it\/en\/wp-json\/wp\/v2\/users\/4"}],"replies":[{"embeddable":true,"href":"https:\/\/www.fedaiisf.it\/en\/wp-json\/wp\/v2\/comments?post=76312"}],"version-history":[{"count":8,"href":"https:\/\/www.fedaiisf.it\/en\/wp-json\/wp\/v2\/posts\/76312\/revisions"}],"predecessor-version":[{"id":76324,"href":"https:\/\/www.fedaiisf.it\/en\/wp-json\/wp\/v2\/posts\/76312\/revisions\/76324"}],"wp:featuredmedia":[{"embeddable":true,"href":"https:\/\/www.fedaiisf.it\/en\/wp-json\/wp\/v2\/media\/76317"}],"wp:attachment":[{"href":"https:\/\/www.fedaiisf.it\/en\/wp-json\/wp\/v2\/media?parent=76312"}],"wp:term":[{"taxonomy":"category","embeddable":true,"href":"https:\/\/www.fedaiisf.it\/en\/wp-json\/wp\/v2\/categories?post=76312"},{"taxonomy":"post_tag","embeddable":true,"href":"https:\/\/www.fedaiisf.it\/en\/wp-json\/wp\/v2\/tags?post=76312"}],"curies":[{"name":"wp","href":"https:\/\/api.w.org\/{rel}","templated":true}]}}