{"id":76407,"date":"2024-05-20T18:34:21","date_gmt":"2024-05-20T16:34:21","guid":{"rendered":"https:\/\/www.fedaiisf.it\/?p=76407"},"modified":"2024-05-20T19:33:28","modified_gmt":"2024-05-20T17:33:28","slug":"20-maggio-54-anni-di-statuto-dei-lavoratori","status":"publish","type":"post","link":"https:\/\/www.fedaiisf.it\/en\/20-maggio-54-anni-di-statuto-dei-lavoratori\/","title":{"rendered":"20 Maggio. 54 anni di Statuto dei Lavoratori"},"content":{"rendered":"<p>Il 20 maggio 1970 \u00e8 la data di nascita dello <a href=\"https:\/\/www.gazzettaufficiale.it\/eli\/id\/1970\/05\/27\/070U0300\/sg\" target=\"_blank\" rel=\"noopener\">Statute of workers<\/a>. Il 20 maggio del 1970 infatti la Legge 300 <img loading=\"lazy\" decoding=\"async\" class=\"wp-image-76413 alignright\" src=\"https:\/\/www.fedaiisf.it\/wp-content\/uploads\/2024\/05\/copertina.-statuto-dei-lavoratori-e-legge-1.jpeg\" alt=\"\" width=\"398\" height=\"199\" srcset=\"https:\/\/www.fedaiisf.it\/wp-content\/uploads\/2024\/05\/copertina.-statuto-dei-lavoratori-e-legge-1.jpeg 600w, https:\/\/www.fedaiisf.it\/wp-content\/uploads\/2024\/05\/copertina.-statuto-dei-lavoratori-e-legge-1-300x150.jpeg 300w, https:\/\/www.fedaiisf.it\/wp-content\/uploads\/2024\/05\/copertina.-statuto-dei-lavoratori-e-legge-1-18x9.jpeg 18w\" sizes=\"auto, (max-width: 398px) 100vw, 398px\" \/>(<em>Norme sulla tutela della libert\u00e0 e dignit\u00e0 dei lavoratori, della libert\u00e0 sindacale e dell\u2019attivit\u00e0 sindacale nei luoghi di lavoro e norme sul collocamento<\/em>) viene pubblicata sulla Gazzetta Ufficiale della Repubblica italiana, divenendo a tutti gli effetti legge dello Stato.<\/p>\n<p>Lo Statuto dei lavoratori (sei titoli, che vanno dalla tutela della salute dei lavoratori al diritto di costituzione delle rappresentanze sindacali aziendali, dal diritto di svolgere assemblee e di indire referendum alla limitazione dei controlli e delle intrusioni nella privacy dei lavoratori &#8211; fino a quel momento le perquisizioni corporali in uscita dalla fabbrica erano episodi comuni, soprattutto nei confronti delle donne) formalizzer\u00e0, sul piano giuridico, una serie di conquiste ottenute dai lavoratori nel rapporto di lavoro.<\/p>\n<p>Con la legge 300 in particolare, viene introdotto l\u2019<a href=\"https:\/\/www.gazzettaufficiale.it\/atto\/serie_generale\/caricaArticolo?art.versione=1&amp;art.idGruppo=2&amp;art.flagTipoArticolo=0&amp;art.codiceRedazionale=070U0300&amp;art.idArticolo=18&amp;art.idSottoArticolo=1&amp;art.idSottoArticolo1=10&amp;art.dataPubblicazioneGazzetta=1970-05-27&amp;art.progressivo=0#art\" target=\"_blank\" rel=\"noopener\">article 18<\/a> che sancisce la giusta causa nel licenziamento individuale e che attribuisce all\u2019imprenditore l\u2019onere della prova di fronte al giudice, impone &#8211; per le aziende con pi\u00f9 di quindici dipendenti &#8211; l\u2019obbligo di reintegro nel caso di licenziamento giudicato illegittimo.<\/p>\n<p>Nel 2015 viene approvato il cosiddetto \u201c<em>Jobs Act<\/em>\u201d che introduce il contratto e tempo indeterminato a tutele crescenti e nuovi ammortizzatori sociali. A partire da marzo 2015, quindi, le aziende possono assumere con i nuovi contratti a tempo indeterminato. Con le tutele crescenti il reintegro \u00e8 previsto solo nel caso di <img loading=\"lazy\" decoding=\"async\" class=\"wp-image-23310 alignleft\" src=\"https:\/\/www.fedaiisf.it\/wp-content\/uploads\/2015\/12\/licenziamento.jpeg\" alt=\"\" width=\"311\" height=\"183\" srcset=\"https:\/\/www.fedaiisf.it\/wp-content\/uploads\/2015\/12\/licenziamento.jpeg 500w, https:\/\/www.fedaiisf.it\/wp-content\/uploads\/2015\/12\/licenziamento-300x176.jpeg 300w\" sizes=\"auto, (max-width: 311px) 100vw, 311px\" \/>licenziamento discriminatorio e disciplinare se il lavoratore riesce a dimostrare che il motivo apportato dall&#8217;azienda per il licenziamento disciplinare non sussiste. L\u2019onere della prova passa al lavoratore e non pi\u00f9 al datore di lavoro. Nel caso di licenziamento disciplinare motivato o di licenziamento per motivi economici il reintegro viene sostituito dal solo indennizzo in denaro, che sar\u00e0 crescente con l&#8217;anzianit\u00e0 del dipendente nell&#8217;azienda.<\/p>\n<p>Tra gli obiettivi del Jobs Act, poi, c\u2019era anche il voler arginare il fenomeno delle false partite Iva. \u00c8 sotto gli occhi di tutti che l&#8217;uso delle false partite Iva non si \u00e8 mai fermato. Lo constatiamo anche nel mondo degli informatori scientifici dove le partite IVA sono tantissime (false partite IVA, ovviamente), probabilmente la maggioranza, ma non esistono dati ufficiali.<\/p>\n<p>La logica di ridurre le tutele ai garantiti, anzich\u00e9 allargarle ai non garantiti, ha prodotto una precariet\u00e0 senza precedenti nella storia d&#8217;Italia e senza paragoni nell&#8217;Europa industrializzata.<\/p>\n<p>L\u2019ISTAT, nel suo rapporto annuale (<a href=\"https:\/\/www.istat.it\/it\/files\/\/2024\/05\/Rapporto-Annuale-2024.pdf\" target=\"_blank\" rel=\"noopener\"><em>versione integrale<\/em><\/a>), afferma che la quota di lavoratori con basse retribuzioni annuali permane ampia, prevalentemente in associazione con la ridotta intensit\u00e0 lavorativa e con la durata dei contratti: fenomeni, questi, che riguardano maggiormente le donne, i giovani e gli stranieri. l\u2019Italia, dice sempre l\u2019ISTAT, conserva una quota molto elevata di occupati in condizioni di vulnerabilit\u00e0 economica.<\/p>\n<p>Tra il 2013 e il 2023 il potere d\u2019acquisto delle retribuzioni lorde in Italia \u00e8 diminuito del 4,5 per cento mentre nelle altre maggiori economie dell\u2019Ue27 \u00e8 cresciuto a tassi compresi tra l\u20191,1 per cento della Francia e il 5,7 per cento della Germania. Secondo i dati dell\u2019Indagine ISTAT sul reddito e le condizioni di vita (Eu-Silc) nel 2022 la quota di occupati a rischio di povert\u00e0 in Italia \u00e8 all\u201911,5 per cento, nell\u2019Ue27 \u00e8 l\u20198,5 per cento del totale. Colpa del Jobs Act? Ognuno giudichi in base alla propria convinzione. Noi abbiamo riportato lo stato dei fatti e un dato oggettivo come il <a href=\"https:\/\/www.istat.it\/it\/files\/\/2024\/05\/Rapporto-Annuale-in-pillole.pdf\" target=\"_blank\" rel=\"noopener\">rapporto ISTAT<\/a>.<\/p>\n<p><img loading=\"lazy\" decoding=\"async\" class=\"wp-image-76414 alignright\" src=\"https:\/\/www.fedaiisf.it\/wp-content\/uploads\/2024\/05\/logo-per-il-lavoro-ci-metto-la-firma-21x9-jpg-cutout.png\" alt=\"\" width=\"216\" height=\"216\" srcset=\"https:\/\/www.fedaiisf.it\/wp-content\/uploads\/2024\/05\/logo-per-il-lavoro-ci-metto-la-firma-21x9-jpg-cutout.png 819w, https:\/\/www.fedaiisf.it\/wp-content\/uploads\/2024\/05\/logo-per-il-lavoro-ci-metto-la-firma-21x9-jpg-cutout-300x300.png 300w, https:\/\/www.fedaiisf.it\/wp-content\/uploads\/2024\/05\/logo-per-il-lavoro-ci-metto-la-firma-21x9-jpg-cutout-150x150.png 150w, https:\/\/www.fedaiisf.it\/wp-content\/uploads\/2024\/05\/logo-per-il-lavoro-ci-metto-la-firma-21x9-jpg-cutout-768x767.png 768w, https:\/\/www.fedaiisf.it\/wp-content\/uploads\/2024\/05\/logo-per-il-lavoro-ci-metto-la-firma-21x9-jpg-cutout-12x12.png 12w\" sizes=\"auto, (max-width: 216px) 100vw, 216px\" \/>Oggi \u00e8 in corso una raccolta di firme per 4 referendum con cui la Cgil \u00a0mira ad arginare la precariet\u00e0 dilagante di questi anni, incluso un sostanziale ritorno all\u2019art. 18. In particolare i referendum riguardano l\u2019abrogazione delle norme che impediscono il reintegro al lavoro in caso di licenziamenti illegittimi, l\u2019abrogazione delle norme che facilitano i licenziamenti illegittimi nelle piccole imprese, l\u2019abrogazione delle norme che hanno liberalizzato l&#8217;utilizzo del lavoro a termine, l\u2019abrogazione delle norme che impediscono, in caso di infortunio sul lavoro negli appalti, di estendere la responsabilit\u00e0 all\u2019impresa appaltante. Se passano i referendum si tornerebbe alla Fornero, alla legge 92 del 2012, che rende possibile la reintegra nel licenziamento disciplinare per \u201cinsussistenza del fatto contestato\u201d.<\/p>\n<p><a href=\"https:\/\/www.cisl.it\/notizie\/attualita\/paga-minima-e-art-18-non-migliorano-il-lavoro-ora-serve-piu-formazione-la-verita\/\" target=\"_blank\" rel=\"noopener\">La posizione della CISL<\/a>\u00a0 Sbarra: &#8220;Piuttosto che demolire il Jobs act, per poi promuovere non si sa quale modello novecentesco, occorre pensare a migliorare e rafforzare le tante cose buone di quella riforma e correggere le carenze con altri provvedimenti, innovando i centri per l\u2019impiego&#8221;. Il <a href=\"https:\/\/www.ansa.it\/sito\/notizie\/economia\/2024\/04\/13\/sbarra-jobs-act-grande-riforma-no-ripristino-art.18-_57ce2fbb-daaa-4606-be3f-75e89363bfc0.html\" target=\"_blank\" rel=\"noopener\">Jobs Act una grande riforma<\/a><\/p>\n<p>La posizione della CGIL. Landini: \u201c<a href=\"https:\/\/www.collettiva.it\/copertine\/lavoro\/il-jobs-act-ha-diviso-le-persone-va-abrogato-ui7ulknd\" target=\"_blank\" rel=\"noopener\">Il Jobs Act ha diviso le persone, va abrogato<\/a>\u201d.\u00a0\u00c8 possibile firmare anche online dal <a href=\"https:\/\/www.cgil.it\/referendum\/referendum-popolari-2025-per-il-lavoro-ci-metto-la-firma-g8o29e12\" target=\"_blank\" rel=\"noopener\">sito Cgil.it<\/a>.<\/p>\n<p>There<a href=\"https:\/\/www.uiltn.it\/no-ai-lavoratori-fantasma\/\" target=\"_blank\" rel=\"noopener\"> posizione della UIL<\/a>: Il referendum per la UIL non serve. Serve una mobilitazione e una discussione con i governi e la politica<\/p>\n<p style=\"font-weight: 400;\">Related news: <a href=\"https:\/\/www.fedaiisf.it\/en\/corte-costituzionale-colpo-al-jobs-act-se-il-licenziamento-e-illegittimo-il-lavoratore-va-reintegrato\/\" target=\"_blank\" rel=\"noopener\">Corte Costituzionale. Colpo al \u201cJobs Act\u201d. Se il licenziamento \u00e8 illegittimo, il lavoratore va reintegrato<\/a><\/p>\n<p style=\"font-weight: 400;\"><a href=\"https:\/\/www.fedaiisf.it\/en\/la-corte-costituzionale-sul-jobs-act-urgente-la-riforma-dei-licenziamenti\/\" target=\"_blank\" rel=\"noopener\">The Constitutional Court on the Jobs Act: &quot;Reform of dismissals is urgent&quot;<\/a><\/p>\n<p style=\"font-weight: 400;\"><a href=\"https:\/\/www.fedaiisf.it\/en\/consiglio-europa-unaltra-picconata-al-jobs-act-viola-il-diritto-alla-reintegra-per-ogni-lavoratore-ingiustamente-licenziato\/\" target=\"_blank\" rel=\"noopener\">Europe Council. Another pickaxe at the Jobs act. It violates the right to reinstatement for any wrongfully dismissed worker<\/a><\/p>\n<p style=\"font-weight: 400;\"><a href=\"https:\/\/www.fedaiisf.it\/en\/jobs-act-dalla-consulta-depositata-la-motivazione-della-bocciatura-del-risarcimento-per-ingiusto-licenziamento-ripristinare-ora-lart-18\/\" target=\"_blank\" rel=\"noopener\">Jobs Act. Dalla Consulta depositata la motivazione della bocciatura del risarcimento per ingiusto licenziamento. Ripristinare ora l\u2019art. 18<\/a><\/p>\n<p style=\"font-weight: 400;\"><a href=\"https:\/\/www.fedaiisf.it\/en\/regolamento-europeo-picconata-al-controllo-a-distanza-del-jobs-act\/\" target=\"_blank\" rel=\"noopener\">European regulation. Jobs Act remote control pickaxe<\/a><\/p>\n<p>&nbsp;<\/p>","protected":false},"excerpt":{"rendered":"<p>Il 20 maggio 1970 \u00e8 la data di nascita dello Statuto dei lavoratori. Il 20 maggio del 1970 infatti la Legge 300 (Norme sulla tutela della libert\u00e0 e dignit\u00e0 dei lavoratori, della libert\u00e0 sindacale e dell\u2019attivit\u00e0 sindacale nei luoghi di lavoro e norme sul collocamento) viene pubblicata sulla Gazzetta Ufficiale della Repubblica italiana, divenendo a &hellip;<\/p>","protected":false},"author":4,"featured_media":76415,"comment_status":"closed","ping_status":"closed","sticky":false,"template":"","format":"standard","meta":{"footnotes":""},"categories":[1],"tags":[42,27,44],"class_list":["post-76407","post","type-post","status-publish","format-standard","has-post-thumbnail","hentry","category-notizie","tag-istat","tag-licenziati","tag-sindacati"],"amp_enabled":true,"_links":{"self":[{"href":"https:\/\/www.fedaiisf.it\/en\/wp-json\/wp\/v2\/posts\/76407","targetHints":{"allow":["GET"]}}],"collection":[{"href":"https:\/\/www.fedaiisf.it\/en\/wp-json\/wp\/v2\/posts"}],"about":[{"href":"https:\/\/www.fedaiisf.it\/en\/wp-json\/wp\/v2\/types\/post"}],"author":[{"embeddable":true,"href":"https:\/\/www.fedaiisf.it\/en\/wp-json\/wp\/v2\/users\/4"}],"replies":[{"embeddable":true,"href":"https:\/\/www.fedaiisf.it\/en\/wp-json\/wp\/v2\/comments?post=76407"}],"version-history":[{"count":7,"href":"https:\/\/www.fedaiisf.it\/en\/wp-json\/wp\/v2\/posts\/76407\/revisions"}],"predecessor-version":[{"id":76419,"href":"https:\/\/www.fedaiisf.it\/en\/wp-json\/wp\/v2\/posts\/76407\/revisions\/76419"}],"wp:featuredmedia":[{"embeddable":true,"href":"https:\/\/www.fedaiisf.it\/en\/wp-json\/wp\/v2\/media\/76415"}],"wp:attachment":[{"href":"https:\/\/www.fedaiisf.it\/en\/wp-json\/wp\/v2\/media?parent=76407"}],"wp:term":[{"taxonomy":"category","embeddable":true,"href":"https:\/\/www.fedaiisf.it\/en\/wp-json\/wp\/v2\/categories?post=76407"},{"taxonomy":"post_tag","embeddable":true,"href":"https:\/\/www.fedaiisf.it\/en\/wp-json\/wp\/v2\/tags?post=76407"}],"curies":[{"name":"wp","href":"https:\/\/api.w.org\/{rel}","templated":true}]}}