{"id":76446,"date":"2024-05-23T17:15:57","date_gmt":"2024-05-23T15:15:57","guid":{"rendered":"https:\/\/www.fedaiisf.it\/?p=76446"},"modified":"2024-05-23T17:23:39","modified_gmt":"2024-05-23T15:23:39","slug":"testa-snami-fra-medico-e-farmacista-non-deve-esserci-nessuna-commistione","status":"publish","type":"post","link":"https:\/\/www.fedaiisf.it\/en\/testa-snami-fra-medico-e-farmacista-non-deve-esserci-nessuna-commistione\/","title":{"rendered":"Testa (SNAMI): &#8220;Fra medico e farmacista non deve esserci nessuna commistione&#8221;"},"content":{"rendered":"<p class=\"western\" align=\"center\"><span lang=\"it-IT\">IL RUOLO DEL MEDICO E\u2019 INSOSTITUIBILE<\/span><\/p>\n<p class=\"western\" align=\"center\"><b>Dott. Testa, c\u2019\u00e8 al momento una commistione tra Medici e Farmacisti ?<\/b><\/p>\n<p class=\"western\" align=\"justify\"><img loading=\"lazy\" decoding=\"async\" class=\"wp-image-67881 alignright\" src=\"https:\/\/www.fedaiisf.it\/wp-content\/uploads\/2022\/10\/1-angelo-testa-snami.jpg\" alt=\"\" width=\"171\" height=\"169\" \/>The <b>doctor<\/b> fa la diagnosi, prescrive la cura, e il <b>pharmacist<\/b> eroga il farmaco. Fra le due categorie <b>non deve esserci nessuna commistione<\/b>, cos\u00ec impone il regio decreto del 1934. Novant\u2019anni dopo la Federazione dei titolari di farmacia italiani (Federfarma) sente il bisogno di allargare il raggio di azione: \u201c<i>La farmacia pu\u00f2 dare un contributo importante alla riduzione delle liste d\u2019attesa come erogatrice di servizi sanitari qualificati sul territorio.\u201d <\/i><\/p>\n<p class=\"western\" align=\"center\"><b>Vuol dire che il farmacista pu\u00f2 sostituire il medico? O \u00e8 il medico che va in farmacia? <\/b>C\u2019\u00e8 qualche passaggio un po\u2019 nebuloso e non del tutto chiaro .<\/p>\n<p><span lang=\"it-IT\"><b>La Farmacia dei servizi tende ad allargarsi ?<\/b><\/span><\/p>\n<p class=\"western\" align=\"justify\">La prima riforma che espande l\u2019attivit\u00e0 delle farmacie \u00e8 di 15 anni fa, con il governo Berlusconi IV e ministri della Salute Maurizio Sacconi, poi Ferruccio Fazio. \u00c8 allora che nasce la cosiddetta <b>\u00abfarmacia dei servizi\u00bb<\/b>. Per fare cosa? Un tramite con i laboratori analisi per l\u2019esame delle urine e la ricerca di sangue occulto, e tutti quei test di autocontrollo cio\u00e8 gli esami che il paziente pu\u00f2 farsi anche a casa da solo e la farmacia d\u00e0 un po\u2019 di supporto.Questi ed altri servizi per i quali non serve la ricetta medica e che le farmacie offrono a <b>pagamento.<\/b><\/p>\n<p class=\"western\" align=\"center\"><b>Dov\u2019\u00e8 <\/b><span lang=\"it-IT\"><b>un eventuale<\/b><\/span><b> conflitto di interesse ?<\/b><\/p>\n<p class=\"western\" align=\"justify\">Le norme sono molto chiare: il farmacista non pu\u00f2 svolgere, direttamente o per interposta persona, l\u2019attivit\u00e0 medica a mezzo di ambulatorio e i medici, in quanto prescrittori di farmaci, non possono esercitare in farmacia .<\/p>\n<p class=\"western\" align=\"justify\"><b>Questi confini ora si stanno allentando<\/b>.Infatti il Ddl Semplificazioni del 26 marzo 2024 cambia radicalmente le cose. Tra l\u2019altro le farmacie possono somministrare qualunque tipo di <b>Vaccine<\/b> sopra i 12 anni; fare da <img loading=\"lazy\" decoding=\"async\" class=\"size-full wp-image-76450 alignleft\" src=\"https:\/\/www.fedaiisf.it\/wp-content\/uploads\/2024\/05\/vaccinazione-farmacista.jpeg\" alt=\"\" width=\"200\" height=\"200\" srcset=\"https:\/\/www.fedaiisf.it\/wp-content\/uploads\/2024\/05\/vaccinazione-farmacista.jpeg 200w, https:\/\/www.fedaiisf.it\/wp-content\/uploads\/2024\/05\/vaccinazione-farmacista-150x150.jpeg 150w, https:\/\/www.fedaiisf.it\/wp-content\/uploads\/2024\/05\/vaccinazione-farmacista-12x12.jpeg 12w\" sizes=\"auto, (max-width: 200px) 100vw, 200px\" \/><b>sportello per la scelta e revoca del medico di famiglia<\/b> e del pediatra; vengono promossi i <b>servizi di telemedicina<\/b> come l\u2019elettrocardiogramma e holter pressorio o cardiaco che saranno refertati da un medico che lavora a distanza.<\/p>\n<p class=\"western\" align=\"center\"><b>Allora c\u2019\u00e8 stata una svolta?<\/b><\/p>\n<p class=\"western\" align=\"justify\"><b>Certo<\/b>. Il Governo riconosce ufficialmente servizi che molti di noi gi\u00e0 offrono quotidianamente ai cittadini, ma <b>ponendo al contempo le basi per il loro rimborso da parte del Servizio sanitario nazionale a fronte della presentazione di una ricetta medica da parte del paziente<\/b> .Nella pratica le farmacie,no tutte ma quelle con specifici requisiti ,possono dunque <b>trasformarsi in ambulatori di prossimit\u00e0 <\/b>dove \u00e8 possibile fare una diagnosi e poi vendere il farmaco per quella diagnosi.<\/p>\n<p class=\"western\" align=\"center\"><b>Qual\u2019\u00e8 il rischio ?<\/b><\/p>\n<p class=\"western\" align=\"justify\">That of <b>aumentare il consumo sanitario <\/b>anche quando non c\u2019\u00e8 una reale necessit\u00e0; e di <b>correre dal prorio medico<\/b> curante al primo esame lievemente fuori parametro perch\u00e9 il farmacista, non avendo l\u2019anamnesi che ci riguarda,ma soprattutto le competenze non pu\u00f2 valutarlo in un quadro complessivo.<\/p>\n<p class=\"western\" align=\"center\"><b>La conclusione ?<\/b><\/p>\n<p class=\"western\" align=\"justify\"><b>Che i F<\/b><b>armacisti fanno sempre pi\u00f9 i Medici<\/b>.<\/p>\n<p class=\"western\" align=\"justify\">Come se i Medici diventassero farmacisti avendo la dispensazione di farmaci all\u2019interno dei propri studi. <b>Questa deriva allo Snami non piace<\/b>.<\/p>\n<p class=\"western\" align=\"justify\"><a href=\"https:\/\/www.snami.org\/comunicati-stampa\/2024\/intervista-ad-angelo-testa-il-ruolo-del-medico-e-insostituibile\/\" target=\"_blank\" rel=\"noopener\">SNAMI &#8211; Roma 23 Maggio 2024<\/a><\/p>\n<hr \/>\n<p align=\"justify\">Mandelli (FOFI): \u00ab<em>Il Governo riconosce ufficialmente servizi che molti di noi gi\u00e0 offrono quotidianamente ai <img loading=\"lazy\" decoding=\"async\" class=\"wp-image-76453 alignright\" src=\"https:\/\/www.fedaiisf.it\/wp-content\/uploads\/2024\/05\/requisiti-ambulatorio-farmacia.png\" alt=\"\" width=\"359\" height=\"263\" srcset=\"https:\/\/www.fedaiisf.it\/wp-content\/uploads\/2024\/05\/requisiti-ambulatorio-farmacia.png 548w, https:\/\/www.fedaiisf.it\/wp-content\/uploads\/2024\/05\/requisiti-ambulatorio-farmacia-300x220.png 300w, https:\/\/www.fedaiisf.it\/wp-content\/uploads\/2024\/05\/requisiti-ambulatorio-farmacia-16x12.png 16w\" sizes=\"auto, (max-width: 359px) 100vw, 359px\" \/>cittadini, ma ponendo al contempo le basi per il loro rimborso da parte del Servizio sanitario nazionale a fronte della presentazione di una ricetta medica da parte del paziente<\/em>\u00bb (<a href=\"https:\/\/www.quotidianosanita.it\/allegati\/allegato1713881173.pdf\" target=\"_blank\" rel=\"noopener\" data-mrf-link=\"https:\/\/www.quotidianosanita.it\/allegati\/allegato1713881173.pdf\">here<\/a>). Nella pratica le farmacie possono dunque trasformarsi in ambulatori di prossimit\u00e0 dove \u00e8 possibile fare una diagnosi e poi vendere il farmaco per quella diagnosi.<\/p>\n<p align=\"justify\">Per ridurre le liste d\u2019attesa il servizio sanitario deve rinforzare gli ospedali e attivare le Case di comunit\u00e0. Non ci sono altre scorciatoie. Far scendere in campo le farmacie potrebbe dare un contributo, ma \u00e8 un\u2019attivit\u00e0 che deve essere regolamentata, e al momento non lo \u00e8. Di conseguenza si prospettano due rischi: quello di aumentare il consumo sanitario anche quando non c\u2019\u00e8 una reale necessit\u00e0; e di correre dal medico al primo esame lievemente fuori parametro perch\u00e9 il farmacista, non avendo l\u2019anamnesi che ci riguarda, non pu\u00f2 valutarlo in un quadro complessivo. Con il risultato di allungare le liste d\u2019attesa invece di alleggerirle.<\/p>\n<p align=\"justify\"><a href=\"https:\/\/www.corriere.it\/dataroom-milena-gabanelli\/farmacia-si-trasforma-ambulatorio-ecco-chi-ci-guadagna-davvero\/443a177a-15b7-11ef-b103-fe08388bf42c-va.shtml\" target=\"_blank\" rel=\"noopener\">Milena Gabanelli e Simona Ravizza &#8211; Corriere della Sera<\/a> &#8211; articolo completo su Corriere della Sera<\/p>\n<p align=\"justify\">Related news: <a href=\"https:\/\/portale.fnomceo.it\/omceo-bari-sanita-territoriale-valorizzare-i-professionisti-sanitari-e-tutelare-la-loro-dignita\/\" target=\"_blank\" rel=\"noopener\">Anelli (FNOMCeO): <em>Se le farmacie vogliono erogare le prestazioni devono rispettare gli stessi parametri. L\u2019appropriatezza deve rimane prerogativa del medico\u201d.<\/em><\/a><\/p>\n<p align=\"justify\"><a href=\"https:\/\/diritto-farmaceutico.it\/wp-content\/uploads\/2021\/07\/Vaccini_situazione_Pandolfini_Tema-Farmacia-luglio-2021.pdf\" target=\"_blank\" rel=\"noopener\">Vaccini in farmacia<\/a><\/p>\n<p class=\"Title\"><a href=\"https:\/\/www.federfarma.it\/Edicola\/Filodiretto\/VediNotizia.aspx?id=26051\" target=\"_blank\" rel=\"noopener\">Farmacia dei servizi, Schillaci: \u201cAllargare i servizi offerti, garantendo qualit\u00e0\u201d<\/a><\/p>\n<p align=\"justify\">","protected":false},"excerpt":{"rendered":"<p>IL RUOLO DEL MEDICO E\u2019 INSOSTITUIBILE Dott. Testa, c\u2019\u00e8 al momento una commistione tra Medici e Farmacisti ? Il medico fa la diagnosi, prescrive la cura, e il farmacista eroga il farmaco. Fra le due categorie non deve esserci nessuna commistione, cos\u00ec impone il regio decreto del 1934. Novant\u2019anni dopo la Federazione dei titolari di &hellip;<\/p>","protected":false},"author":4,"featured_media":76451,"comment_status":"closed","ping_status":"closed","sticky":false,"template":"","format":"standard","meta":{"footnotes":""},"categories":[1],"tags":[41,79],"class_list":["post-76446","post","type-post","status-publish","format-standard","has-post-thumbnail","hentry","category-notizie","tag-leggisentenze","tag-ssn"],"amp_enabled":true,"_links":{"self":[{"href":"https:\/\/www.fedaiisf.it\/en\/wp-json\/wp\/v2\/posts\/76446","targetHints":{"allow":["GET"]}}],"collection":[{"href":"https:\/\/www.fedaiisf.it\/en\/wp-json\/wp\/v2\/posts"}],"about":[{"href":"https:\/\/www.fedaiisf.it\/en\/wp-json\/wp\/v2\/types\/post"}],"author":[{"embeddable":true,"href":"https:\/\/www.fedaiisf.it\/en\/wp-json\/wp\/v2\/users\/4"}],"replies":[{"embeddable":true,"href":"https:\/\/www.fedaiisf.it\/en\/wp-json\/wp\/v2\/comments?post=76446"}],"version-history":[{"count":8,"href":"https:\/\/www.fedaiisf.it\/en\/wp-json\/wp\/v2\/posts\/76446\/revisions"}],"predecessor-version":[{"id":76457,"href":"https:\/\/www.fedaiisf.it\/en\/wp-json\/wp\/v2\/posts\/76446\/revisions\/76457"}],"wp:featuredmedia":[{"embeddable":true,"href":"https:\/\/www.fedaiisf.it\/en\/wp-json\/wp\/v2\/media\/76451"}],"wp:attachment":[{"href":"https:\/\/www.fedaiisf.it\/en\/wp-json\/wp\/v2\/media?parent=76446"}],"wp:term":[{"taxonomy":"category","embeddable":true,"href":"https:\/\/www.fedaiisf.it\/en\/wp-json\/wp\/v2\/categories?post=76446"},{"taxonomy":"post_tag","embeddable":true,"href":"https:\/\/www.fedaiisf.it\/en\/wp-json\/wp\/v2\/tags?post=76446"}],"curies":[{"name":"wp","href":"https:\/\/api.w.org\/{rel}","templated":true}]}}