{"id":7647,"date":"2015-01-30T13:19:39","date_gmt":"2015-01-30T12:19:39","guid":{"rendered":"http:\/\/www.fedaiisf.it\/?p=7647"},"modified":"2015-01-30T18:21:19","modified_gmt":"2015-01-30T17:21:19","slug":"roma-sanita-previsti-tagli-per-quasi-2-miliardi-proteste-e-appelli-di-federfarma-e-assogenerici","status":"publish","type":"post","link":"https:\/\/www.fedaiisf.it\/en\/roma-sanita-previsti-tagli-per-quasi-2-miliardi-proteste-e-appelli-di-federfarma-e-assogenerici\/","title":{"rendered":"Rome. Healthcare: cuts of almost 2 billion are expected, protests and appeals by Federfarma and Assogenerici"},"content":{"rendered":"<p><img loading=\"lazy\" decoding=\"async\" class=\"alignleft\" alt=\"\" src=\"https:\/\/encrypted-tbn2.gstatic.com\/images?q=tbn:ANd9GcQLSt73vGjoFmirkGE9HS6dRpUnPKL5scKTiEO41y6r7Kmu31Qj\" width=\"300\" height=\"168\" \/>I tagli alla sanit\u00e0, conseguenza degli oltre 5 miliardi di tagli imposti alle Regioni tra Legge di Stabilit\u00e0 e vecchie finanziarie Monti e Letta, potrebbero arrivare a quasi 2 miliardi di euro. A darne conferma oggi \u00e8 stato il coordinatore degli assessori regionali al Bilancio, Massimo Garavaglia, che al termine della Conferenza Stato Regioni, nel corso della quale l\u2019intesa non \u00e8 stata pero\u2019 trovata ed \u00e8 slittata di una settimana, ha detto: \u201cAd occhio, i tagli a carico della sanit\u00e0 saranno di due miliardi\u201d.<\/p>\n<p>Anche il sottosegretario all\u2019Economia, <strong>Pierpaolo Baretta<\/strong>, non nasconde che \u201cil problema \u00e8 la natura dei tagli. Dobbiamo trovare una soluzione che eviti decurtazioni a carico delle fasce deboli, rischio che pu\u00f2 esserci. Serve un accordo quadro che definisca le voci su cui avverranno i tagli. Tagli in sanit\u00e0 sono possibili, l\u2019importante \u2013 conclude il sottosegretario \u2013 \u00e8 che non siano sulle prestazioni e che le conseguenze non siano negative per la popolazione\u201d.<\/p>\n<p>E si scatenano polemiche e appelli. \u201cNo ai tagli alla farmaceutica\u201d, invoca Federfarma, la Federazione che rappresenta le farmacie private, auspicando che \u201dil rinvio alla prossima settimana delle decisioni sui tagli da parte delle Regioni permetta di individuare i settori sui quali le Regioni possono intervenire per ridurre sprechi e inefficienza, senza colpire ancora una volta la spesa farmaceutica\u201d.<\/p>\n<p>Tagliare il Fondo sanitario nazionale \u201d\u00e8 una vecchia ricetta improduttiva\u201d, critica il presidente di AssoGenerici, Enrique H\u00e4usermann, secondo il quale \u201c\u00e8 davvero stupefacente che dalle amministrazioni regionali, in risposta alle esigenze di riduzione dei bilanci, si prospetti quello che di fatto \u00e8 un taglio lineare alla spesa sanitaria\u201d.<\/p>\n<p><img loading=\"lazy\" decoding=\"async\" class=\"alignright\" alt=\"\" src=\"https:\/\/encrypted-tbn2.gstatic.com\/images?q=tbn:ANd9GcQ38aARpBI1IwZMFL78AyGJz7U1F0uFl1QEpXyJtCGJq2md1K4Z\" width=\"221\" height=\"146\" \/>L\u2019Associazione italiana ospedalit\u00e0 privata (Aiop) si appella al premier Matteo Renzi e al ministro della Salute Beatrice Lorenzin contro i tagli alle prestazioni sanitarie. \u201dLe Regioni, per fornire il loro contributo di risparmio nella spesa pubblica richiesto dalla legge di stabilit\u00e0 2015, mentre si preparano a rinunciare all\u2019aumento del Fondo sanitario nazionale di 2 miliardi proposto dal Governo, chiedono un nuovo taglio di 350 milioni all\u2019ospedalit\u00e0 privata accreditata\u201d, denuncia l\u2019Aiop. I due miliardi di tagli sarebbero il frutto del mancato incremento del Fondo sanitario che per il 2015 sarebbe dovuto passare da oltre 110 miliardi lo scorso anno, a oltre 112 miliardi quest\u2019anno e a 115,4 nel 2016.<\/p>\n<p><a href=\"http:\/\/12alle12.it\/roma-sanita-previsti-tagli-per-2-miliardi-proteste-appelli-122407\" target=\"_blank\" rel=\"noopener\">29 GEN 2015 \u2013 LA VOCE<\/a><\/p>\n<p>Notiizia correlata: <a href=\"http:\/\/www.federfarma.it\/Edicola\/Ultime-notizie\/30-01-2015-00-59-41.aspx\" target=\"_blank\" rel=\"noopener\">Federfarma.\u00a0Legge di Stabilit\u00e0, tarda l\u2019intesa sui tagli tra Governo e Regioni<\/a><\/p>\n<p><a href=\"http:\/\/www.assogenerici.org\/articolihome\/cs_29_01_tagliare_il_fondo_sanitario.pdf\" target=\"_blank\" rel=\"noopener\">Assogenerici.\u00a0Tagliare il Fondo sanitario \u00e8 una vecchia ricetta improduttiva<\/a><\/p>","protected":false},"excerpt":{"rendered":"<p>I tagli alla sanit\u00e0, conseguenza degli oltre 5 miliardi di tagli imposti alle Regioni tra Legge di Stabilit\u00e0 e vecchie finanziarie Monti e Letta, potrebbero arrivare a quasi 2 miliardi di euro. A darne conferma oggi \u00e8 stato il coordinatore degli assessori regionali al Bilancio, Massimo Garavaglia, che al termine della Conferenza Stato Regioni, nel &hellip;<\/p>","protected":false},"author":4,"featured_media":6119,"comment_status":"closed","ping_status":"closed","sticky":false,"template":"","format":"standard","meta":{"footnotes":""},"categories":[1],"tags":[28,79],"class_list":["post-7647","post","type-post","status-publish","format-standard","has-post-thumbnail","hentry","category-notizie","tag-lorenzin","tag-ssn"],"amp_enabled":true,"_links":{"self":[{"href":"https:\/\/www.fedaiisf.it\/en\/wp-json\/wp\/v2\/posts\/7647","targetHints":{"allow":["GET"]}}],"collection":[{"href":"https:\/\/www.fedaiisf.it\/en\/wp-json\/wp\/v2\/posts"}],"about":[{"href":"https:\/\/www.fedaiisf.it\/en\/wp-json\/wp\/v2\/types\/post"}],"author":[{"embeddable":true,"href":"https:\/\/www.fedaiisf.it\/en\/wp-json\/wp\/v2\/users\/4"}],"replies":[{"embeddable":true,"href":"https:\/\/www.fedaiisf.it\/en\/wp-json\/wp\/v2\/comments?post=7647"}],"version-history":[{"count":0,"href":"https:\/\/www.fedaiisf.it\/en\/wp-json\/wp\/v2\/posts\/7647\/revisions"}],"wp:featuredmedia":[{"embeddable":true,"href":"https:\/\/www.fedaiisf.it\/en\/wp-json\/wp\/v2\/media\/6119"}],"wp:attachment":[{"href":"https:\/\/www.fedaiisf.it\/en\/wp-json\/wp\/v2\/media?parent=7647"}],"wp:term":[{"taxonomy":"category","embeddable":true,"href":"https:\/\/www.fedaiisf.it\/en\/wp-json\/wp\/v2\/categories?post=7647"},{"taxonomy":"post_tag","embeddable":true,"href":"https:\/\/www.fedaiisf.it\/en\/wp-json\/wp\/v2\/tags?post=7647"}],"curies":[{"name":"wp","href":"https:\/\/api.w.org\/{rel}","templated":true}]}}