{"id":76477,"date":"2024-05-26T12:03:34","date_gmt":"2024-05-26T10:03:34","guid":{"rendered":"https:\/\/www.fedaiisf.it\/?p=76477"},"modified":"2024-05-27T18:32:30","modified_gmt":"2024-05-27T16:32:30","slug":"aiisf-marche-donazione-al-dipartimento-materno-infantile-delle-marche","status":"publish","type":"post","link":"https:\/\/www.fedaiisf.it\/en\/aiisf-marche-donazione-al-dipartimento-materno-infantile-delle-marche\/","title":{"rendered":"AIISF Marche, federata Fedaiisf. Donazione al Dipartimento Materno Infantile delle Marche"},"content":{"rendered":"<p>II Dipartimento Materno Infantile dell&#8217;Azienda Ospedaliero Universitaria delle Marche si dota di un computer <img loading=\"lazy\" decoding=\"async\" class=\"wp-image-76484 alignright\" src=\"https:\/\/www.fedaiisf.it\/wp-content\/uploads\/2024\/05\/Ancona-Ospedale-Salesi-materno-infantile-Il-Martino-ilmartino.it-.jpeg\" alt=\"\" width=\"277\" height=\"194\" srcset=\"https:\/\/www.fedaiisf.it\/wp-content\/uploads\/2024\/05\/Ancona-Ospedale-Salesi-materno-infantile-Il-Martino-ilmartino.it-.jpeg 650w, https:\/\/www.fedaiisf.it\/wp-content\/uploads\/2024\/05\/Ancona-Ospedale-Salesi-materno-infantile-Il-Martino-ilmartino.it--300x210.jpeg 300w, https:\/\/www.fedaiisf.it\/wp-content\/uploads\/2024\/05\/Ancona-Ospedale-Salesi-materno-infantile-Il-Martino-ilmartino.it--18x12.jpeg 18w\" sizes=\"auto, (max-width: 277px) 100vw, 277px\" \/>portatile che consente il monitoraggio dei disturbi del comportamento alimentare che interessano un numero sempre pi\u00f9 crescente di bambini e ragazzi.<\/p>\n<p>Il dispositivo tecnologicamente all&#8217;avanguardia, collegandosi ad una bilancia di ultima generazione, permette &#8220;di eseguire l&#8217;impedenziometria, un esame che consente di valutare la composizione corporea (massa magra e massa grassa)&#8221; spiega il dottor Michele Severini, responsabile del Centro Regionale per i Disturbi del Comportamento Alimentare dell&#8217;AOU delle Marche.<\/p>\n<p>Uno strumento di grande utilit\u00e0 che grazie al collegamento con una bilancia portatile permette di eseguire il monitoraggio delle persone con disturbi del comportamento alimentare anche al di fuori delle pareti ospedaliere.<\/p>\n<p>&#8220;Si tratta di patologie che stanno registrando una recrudescenza tra ragazzi e le ragazze e che insorgono sempre pi\u00f9 precocemente gi\u00e0 nei bambini in et\u00e0 scolare&#8221; spiega lo psichiatra.<\/p>\n<p><strong>L&#8217;acquisto del computer e stato reso possibile grazie alla generosit\u00e0 dei soci AIISF, Associazione Italiana Informatori Scientifici del Farmaco, federata Fedaiisf, che nelle Marche<\/strong> conta oltre 200 soci. &#8220;Essendo quotidianamente in stretto contatto con medici e pazienti tenevamo in maniera particolare a fare un gesto concreto di solidariet\u00e0 verso le persone che hanno delle problematiche di salute dichiara il presidente dell&#8217;AlISF Marche <strong>Gianluca Falasca<\/strong> per questo abbiamo deciso di donare parte della quota del fondo cassa relativa alle iscrizioni dei nostri soci per l&#8217;acquisto del dispositivo, utile per la salute di bambini e ragazzi, un tema al quale siamo <img loading=\"lazy\" decoding=\"async\" class=\"wp-image-76481 alignleft\" src=\"https:\/\/www.fedaiisf.it\/wp-content\/uploads\/2024\/05\/ospedale-salesi-logo-FOS-netto_page-0001.jpeg\" alt=\"\" width=\"269\" height=\"124\" srcset=\"https:\/\/www.fedaiisf.it\/wp-content\/uploads\/2024\/05\/ospedale-salesi-logo-FOS-netto_page-0001.jpeg 414w, https:\/\/www.fedaiisf.it\/wp-content\/uploads\/2024\/05\/ospedale-salesi-logo-FOS-netto_page-0001-300x138.jpeg 300w, https:\/\/www.fedaiisf.it\/wp-content\/uploads\/2024\/05\/ospedale-salesi-logo-FOS-netto_page-0001-18x8.jpeg 18w\" sizes=\"auto, (max-width: 269px) 100vw, 269px\" \/>particolarmente sensibili, da qui la scelta della Fondazione Ospedale Salesi Onlus come partner&#8221;.<\/p>\n<p><strong>Il computer \u00e8 stato consegnato oggi al Salesi alla presenza della direttrice della Fondazione Ospedale Salesi Onlus, professoressa Laura Mazzanti, del presidente dell&#8217;AIISF Marche Gianluca Falasca, della segretaria dell&#8217;AIISF Elisabetta Crocetti e della tesoriera dell&#8217;Associazione Stefania Vizzari.<\/strong><\/p>\n<p>Grande apprezzamento per la donazione \u00e8 stata espressa dalla Fondazione Ospedale Salesi Onlus che sottolinea l&#8217;importanza di &#8220;avere strumenti a disposizione per i disturbi del comportamento alimentare, sempre pi\u00f9 diffusi in et\u00e0 pediatrica&#8221;.<\/p>\n<p>Source <a href=\"https:\/\/www.vivereancona.it\/2024\/05\/27\/al-salesi-arriva-un-computer-per-il-monitoraggio-dei-disturbi-del-comportamento-alimentare\/283047\/\" target=\"_blank\" rel=\"noopener\">Vivere Ancona<\/a><\/p>\n<p>Related news: <a href=\"https:\/\/www.anconatoday.it\/salute\/computer-disturbi-alimentari-tra-ragazzi-salesi-ospedale-ancona.html\" target=\"_blank\" rel=\"noopener\">Il computer portatile in grado di monitorare i disturbi del comportamento alimentare tra i ragazzi<\/a><\/p>","protected":false},"excerpt":{"rendered":"<p>II Dipartimento Materno Infantile dell&#8217;Azienda Ospedaliero Universitaria delle Marche si dota di un computer portatile che consente il monitoraggio dei disturbi del comportamento alimentare che interessano un numero sempre pi\u00f9 crescente di bambini e ragazzi. Il dispositivo tecnologicamente all&#8217;avanguardia, collegandosi ad una bilancia di ultima generazione, permette &#8220;di eseguire l&#8217;impedenziometria, un esame che consente di &hellip;<\/p>","protected":false},"author":4,"featured_media":76482,"comment_status":"closed","ping_status":"closed","sticky":false,"template":"","format":"standard","meta":{"footnotes":""},"categories":[1],"tags":[45],"class_list":["post-76477","post","type-post","status-publish","format-standard","has-post-thumbnail","hentry","category-notizie","tag-fedaiisf"],"amp_enabled":true,"_links":{"self":[{"href":"https:\/\/www.fedaiisf.it\/en\/wp-json\/wp\/v2\/posts\/76477","targetHints":{"allow":["GET"]}}],"collection":[{"href":"https:\/\/www.fedaiisf.it\/en\/wp-json\/wp\/v2\/posts"}],"about":[{"href":"https:\/\/www.fedaiisf.it\/en\/wp-json\/wp\/v2\/types\/post"}],"author":[{"embeddable":true,"href":"https:\/\/www.fedaiisf.it\/en\/wp-json\/wp\/v2\/users\/4"}],"replies":[{"embeddable":true,"href":"https:\/\/www.fedaiisf.it\/en\/wp-json\/wp\/v2\/comments?post=76477"}],"version-history":[{"count":8,"href":"https:\/\/www.fedaiisf.it\/en\/wp-json\/wp\/v2\/posts\/76477\/revisions"}],"predecessor-version":[{"id":76510,"href":"https:\/\/www.fedaiisf.it\/en\/wp-json\/wp\/v2\/posts\/76477\/revisions\/76510"}],"wp:featuredmedia":[{"embeddable":true,"href":"https:\/\/www.fedaiisf.it\/en\/wp-json\/wp\/v2\/media\/76482"}],"wp:attachment":[{"href":"https:\/\/www.fedaiisf.it\/en\/wp-json\/wp\/v2\/media?parent=76477"}],"wp:term":[{"taxonomy":"category","embeddable":true,"href":"https:\/\/www.fedaiisf.it\/en\/wp-json\/wp\/v2\/categories?post=76477"},{"taxonomy":"post_tag","embeddable":true,"href":"https:\/\/www.fedaiisf.it\/en\/wp-json\/wp\/v2\/tags?post=76477"}],"curies":[{"name":"wp","href":"https:\/\/api.w.org\/{rel}","templated":true}]}}