{"id":76488,"date":"2024-05-27T06:07:06","date_gmt":"2024-05-27T04:07:06","guid":{"rendered":"https:\/\/www.fedaiisf.it\/?p=76488"},"modified":"2024-05-26T18:17:42","modified_gmt":"2024-05-26T16:17:42","slug":"televisita-utilizzata-dal-43-dei-medici-nellultimo-anno","status":"publish","type":"post","link":"https:\/\/www.fedaiisf.it\/en\/televisita-utilizzata-dal-43-dei-medici-nellultimo-anno\/","title":{"rendered":"Televisita utilizzata dal 43% dei medici nell&#8217;ultimo anno."},"content":{"rendered":"<p><strong><span style=\"font-size: 14pt;\">Televisita utilizzata dal 43% dei professionisti nell&#8217;ultimo anno.<\/span><\/strong><\/p>\n<p><strong>Indagine del Centro studi Fimmg: sette medici di famiglia su dieci pronti per la telemedicina<\/strong><\/p>\n<p><strong>L&#8217;uso della telemedicina appare consolidarsi tra i Medici di Medicina Generale<\/strong><\/p>\n<p><a href=\"https:\/\/www.fimmg.org\/index.php?action=pages&amp;m=view&amp;p=43&amp;art=5691\" target=\"_blank\" rel=\"noopener\">Comunicato stampa FIMMG &#8211; 23 maggio 2024<\/a><\/p>\n<p>Questo \u00e8 quanto emerge da un&#8221;indagine condotta dal Centro Studi della <img loading=\"lazy\" decoding=\"async\" class=\"wp-image-76492 alignright\" src=\"https:\/\/www.fedaiisf.it\/wp-content\/uploads\/2024\/05\/telemedicina.jpeg\" alt=\"\" width=\"325\" height=\"325\" srcset=\"https:\/\/www.fedaiisf.it\/wp-content\/uploads\/2024\/05\/telemedicina.jpeg 480w, https:\/\/www.fedaiisf.it\/wp-content\/uploads\/2024\/05\/telemedicina-300x300.jpeg 300w, https:\/\/www.fedaiisf.it\/wp-content\/uploads\/2024\/05\/telemedicina-150x150.jpeg 150w, https:\/\/www.fedaiisf.it\/wp-content\/uploads\/2024\/05\/telemedicina-12x12.jpeg 12w\" sizes=\"auto, (max-width: 325px) 100vw, 325px\" \/>FIMMG (Federazione Italiana Medici di Medicina Generale) su un campione nazionale di oltre 400 medici di medicina generale in collaborazione con l&#8221;Osservatorio Sanit\u00e0 Digitale della School of Management del Politecnico di Milano nell&#8221;ambito della ricerca annuale sull&#8221;utilizzo della sanit\u00e0 digitale, presentata oggi a Milano<\/p>\n<p>Le soluzioni di televisita sono state utilizzate dal 43% del campione nell&#8221;ultimo anno (vs il 41% del 2023 e il 20% del 2022); la telerefertazione dal 41% (vs il 40% del 2023 e il 14% del 2022); il teleconsulto con specialisti dal 34% (vs il 31% del 2023 e il 13% del 2022). Molto elevate sono le percentuali di coloro che dichiarano di voler utilizzare in futuro queste risorse (il 73% del campione la televisita, il 79% la telerefertazione, il 91% il teleconsulto).<\/p>\n<p>L&#8217;adozione di piattaforme per la gestione dei percorsi di cura, invece, sembra essere un fenomeno ancora non molto diffuso, probabilmente in relazione alla incompleta implementazione delle Aggregazioni Funzionali Territoriali &#8211; AFT, che dovrebbero costituire l&#8221;ambito dove sviluppare naturalmente tali iniziative: il 64% del campione non le utilizza; il 63% di chi le utilizza riferisce circa una loro integrazione con il DB del gestionale di studio.<\/p>\n<p>Il FSE \u00e8 stato utilizzato nell&#8221;ultimo anno dal 48% del campione per finalit\u00e0 di cura\/prevenzione. Tra i motivi che vengono addotti da chi non lo ha utilizzato sono riportati l&#8221;impossibilit\u00e0 ad accedervi (13% del campione), non sapere come fare per accedervi (per il 12%), la scomodit\u00e0 di utilizzo e l&#8221;eccessivo tempo richiesto (per l&#8221;11%).<\/p>\n<p><img loading=\"lazy\" decoding=\"async\" class=\"wp-image-76493 alignleft\" src=\"https:\/\/www.fedaiisf.it\/wp-content\/uploads\/2024\/05\/fse.png\" alt=\"\" width=\"276\" height=\"293\" srcset=\"https:\/\/www.fedaiisf.it\/wp-content\/uploads\/2024\/05\/fse.png 526w, https:\/\/www.fedaiisf.it\/wp-content\/uploads\/2024\/05\/fse-283x300.png 283w, https:\/\/www.fedaiisf.it\/wp-content\/uploads\/2024\/05\/fse-11x12.png 11w\" sizes=\"auto, (max-width: 276px) 100vw, 276px\" \/>Chi utilizza il FSE \u00e8 d&#8217;accordo nel ritenere che dalla sua consultazione pu\u00f2 essere ridotto il tempo necessario per reperire le informazioni che servono (in una scala di condivisione con l&#8221;affermazione da 1-10, vota da 7 a 10 il 65% del campione) e che, in situazioni di emergenza, il FSE fornisce informazioni critiche per la gestione efficace del paziente (voto da 7 a 10 per il 60%).<\/p>\n<p>Il 59% del campione sarebbe interessato ad utilizzare soluzioni di AI generativa per supporto alle decisioni riguardanti scelte di diagnosi o trattamento; il 55% per elaborare piani\/percorsi di cura personalizzati. Molto forte \u00e8 la convinzione che l&#8217;AI potr\u00e0 supportare il medico ma non lo potr\u00e0 sostituire in nessuna delle proprie attivit\u00e0 cliniche (in una scala di condivisione da 1 a 10, vota da 7 a 10 il 78% del campione); il 66% condivide che l&#8221;AI permette di monitorare i pazienti cronici in modo altrimenti insostenibile, considerando la numerosit\u00e0 dei pazienti gestiti dal medico; il 62% afferma per\u00f2 che l&#8221;AI rischia di sbagliare in situazioni delicate, come valutare condizioni di emergenza.<\/p>\n<p>Il 34% del campione afferma di aver consigliato App per la salute ai pazienti nell&#8221;ultimo anno; il 36% di questi riferisce anche di aver ricevuto dati raccolti da tali App e di averli utilizzati.<\/p>\n<p>&#8220;Le soluzioni tecnologiche riferibili alla telemedicina costituiscono oramai un patrimonio consolidato dei Medici di Medicina Generale italiani&#8221; &#8211; afferma Paolo Misericordia, responsabile del Centro Studi e dell&#8221;Area ICT della FIMMG &#8211; &#8220;Il <img loading=\"lazy\" decoding=\"async\" class=\"wp-image-76497 alignright\" src=\"https:\/\/www.fedaiisf.it\/wp-content\/uploads\/2024\/05\/MisericordiaPaolo.jpg\" alt=\"\" width=\"160\" height=\"160\" srcset=\"https:\/\/www.fedaiisf.it\/wp-content\/uploads\/2024\/05\/MisericordiaPaolo.jpg 100w, https:\/\/www.fedaiisf.it\/wp-content\/uploads\/2024\/05\/MisericordiaPaolo-12x12.jpg 12w\" sizes=\"auto, (max-width: 160px) 100vw, 160px\" \/>rinnovo generazionale della categoria professionale, la carenza dei medici associata alle enormi dimensioni del fenomeno della cronicit\u00e0, le disposizioni normative presenti nei rinnovi contrattuali recentemente sottoscritti, la spinta della tecnologia e la domanda degli stessi assistiti, rappresentano d&#8221;altronde le situazioni di contesto pi\u00f9 favorevoli per una stabile ed ineluttabile evoluzione nella direzione di un utilizzo sempre pi\u00f9 importante di queste risorse&#8221;.<\/p>\n<p>&#8220;Se lo scorso anno il fenomeno dell&#8221;Intelligenza Artificiale Generativa assumeva quasi il carattere di bolla mediatica, oggi \u00e8 ormai evidente come la sensibilit\u00e0 sul tema sia aumentata tra i medici, che l&#8221;hanno gi\u00e0 ampiamente utilizzata per la ricerca di informazioni scientifiche&#8221; &#8211; afferma Chiara Sgarbossa, Direttrice dell&#8221;Osservatorio Sanit\u00e0 Digitale &#8211; &#8220;\u00c8 inoltre molto elevato l&#8221;interesse dichiarato dai medici a utilizzare in futuro questa tecnologia, a fronte di diversi benefici riconosciuti, come la possibilit\u00e0 di migliorare l&#8221;accuratezza e la personalizzazione delle cure&#8221;.<\/p>\n<p>&nbsp;<\/p>\n<p>&nbsp;<\/p>\n<p>&nbsp;<\/p>","protected":false},"excerpt":{"rendered":"<p>Televisita utilizzata dal 43% dei professionisti nell&#8217;ultimo anno. Indagine del Centro studi Fimmg: sette medici di famiglia su dieci pronti per la telemedicina L&#8217;uso della telemedicina appare consolidarsi tra i Medici di Medicina Generale Comunicato stampa FIMMG &#8211; 23 maggio 2024 Questo \u00e8 quanto emerge da un&#8221;indagine condotta dal Centro Studi della FIMMG (Federazione Italiana &hellip;<\/p>","protected":false},"author":4,"featured_media":76495,"comment_status":"closed","ping_status":"closed","sticky":false,"template":"","format":"standard","meta":{"footnotes":""},"categories":[1],"tags":[79],"class_list":["post-76488","post","type-post","status-publish","format-standard","has-post-thumbnail","hentry","category-notizie","tag-ssn"],"amp_enabled":true,"_links":{"self":[{"href":"https:\/\/www.fedaiisf.it\/en\/wp-json\/wp\/v2\/posts\/76488","targetHints":{"allow":["GET"]}}],"collection":[{"href":"https:\/\/www.fedaiisf.it\/en\/wp-json\/wp\/v2\/posts"}],"about":[{"href":"https:\/\/www.fedaiisf.it\/en\/wp-json\/wp\/v2\/types\/post"}],"author":[{"embeddable":true,"href":"https:\/\/www.fedaiisf.it\/en\/wp-json\/wp\/v2\/users\/4"}],"replies":[{"embeddable":true,"href":"https:\/\/www.fedaiisf.it\/en\/wp-json\/wp\/v2\/comments?post=76488"}],"version-history":[{"count":6,"href":"https:\/\/www.fedaiisf.it\/en\/wp-json\/wp\/v2\/posts\/76488\/revisions"}],"predecessor-version":[{"id":76498,"href":"https:\/\/www.fedaiisf.it\/en\/wp-json\/wp\/v2\/posts\/76488\/revisions\/76498"}],"wp:featuredmedia":[{"embeddable":true,"href":"https:\/\/www.fedaiisf.it\/en\/wp-json\/wp\/v2\/media\/76495"}],"wp:attachment":[{"href":"https:\/\/www.fedaiisf.it\/en\/wp-json\/wp\/v2\/media?parent=76488"}],"wp:term":[{"taxonomy":"category","embeddable":true,"href":"https:\/\/www.fedaiisf.it\/en\/wp-json\/wp\/v2\/categories?post=76488"},{"taxonomy":"post_tag","embeddable":true,"href":"https:\/\/www.fedaiisf.it\/en\/wp-json\/wp\/v2\/tags?post=76488"}],"curies":[{"name":"wp","href":"https:\/\/api.w.org\/{rel}","templated":true}]}}