{"id":76541,"date":"2024-05-31T11:40:35","date_gmt":"2024-05-31T09:40:35","guid":{"rendered":"https:\/\/www.fedaiisf.it\/?p=76541"},"modified":"2024-05-31T12:05:50","modified_gmt":"2024-05-31T10:05:50","slug":"ateco-listat-ha-concluso-lacquisizione-e-valutazione-per-definire-i-nuovi-codici-ateco-2025","status":"publish","type":"post","link":"https:\/\/www.fedaiisf.it\/en\/ateco-listat-ha-concluso-lacquisizione-e-valutazione-per-definire-i-nuovi-codici-ateco-2025\/","title":{"rendered":"ATECO. L&#8217;ISTAT ha concluso l&#8217;acquisizione e valutazione per definire i nuovi codici ATECO 2025"},"content":{"rendered":"<p>Istat ha concluso il processo di acquisizione e valutazione delle istanze, finalizzate alla definizione di Ateco <img loading=\"lazy\" decoding=\"async\" class=\"wp-image-75501 alignright\" src=\"https:\/\/www.fedaiisf.it\/wp-content\/uploads\/2024\/02\/codici-ateco-online-800x500_c.jpeg\" alt=\"\" width=\"275\" height=\"172\" srcset=\"https:\/\/www.fedaiisf.it\/wp-content\/uploads\/2024\/02\/codici-ateco-online-800x500_c.jpeg 800w, https:\/\/www.fedaiisf.it\/wp-content\/uploads\/2024\/02\/codici-ateco-online-800x500_c-300x188.jpeg 300w, https:\/\/www.fedaiisf.it\/wp-content\/uploads\/2024\/02\/codici-ateco-online-800x500_c-768x480.jpeg 768w, https:\/\/www.fedaiisf.it\/wp-content\/uploads\/2024\/02\/codici-ateco-online-800x500_c-18x12.jpeg 18w\" sizes=\"auto, (max-width: 275px) 100vw, 275px\" \/>2025. Al fine di un&#8217;adeguata individuazione di tutti i bisogni informativi sono state acquisite e analizzate tutte le richieste di modifica della Classificazione delle attivit\u00e0 economiche ATECO comunicate a Istat fino al 24 aprile 2024 (ben oltre la data del 31 ottobre 2023), per un totale di circa 650 istanze.<\/p>\n<p>A partire dal 2 maggio 2024, per consentire la finalizzazione dell&#8217;iter formale di validazione da parte della Commissione europea, l&#8217;Istat non potr\u00e0 accogliere alcuna ulteriore richiesta di modifica della struttura (codici e titoli). Eventuali elementi in sospeso e questioni che emergeranno nelle prossime settimane verranno rinviati ai prossimi e pi\u00f9 frequenti aggiornamenti futuri della Classificazione ATECO. (<em>Comunicato AtEco-ISTAT<\/em>)<\/p>\n<p><a href=\"https:\/\/www.istat.it\/it\/archivio\/17888#codesearch\" target=\"_blank\" rel=\"noopener\"><img loading=\"lazy\" decoding=\"async\" class=\"size-full wp-image-76551 alignleft\" src=\"https:\/\/www.fedaiisf.it\/wp-content\/uploads\/2024\/05\/Schermata-2024-05-31-alle-12.03.41.png\" alt=\"\" width=\"276\" height=\"489\" srcset=\"https:\/\/www.fedaiisf.it\/wp-content\/uploads\/2024\/05\/Schermata-2024-05-31-alle-12.03.41.png 276w, https:\/\/www.fedaiisf.it\/wp-content\/uploads\/2024\/05\/Schermata-2024-05-31-alle-12.03.41-169x300.png 169w, https:\/\/www.fedaiisf.it\/wp-content\/uploads\/2024\/05\/Schermata-2024-05-31-alle-12.03.41-7x12.png 7w\" sizes=\"auto, (max-width: 276px) 100vw, 276px\" \/><\/a>Note: <em>In particolare, sono stati aggiornato i contenuti relativi alla <a href=\"https:\/\/www.istat.it\/it\/archivio\/295234\" target=\"_blank\" rel=\"noopener\">nuova versione della classificazione, ATECO 2025,<\/a>\u00a0e quelli relativi al\u00a0<a href=\"https:\/\/www.istat.it\/it\/archivio\/262133\" target=\"_blank\" rel=\"noopener\">Comitato ATECO e alla rete di utenti stabili<\/a>.<\/em><em> Fra gli utenti stabili \u00e8 presente Fedaiisf. La classificazione attualmente in vigore \u00e8 ATECO 2007 aggiornamento 2022 ed \u00e8 disponibile <a href=\"https:\/\/www.istat.it\/it\/archivio\/266993\" target=\"_blank\" rel=\"noopener\">Documentazione tecnica e classificazioni.<\/a><\/em><\/p>\n<p><em><a href=\"https:\/\/webmail.next-cloud.it\/?_task=mail&amp;_action=get&amp;_mbox=INBOX&amp;_uid=5257&amp;_token=mVpxg8pAz43SqYRnAHb0ZSzJ5RFbI4zg&amp;_part=2\" target=\"_blank\" rel=\"noopener\">Rete di referenti stabili del Comitato ATECO<\/a><\/em><\/p>\n<p>Related news: <a href=\"https:\/\/www.istat.it\/it\/archivio\/287231\" target=\"_blank\" rel=\"noopener\">Nuova classificazione Ateco\u00a02025<\/a><\/p>\n<p>&nbsp;<\/p>","protected":false},"excerpt":{"rendered":"<p>Istat ha concluso il processo di acquisizione e valutazione delle istanze, finalizzate alla definizione di Ateco 2025. Al fine di un&#8217;adeguata individuazione di tutti i bisogni informativi sono state acquisite e analizzate tutte le richieste di modifica della Classificazione delle attivit\u00e0 economiche ATECO comunicate a Istat fino al 24 aprile 2024 (ben oltre la data &hellip;<\/p>","protected":false},"author":4,"featured_media":76548,"comment_status":"closed","ping_status":"closed","sticky":false,"template":"","format":"standard","meta":{"footnotes":""},"categories":[1],"tags":[42],"class_list":["post-76541","post","type-post","status-publish","format-standard","has-post-thumbnail","hentry","category-notizie","tag-istat"],"amp_enabled":true,"_links":{"self":[{"href":"https:\/\/www.fedaiisf.it\/en\/wp-json\/wp\/v2\/posts\/76541","targetHints":{"allow":["GET"]}}],"collection":[{"href":"https:\/\/www.fedaiisf.it\/en\/wp-json\/wp\/v2\/posts"}],"about":[{"href":"https:\/\/www.fedaiisf.it\/en\/wp-json\/wp\/v2\/types\/post"}],"author":[{"embeddable":true,"href":"https:\/\/www.fedaiisf.it\/en\/wp-json\/wp\/v2\/users\/4"}],"replies":[{"embeddable":true,"href":"https:\/\/www.fedaiisf.it\/en\/wp-json\/wp\/v2\/comments?post=76541"}],"version-history":[{"count":9,"href":"https:\/\/www.fedaiisf.it\/en\/wp-json\/wp\/v2\/posts\/76541\/revisions"}],"predecessor-version":[{"id":76552,"href":"https:\/\/www.fedaiisf.it\/en\/wp-json\/wp\/v2\/posts\/76541\/revisions\/76552"}],"wp:featuredmedia":[{"embeddable":true,"href":"https:\/\/www.fedaiisf.it\/en\/wp-json\/wp\/v2\/media\/76548"}],"wp:attachment":[{"href":"https:\/\/www.fedaiisf.it\/en\/wp-json\/wp\/v2\/media?parent=76541"}],"wp:term":[{"taxonomy":"category","embeddable":true,"href":"https:\/\/www.fedaiisf.it\/en\/wp-json\/wp\/v2\/categories?post=76541"},{"taxonomy":"post_tag","embeddable":true,"href":"https:\/\/www.fedaiisf.it\/en\/wp-json\/wp\/v2\/tags?post=76541"}],"curies":[{"name":"wp","href":"https:\/\/api.w.org\/{rel}","templated":true}]}}