{"id":76669,"date":"2024-06-06T10:54:36","date_gmt":"2024-06-06T08:54:36","guid":{"rendered":"https:\/\/www.fedaiisf.it\/?p=76669"},"modified":"2024-06-09T18:50:31","modified_gmt":"2024-06-09T16:50:31","slug":"chiesi-ristruttura-la-sede-di-via-palermo-a-parma-in-regalo-centinaia-di-arredi-a-cittadini-scuole-e-associazioni","status":"publish","type":"post","link":"https:\/\/www.fedaiisf.it\/en\/chiesi-ristruttura-la-sede-di-via-palermo-a-parma-in-regalo-centinaia-di-arredi-a-cittadini-scuole-e-associazioni\/","title":{"rendered":"Chiesi ristruttura la sede di via Palermo a Parma. In regalo centinaia di arredi a cittadini, scuole e associazioni"},"content":{"rendered":"<h2 class=\"story__title\">Chiesi ristruttura la sede a Parma e regala centinaia di arredi a cittadini, scuole e associazioni<\/h2>\n<p>L\u2019iniziativa di economia circolare, in collaborazione con Csv, \u00e8 avviata in vista dei lavori di riqualificazione nel <img loading=\"lazy\" decoding=\"async\" class=\"wp-image-76672 alignright\" src=\"https:\/\/www.fedaiisf.it\/wp-content\/uploads\/2024\/06\/CHIESI-PARMA-Via-Palermo-20.03.2021-16.jpeg\" alt=\"\" width=\"208\" height=\"277\" srcset=\"https:\/\/www.fedaiisf.it\/wp-content\/uploads\/2024\/06\/CHIESI-PARMA-Via-Palermo-20.03.2021-16.jpeg 1200w, https:\/\/www.fedaiisf.it\/wp-content\/uploads\/2024\/06\/CHIESI-PARMA-Via-Palermo-20.03.2021-16-225x300.jpeg 225w, https:\/\/www.fedaiisf.it\/wp-content\/uploads\/2024\/06\/CHIESI-PARMA-Via-Palermo-20.03.2021-16-768x1024.jpeg 768w, https:\/\/www.fedaiisf.it\/wp-content\/uploads\/2024\/06\/CHIESI-PARMA-Via-Palermo-20.03.2021-16-1152x1536.jpeg 1152w, https:\/\/www.fedaiisf.it\/wp-content\/uploads\/2024\/06\/CHIESI-PARMA-Via-Palermo-20.03.2021-16-9x12.jpeg 9w\" sizes=\"auto, (max-width: 208px) 100vw, 208px\" \/>sito di via Palermo<\/p>\n<p><a href=\"https:\/\/parma.repubblica.it\/cronaca\/2024\/06\/05\/news\/chiesi_ristruttura_la_sede_a_parma_e_regala_gli_arredi_ai_cittadini_scuole_e_associazioni-423172884\/\" target=\"_blank\" rel=\"noopener\">La Repubblica &#8211; 5 giugno 2024 &#8211; Ed. Parma<\/a><\/p>\n<p>Si chiama <strong>Circularity Market<\/strong> l\u2019appuntamento in programma sabato 8 e domenica 9 giugno negli spazi di via Palermo dove il Gruppo Chiesi, con la preziosa collaborazione di Csv Emilia, offrir\u00e0 una nuova vita agli oggetti che si trovano attualmente nella sede dell\u2019azienda farmaceutica.<\/p>\n<p>Sebbene in ottime condizioni, questi oggetti sarebbero destinati al macero: per limiti di spazio, infatti, solo il 5% pu\u00f2 essere riutilizzato in altre sedi aziendali. Per ovviare a questo problema ed evitare sprechi, il Gruppo Chiesi ha cos\u00ec avuto l\u2019idea di lanciare il progetto Circularity che permetter\u00e0 di ridare vita al 75% degli arredi.<\/p>\n<p>Sia sabato che domenica, l\u2019area sar\u00e0 liberamente accessibile ai cittadini di Parma (ingresso consentito da via Chiesi, 1), dalle 9:30 alle 12:30 e dalle 14:30 alle 17:30. Saranno esposti oltre 300 arredi, tra sedie, scrivanie, armadi, cassettiere e altri oggetti (ad esempio, lampade, attaccapanni, portaombrelli), un numero superiore al 10% del totale degli arredi oggi presenti in via Palermo. <strong>Ogni persona potr\u00e0 scegliere fino a un massimo di due oggetti, che ricever\u00e0, a titolo totalmente gratuito, da Csv Emilia<\/strong>.<\/p>\n<p>Essendo alcuni arredi di dimensioni importanti, nelle fasce orarie 12:30-14:30 e 17:30-18:30 sar\u00e0 consentito l\u2019accesso ad auto e furgoni privati, per il ritiro degli arredi precedentemente assegnati.<\/p>\n<p>Per i pi\u00f9 piccoli, sono previste attivit\u00e0 di animazione, a cura delle associazioni Scambiamente e Per ricominciare. Per chi lo desidera, inoltre, ci sar\u00e0 la possibilit\u00e0 di visitare la mostra Past, Present, Future.<\/p>\n<p>La maggior parte circa 1.200 oggetti degli arredi da ufficio e degli oggetti mobili conservati negli spazi Chiesi di via Palermo \u00e8 messa gratuitamente a disposizione di associazioni ed enti del Terzo settore, individuati grazie al contributo fondamentale di Csv Emilia, e del mondo della Scuola. A oggi, gi\u00e0 oltre la met\u00e0 degli arredi destinati alla donazione \u00e8 stato prenotato da realt\u00e0 del terzo settore o istituti scolastici.<\/p>\n<p>Per rispondere a un\u2019esigenza espressa dai collaboratori di Chiesi Italia e di Chiesi Farmaceutici, che in passato hanno lavorato negli spazi di via Palermo, il Gruppo ha deciso di riservare alla vendita circa 450 arredi (circa il 20% di quelli presenti nel sito). L\u2019attivit\u00e0, che partir\u00e0 con l\u2019inizio dell\u2019estate e proseguir\u00e0 per sei mesi, verr\u00e0 gestita attraverso una marketplace app creata ad hoc, ad uso esclusivo della popolazione aziendale di base in Italia. La vendita sar\u00e0 a prezzi di favore.<\/p>\n<p>Lo spazio in via Palermo a partire da fine estate sar\u00e0 interessato da un profondo intervento di rigenerazione urbana, con un cantiere attivo fino al 2027. Lo storico sito industriale di Chiesi in via Palermo, inaugurato l\u20198 ottobre 1955, ospita oggi oltre 2.300 articoli, perlopi\u00f9 arredi (come, ad esempio, armadi, scrivanie, sedie, cassettiere).<\/p>\n<p>(articolo integrale su <a href=\"https:\/\/parma.repubblica.it\/cronaca\/2024\/06\/05\/news\/chiesi_ristruttura_la_sede_a_parma_e_regala_gli_arredi_ai_cittadini_scuole_e_associazioni-423172884\/\" target=\"_blank\" rel=\"noopener\">Parma Repubblica<\/a>)<\/p>\n<p>&nbsp;<\/p>","protected":false},"excerpt":{"rendered":"<p>Chiesi ristruttura la sede a Parma e regala centinaia di arredi a cittadini, scuole e associazioni L\u2019iniziativa di economia circolare, in collaborazione con Csv, \u00e8 avviata in vista dei lavori di riqualificazione nel sito di via Palermo La Repubblica &#8211; 5 giugno 2024 &#8211; Ed. Parma Si chiama Circularity Market l\u2019appuntamento in programma sabato 8 &hellip;<\/p>","protected":false},"author":4,"featured_media":76674,"comment_status":"closed","ping_status":"closed","sticky":false,"template":"","format":"standard","meta":{"footnotes":""},"categories":[16],"tags":[],"class_list":["post-76669","post","type-post","status-publish","format-standard","has-post-thumbnail","hentry","category-primo-piano"],"amp_enabled":true,"_links":{"self":[{"href":"https:\/\/www.fedaiisf.it\/en\/wp-json\/wp\/v2\/posts\/76669","targetHints":{"allow":["GET"]}}],"collection":[{"href":"https:\/\/www.fedaiisf.it\/en\/wp-json\/wp\/v2\/posts"}],"about":[{"href":"https:\/\/www.fedaiisf.it\/en\/wp-json\/wp\/v2\/types\/post"}],"author":[{"embeddable":true,"href":"https:\/\/www.fedaiisf.it\/en\/wp-json\/wp\/v2\/users\/4"}],"replies":[{"embeddable":true,"href":"https:\/\/www.fedaiisf.it\/en\/wp-json\/wp\/v2\/comments?post=76669"}],"version-history":[{"count":3,"href":"https:\/\/www.fedaiisf.it\/en\/wp-json\/wp\/v2\/posts\/76669\/revisions"}],"predecessor-version":[{"id":76673,"href":"https:\/\/www.fedaiisf.it\/en\/wp-json\/wp\/v2\/posts\/76669\/revisions\/76673"}],"wp:featuredmedia":[{"embeddable":true,"href":"https:\/\/www.fedaiisf.it\/en\/wp-json\/wp\/v2\/media\/76674"}],"wp:attachment":[{"href":"https:\/\/www.fedaiisf.it\/en\/wp-json\/wp\/v2\/media?parent=76669"}],"wp:term":[{"taxonomy":"category","embeddable":true,"href":"https:\/\/www.fedaiisf.it\/en\/wp-json\/wp\/v2\/categories?post=76669"},{"taxonomy":"post_tag","embeddable":true,"href":"https:\/\/www.fedaiisf.it\/en\/wp-json\/wp\/v2\/tags?post=76669"}],"curies":[{"name":"wp","href":"https:\/\/api.w.org\/{rel}","templated":true}]}}