{"id":7671,"date":"2015-01-31T17:31:50","date_gmt":"2015-01-31T16:31:50","guid":{"rendered":"http:\/\/www.fedaiisf.it\/?p=7671"},"modified":"2015-01-31T17:53:06","modified_gmt":"2015-01-31T16:53:06","slug":"ecco-le-nuove-liberalizzazioni-taxisti-e-farmacie-gia-rivolta","status":"publish","type":"post","link":"https:\/\/www.fedaiisf.it\/en\/ecco-le-nuove-liberalizzazioni-taxisti-e-farmacie-gia-rivolta\/","title":{"rendered":"Here are the new liberalizations: taxi drivers and pharmacies already in revolt"},"content":{"rendered":"<p>Pronte le bozze del decreto che rivoluziona il mondo delle professioni e persino i parrucchieri. Previsti meno obblighi per il servizio Ncc<\/p>\n<p><a href=\"http:\/\/www.ilgiornale.it\/news\/politica\/ecco-nuove-liberalizzazioni-taxisti-e-farmacie-gi-rivolta-1088013.html\" target=\"_blank\" rel=\"noopener\">Antonio Signorini\u00a0&#8211;\u00a0Sab, 31\/01\/2015 &#8211; il Giornale.it<\/a><\/p>\n<p><img loading=\"lazy\" decoding=\"async\" class=\"alignleft\" alt=\"\" src=\"https:\/\/encrypted-tbn0.gstatic.com\/images?q=tbn:ANd9GcSaaDuZrnuby33D4B8qPkRIwtElyPD948K3taN1iRGmidVlCbjmUA\" width=\"308\" height=\"164\" \/>\u00c8 in arrivo una lenzuolata di liberalizzazioni, come in italia non se ne vedevano da tempo. Il ministro delle Attivit\u00e0 produttive le aveva annunciate alla fine del 2014 come il provvedimento di punta del dicastero per l&#8217;anno successivo.<\/p>\n<p>In questi giorni, mentre la politica \u00e8 distratta dall&#8217;elezione del presidente della Repubblica, si stanno mettendo a punto i testi. E se le bozze verranno confermate, non mancheranno proteste e pressioni da parte delle tante categorie interessate.<\/p>\n<p>Una versione preliminare \u00e8 stata pubblicata nei giorni scorsi da Formiche.net . Ed \u00e8 passata quasi inosservata, se si fa eccezione per le associazioni dei tassisti, particolarmente preoccupate per i contenuti.<\/p>\n<p><img loading=\"lazy\" decoding=\"async\" class=\"alignright\" alt=\"\" src=\"https:\/\/encrypted-tbn2.gstatic.com\/images?q=tbn:ANd9GcS74LhIPZLB99smX9Mj7G3ZdNoSMmPkZgtN0ceUTcb8GQz6nErFfA\" width=\"256\" height=\"192\" \/>In particolare vengono abrogate le norme approvate negli anni Novanta che limitavano l&#8217;operativit\u00e0 dei taxi e auto a noleggio con conducente nei comuni che hanno rilasciato l&#8217;autorizzazione. Abrogata anche un&#8217;altra norma che ai tempi della precedente lenzuolata di liberalizzazioni rappresent\u00f2 un compromesso, perch\u00e9 dava ai sindaci il potere di decidere come regolamentare l&#8217;accesso nel loro territorio a vetture con conducente autorizzate da altri comuni.<\/p>\n<p>Abrogato anche l&#8217;obbligo per le auto Ncc di ricevere prenotazioni solo presso l&#8217;autorimessa. Una misura che sembra ritagliata apposta per servizi tipo Uber, applicazioni che sostituiscono le prenotazioni via radio e telefono dei taxi tradizionali. Abrogato l&#8217;obbligo di avere una rimessa nel comune dove le auto con autista operano.<\/p>\n<p><img loading=\"lazy\" decoding=\"async\" class=\"alignleft\" alt=\"\" src=\"https:\/\/encrypted-tbn3.gstatic.com\/images?q=tbn:ANd9GcRE5He8EeFv5Ji3AjB40wyGq27fKnT7gmnqyWnpFUhFoi6fY7hC\" width=\"120\" height=\"120\" \/>Si tratta di una bozza che recepisce le indicazioni dell&#8217;Antitrust, scrive il sito Formiche .net. E fonti del ministero confermano. Tutto \u00e8 molto preliminare, deve passare per il vaglio del ministro e, soprattutto, per quello del presidente del Consiglio Matteo Renzi che, visto il clima politico, potrebbe ammorbidirne i contenuti. Anche perch\u00e9 le associazioni dei tassisti sono sul piede di guerra. Uritaxi, che con le sue proteste riusc\u00ec a bloccare i precedenti tentativi nei giorni scorsi, proprio sull&#8217;onda della pubblicazione della bozza, ha convocato un&#8217;assemblea il 3 febbraio sul piano.<\/p>\n<p>Sul piede di guerra anche le farmacie. Federfarma ha avviato un confronto con il governo e il ministro Guidi ha assicurato che i rilievi della categoria verranno presi in considerazione. La bozza d\u00e0 alle parafarmacie la possibilit\u00e0 di vendere in alcuni casi farmaci di fascia C. Quelli cio\u00e8, che non sono salvavita, ma per i quali \u00e8 comunque necessario il certificato medico. Poi viene aumentato il numero delle farmacie, abbassando il numero massimo di abitanti per consentire l&#8217;apertura, che passa da 3.300 a 1.500.<\/p>\n<p>Poi, sempre in ambito sanitario, un alleggerimento dei vincoli per i privati che vogliano aprire strutture non convenzionate con il Servizio sanitario nazionale. Lo strumento \u00e8 una limitazione dei piani sanitari regionali.<\/p>\n<p>Ce n&#8217;\u00e8 anche per l&#8217;avvocatura e per il notariato. Il numero e la residenza dei notai per ciascun distretto viene sempre determinato con decreto del ministro della Giustizia e l&#8217;indicazione dei 7.000 abitanti per ogni notaio, da limite massimo diventa limite minimo. Poi un corposo capitolo sulle assicurazioni.<\/p>\n<p>Il piano del governo tocca anche l&#8217;editoria e persino i parrucchieri, con un alleggerimento dei requisiti di formazione previsti dalla legge in vigore (900 ore di lezione invece di due anni e sei mesi di pratica invece di un anno) e l&#8217;introduzione della possibilit\u00e0 per un acconciatore di affittare una poltrona in un negozio di un altro, a patto che sia abilitato. Un assaggio di un&#8217;ulteriore liberalizzazione delle professioni che diventer\u00e0 prima o poi anche un tema europeo. Ma anche una sfida per Renzi, che dovr\u00e0 fare passare un piatto indigesto a molti interessi ben rappresentati nella sua maggioranza.<\/p>\n<p>Related news: <a href=\"http:\/\/www.ilgiornale.it\/news\/cronache\/cos-webfarmacia-sar-vera-1087985.html\" target=\"_blank\" rel=\"noopener\">\u00abCos\u00ec la webfarmacia sar\u00e0 come quella vera\u00bb<\/a><\/p>\n<p><a href=\"http:\/\/www.quotidianosanita.it\/lavoro-e-professioni\/articolo.php?articolo_id=25703\" target=\"_blank\" rel=\"noopener\">Liberalizzazioni farmacie. Fenagifar: \u201cSi continua a mercificare un sistema a discapito delle professionalit\u00e0\u201d<\/a><\/p>\n<p><a href=\"http:\/\/www.quotidianosanita.it\/lavoro-e-professioni\/articolo.php?articolo_id=25668\" target=\"_blank\" rel=\"noopener\">Liberalizzazioni. Il vero pericolo \u00e8 intaccare il diritto all\u2019assistenza farmaceutica<\/a><\/p>\n<p><a href=\"http:\/\/www.federfarma.it\/Edicola\/Ultime-notizie\/29-01-2015-02-26-23.aspx\" target=\"_blank\" rel=\"noopener\">Federfarma. Liberalizzazioni, Gianfrate: pi\u00f9 problemi che vantaggi<\/a><\/p>\n<p><a href=\"http:\/\/www.federfarma.it\/Edicola\/Ultime-notizie\/15-01-2015-00-17-42.aspx\" target=\"_blank\" rel=\"noopener\">Ddl concorrenza, Federfarma a colloquio con il ministro Guidi<\/a><\/p>\n<p><a href=\"http:\/\/www.quotidianosanita.it\/lavoro-e-professioni\/articolo.php?articolo_id=25301\" target=\"_blank\" rel=\"noopener\">Farmacie. Botta e risposta Mnlf-Federfarma sul tema delle liberalizzazioni<\/a><\/p>","protected":false},"excerpt":{"rendered":"<p>Pronte le bozze del decreto che rivoluziona il mondo delle professioni e persino i parrucchieri. Previsti meno obblighi per il servizio Ncc Antonio Signorini\u00a0&#8211;\u00a0Sab, 31\/01\/2015 &#8211; il Giornale.it \u00c8 in arrivo una lenzuolata di liberalizzazioni, come in italia non se ne vedevano da tempo. Il ministro delle Attivit\u00e0 produttive le aveva annunciate alla fine del &hellip;<\/p>","protected":false},"author":4,"featured_media":7116,"comment_status":"closed","ping_status":"closed","sticky":false,"template":"","format":"standard","meta":{"footnotes":""},"categories":[1],"tags":[41],"class_list":["post-7671","post","type-post","status-publish","format-standard","has-post-thumbnail","hentry","category-notizie","tag-leggisentenze"],"amp_enabled":true,"_links":{"self":[{"href":"https:\/\/www.fedaiisf.it\/en\/wp-json\/wp\/v2\/posts\/7671","targetHints":{"allow":["GET"]}}],"collection":[{"href":"https:\/\/www.fedaiisf.it\/en\/wp-json\/wp\/v2\/posts"}],"about":[{"href":"https:\/\/www.fedaiisf.it\/en\/wp-json\/wp\/v2\/types\/post"}],"author":[{"embeddable":true,"href":"https:\/\/www.fedaiisf.it\/en\/wp-json\/wp\/v2\/users\/4"}],"replies":[{"embeddable":true,"href":"https:\/\/www.fedaiisf.it\/en\/wp-json\/wp\/v2\/comments?post=7671"}],"version-history":[{"count":0,"href":"https:\/\/www.fedaiisf.it\/en\/wp-json\/wp\/v2\/posts\/7671\/revisions"}],"wp:featuredmedia":[{"embeddable":true,"href":"https:\/\/www.fedaiisf.it\/en\/wp-json\/wp\/v2\/media\/7116"}],"wp:attachment":[{"href":"https:\/\/www.fedaiisf.it\/en\/wp-json\/wp\/v2\/media?parent=7671"}],"wp:term":[{"taxonomy":"category","embeddable":true,"href":"https:\/\/www.fedaiisf.it\/en\/wp-json\/wp\/v2\/categories?post=7671"},{"taxonomy":"post_tag","embeddable":true,"href":"https:\/\/www.fedaiisf.it\/en\/wp-json\/wp\/v2\/tags?post=7671"}],"curies":[{"name":"wp","href":"https:\/\/api.w.org\/{rel}","templated":true}]}}