{"id":76756,"date":"2024-06-11T12:05:52","date_gmt":"2024-06-11T10:05:52","guid":{"rendered":"https:\/\/www.fedaiisf.it\/?p=76756"},"modified":"2024-06-11T12:12:10","modified_gmt":"2024-06-11T10:12:10","slug":"medicines-for-europe-una-legge-sui-farmaci-critici-nei-primi-100-giorni","status":"publish","type":"post","link":"https:\/\/www.fedaiisf.it\/en\/medicines-for-europe-una-legge-sui-farmaci-critici-nei-primi-100-giorni\/","title":{"rendered":"Medicines for Europe: \u00abUna legge sui farmaci critici nei primi 100 giorni\u00bb"},"content":{"rendered":"<p><strong><em>Le aziende dei farmaci fuori brevetto riunite a Dublino per la conferenza annuale sollecitano il via libera <img loading=\"lazy\" decoding=\"async\" class=\"size-full wp-image-76759 alignright\" src=\"https:\/\/www.fedaiisf.it\/wp-content\/uploads\/2024\/06\/elisabeth-stampa.png\" alt=\"\" width=\"223\" height=\"235\" srcset=\"https:\/\/www.fedaiisf.it\/wp-content\/uploads\/2024\/06\/elisabeth-stampa.png 223w, https:\/\/www.fedaiisf.it\/wp-content\/uploads\/2024\/06\/elisabeth-stampa-11x12.png 11w\" sizes=\"auto, (max-width: 223px) 100vw, 223px\" \/>alla Pharma Legislation<\/em><\/strong><\/p>\n<p><a href=\"https:\/\/www.egualia.it\/it\/notizie\/5420-medicines-for-europe-una-legge-sui-farmaci-critici-nei-primi-100-giorni.html\" target=\"_blank\" rel=\"noopener\">Egualia &#8211; 11 giugno 2024<\/a><\/p>\n<p><em>\u201cDurante le elezioni europee, i partiti politici si sono impegnati a migliorare l\u2019accesso ai farmaci, a sostenere l\u2019innovazione a prezzi accessibili e a rafforzare la sicurezza della produzione di farmaci e principi attivi (API) in Europa. Incoraggiamo fortemente la nuova leadership dell\u2019UE a dare priorit\u00e0 a una legge sui farmaci critici (Critical medicines Act) e all\u2019adozione della nuova legislazione farmaceutica nei primi 100 giorni in carica\u201d. <\/em><\/p>\n<p>Questo l\u2019auspicio di <strong>Elisabeth Stampa<\/strong>, president of <strong>Medicines for Europe<\/strong> &#8211; l\u2019associazione europea delle industrie dei farmaci generici, biosimilari e delle Value Added Medicines \u2013 che inaugura oggi la propria conferenza annuale a Dublino festeggiando anche i 30 anni dalla sua fondazione.<\/p>\n<p>Le aziende riunite a Dublino \u2013 che contano 190mila addetti in oltre 400 siti produttivi e 126 siti di ricerca in Europa e investono in ricerca e sviluppo fino al 17% del loro fatturato \u2013 forniscono il 70% dei farmaci essenziali in Europa, compresi i trattamenti per il cancro, le malattie autoimmuni, il diabete, le malattie cardiovascolari e molti altri. I farmaci equivalenti rappresentano oltre il 90% dell\u2019elenco dei farmaci considerati dall\u2019UE come critici in caso di carenze e pertanto da salvaguardare, posizionando l\u2019industria off patent come un fattore chiave per un sistema sanitario europeo forte e resiliente.<\/p>\n<p>La revisione della legislazione farmaceutica europea dovrebbe fornire soluzioni comuni per affrontare la carenza di farmaci, leggi pi\u00f9 chiare per consentire ai pazienti di accedere ai farmaci equivalenti e biosimilari dopo la scadenza del brevetto e tangibili incentivi per l\u2019innovazione accessibile offerta dalle <em>value added medicines<\/em> (VAM) e dal <em>repurposing<\/em> di molecole consolidate nella pratica clinica. Per garantire l\u2019approvvigionamento sicuro di medicinali, una futura legge europea sui farmaci critici dovrebbe incoraggiare maggiori investimenti nella produzione di medicinali essenziali e di principi attivi farmaceutici (API) e implementare criteri che privilegino la sicurezza dell\u2019approvvigionamento sia nelle gare di acquisto pubbliche che nelle altre politiche di prezzo e rimborso.<\/p>\n<p>La proposta di riforma della Pharma Legislation \u2013 la pi\u00f9 ampia degli ultimi 20 anni \u2013 dovr\u00e0 andare ora all\u2019esame del Consiglio, dopo aver passato il vaglio del precedente Parlamento Europeo lo scorso 10 aprile.<\/p>\n<p><em><img loading=\"lazy\" decoding=\"async\" class=\"wp-image-76761 alignleft\" src=\"https:\/\/www.fedaiisf.it\/wp-content\/uploads\/2024\/06\/revisione-europa.jpeg\" alt=\"\" width=\"274\" height=\"154\" srcset=\"https:\/\/www.fedaiisf.it\/wp-content\/uploads\/2024\/06\/revisione-europa.jpeg 1280w, https:\/\/www.fedaiisf.it\/wp-content\/uploads\/2024\/06\/revisione-europa-300x169.jpeg 300w, https:\/\/www.fedaiisf.it\/wp-content\/uploads\/2024\/06\/revisione-europa-1024x576.jpeg 1024w, https:\/\/www.fedaiisf.it\/wp-content\/uploads\/2024\/06\/revisione-europa-768x432.jpeg 768w, https:\/\/www.fedaiisf.it\/wp-content\/uploads\/2024\/06\/revisione-europa-18x10.jpeg 18w, https:\/\/www.fedaiisf.it\/wp-content\/uploads\/2024\/06\/revisione-europa-390x220.jpeg 390w\" sizes=\"auto, (max-width: 274px) 100vw, 274px\" \/>\u201cSiamo lieti di essere alla conferenza annuale europea di quest&#8217;anno per celebrare i successi di 30 anni di sforzi della nostra industria in Europa per garantire concorrenza e accesso nel settore farmaceutico<\/em> \u2013 commenta il <strong>Presidente di Egualia, Stefano Collatina<\/strong>, partecipando ai lavori della conferenza in corso a Dublino. <em>\u201cLe associazioni nazionali aderenti a Medicines for Europe rimangono concentrate per garantire che ogni paziente abbia accesso ai medicinali di cui ha bisogno quando ne ha bisogno. \u00c8 incoraggiante \u2013 <\/em>prosegue Collatina<em> \u2013 vedere una crescente penetrazione dei farmaci equivalenti in Europa, tuttavia diversi fattori stanno causando un ritardo del nostro Paese rispetto ai nostri omologhi europei, e questi devono essere affrontati al pi\u00f9 presto. Alcuni di questi risiedono nella normativa UE e nella sua applicazione. Per questo ci aspettiamo che le nuove istituzioni europee <\/em>\u2013 conclude Collatina &#8211;<em> promuovendo la concorrenza, riformando il quadro normativo dell&#8217;UE nel farmaceutico e indirizzando gli Stati Membri verso politiche di acquisto sostenibili, contribuiscano rapidamente all\u2019obiettivo di assicurare accesso e disponibilit\u00e0 dei medicinali essenziali in UE. Di fronte a sfide formidabili per la sanit\u00e0 in Italia ed in Europa, il ruolo di un&#8217;industria farmaceutica resiliente e sostenibile non pu\u00f2 essere ignorato\u201d.<\/em><\/p>\n<p>Related news: <a href=\"https:\/\/health.ec.europa.eu\/medicinal-products\/pharmaceutical-strategy-europe\/reform-eu-pharmaceutical-legislation_en\" target=\"_blank\" rel=\"noopener\">Reform of the EU pharmaceutical legislation<\/a><\/p>\n<p><a href=\"https:\/\/www.labottegadelbarbieri.org\/benvenuti-a-bruxelles-capitale-delle-lobby\/\" target=\"_blank\" rel=\"noopener\"><strong>Cos\u00ec le multinazionali condizionano le politiche UE.<\/strong><\/a><\/p>\n<p>&nbsp;<\/p>","protected":false},"excerpt":{"rendered":"<p>Le aziende dei farmaci fuori brevetto riunite a Dublino per la conferenza annuale sollecitano il via libera alla Pharma Legislation Egualia &#8211; 11 giugno 2024 \u201cDurante le elezioni europee, i partiti politici si sono impegnati a migliorare l\u2019accesso ai farmaci, a sostenere l\u2019innovazione a prezzi accessibili e a rafforzare la sicurezza della produzione di farmaci &hellip;<\/p>","protected":false},"author":4,"featured_media":76762,"comment_status":"closed","ping_status":"closed","sticky":false,"template":"","format":"standard","meta":{"footnotes":""},"categories":[1],"tags":[31],"class_list":["post-76756","post","type-post","status-publish","format-standard","has-post-thumbnail","hentry","category-notizie","tag-generici"],"amp_enabled":true,"_links":{"self":[{"href":"https:\/\/www.fedaiisf.it\/en\/wp-json\/wp\/v2\/posts\/76756","targetHints":{"allow":["GET"]}}],"collection":[{"href":"https:\/\/www.fedaiisf.it\/en\/wp-json\/wp\/v2\/posts"}],"about":[{"href":"https:\/\/www.fedaiisf.it\/en\/wp-json\/wp\/v2\/types\/post"}],"author":[{"embeddable":true,"href":"https:\/\/www.fedaiisf.it\/en\/wp-json\/wp\/v2\/users\/4"}],"replies":[{"embeddable":true,"href":"https:\/\/www.fedaiisf.it\/en\/wp-json\/wp\/v2\/comments?post=76756"}],"version-history":[{"count":5,"href":"https:\/\/www.fedaiisf.it\/en\/wp-json\/wp\/v2\/posts\/76756\/revisions"}],"predecessor-version":[{"id":76764,"href":"https:\/\/www.fedaiisf.it\/en\/wp-json\/wp\/v2\/posts\/76756\/revisions\/76764"}],"wp:featuredmedia":[{"embeddable":true,"href":"https:\/\/www.fedaiisf.it\/en\/wp-json\/wp\/v2\/media\/76762"}],"wp:attachment":[{"href":"https:\/\/www.fedaiisf.it\/en\/wp-json\/wp\/v2\/media?parent=76756"}],"wp:term":[{"taxonomy":"category","embeddable":true,"href":"https:\/\/www.fedaiisf.it\/en\/wp-json\/wp\/v2\/categories?post=76756"},{"taxonomy":"post_tag","embeddable":true,"href":"https:\/\/www.fedaiisf.it\/en\/wp-json\/wp\/v2\/tags?post=76756"}],"curies":[{"name":"wp","href":"https:\/\/api.w.org\/{rel}","templated":true}]}}