{"id":77006,"date":"2024-06-29T11:13:48","date_gmt":"2024-06-29T09:13:48","guid":{"rendered":"https:\/\/www.fedaiisf.it\/?p=77006"},"modified":"2024-06-29T17:40:03","modified_gmt":"2024-06-29T15:40:03","slug":"ci-ha-lasciato-lamberto-pavesi-storica-figura-aiisf-una-grave-perdita-per-lassociazione","status":"publish","type":"post","link":"https:\/\/www.fedaiisf.it\/en\/ci-ha-lasciato-lamberto-pavesi-storica-figura-aiisf-una-grave-perdita-per-lassociazione\/","title":{"rendered":"Ci ha lasciato Lamberto Pavesi. Storica figura AIISF, una grave perdita per l&#8217;Associazione e per tutti gli informatori"},"content":{"rendered":"<p style=\"font-weight: 400;\">Il 27 giugno, a Varese, Lamberto Pavesi si \u00e8 spento all&#8217;et\u00e0 di 77 anni, circondato dai suoi affetti pi\u00f9 cari. Non \u00e8 andato via ma vive nel cuore di chi lo ha amato e stimato.<\/p>\n<p style=\"font-weight: 400;\"><img loading=\"lazy\" decoding=\"async\" class=\"wp-image-77008 alignright\" src=\"https:\/\/www.fedaiisf.it\/wp-content\/uploads\/2024\/06\/Schermata-2024-06-29-alle-10.12.37.png\" alt=\"\" width=\"183\" height=\"234\" srcset=\"https:\/\/www.fedaiisf.it\/wp-content\/uploads\/2024\/06\/Schermata-2024-06-29-alle-10.12.37.png 292w, https:\/\/www.fedaiisf.it\/wp-content\/uploads\/2024\/06\/Schermata-2024-06-29-alle-10.12.37-235x300.png 235w, https:\/\/www.fedaiisf.it\/wp-content\/uploads\/2024\/06\/Schermata-2024-06-29-alle-10.12.37-9x12.png 9w\" sizes=\"auto, (max-width: 183px) 100vw, 183px\" \/>Lo annunciano in un necrologio su Varese News la moglie Maria Paola, i figli Irene e Riccardo insieme alla cognata Sara e ai nipotini Giulia, Tommaso e Francesco ed i parenti tutti.<\/p>\n<p style=\"font-weight: 400;\">La cerimonia funebre si svolger\u00e0 luned\u00ec 1 luglio alle ore 15:00 presso la Sala del Commiato del Tempio Crematorio nel Cimitero di Giubiano.<\/p>\n<p style=\"font-weight: 400;\">Presidente della Sezione di Varese e poi componente dell\u2019Esecutivo Nazionale AIISF dal 2004 con incarico della tesoreria nazionale e dei rapporti con le regioni Lombardia, Piemonte e Valle d\u2019Aosta. Durante il suo mandato nazionale ha vissuto un periodo cruciale per l\u2019informazione scientifica con l\u2019istituzione dei Regolamenti Regionali e nel 2006 la promulgazione del D.Lgs. 219<\/p>\n<p style=\"font-weight: 400;\">La sezione di Varese tutta ne vuole ricordare\u00a0 il grande valore e l&#8217;enorme impegno profuso nell&#8217;affermare\u00a0 l&#8217;importanza del lavoro dell&#8217;informatore scientifico.<\/p>\n<p style=\"font-weight: 400;\">Ci uniamo ai colleghi di Varese ricordando il suo rigore intellettuale e l\u2019appassionata difesa della categoria degli informatori scientifici.<\/p>\n<p style=\"font-weight: 400;\">Giungano ai familiare le nostre commosse condoglianze.<\/p>\n<p><img loading=\"lazy\" decoding=\"async\" class=\"wp-image-77015 aligncenter\" src=\"https:\/\/www.fedaiisf.it\/wp-content\/uploads\/2024\/06\/collage.png\" alt=\"\" width=\"388\" height=\"388\" srcset=\"https:\/\/www.fedaiisf.it\/wp-content\/uploads\/2024\/06\/collage.png 800w, https:\/\/www.fedaiisf.it\/wp-content\/uploads\/2024\/06\/collage-300x300.png 300w, https:\/\/www.fedaiisf.it\/wp-content\/uploads\/2024\/06\/collage-150x150.png 150w, https:\/\/www.fedaiisf.it\/wp-content\/uploads\/2024\/06\/collage-768x768.png 768w, https:\/\/www.fedaiisf.it\/wp-content\/uploads\/2024\/06\/collage-12x12.png 12w\" sizes=\"auto, (max-width: 388px) 100vw, 388px\" \/><\/p>","protected":false},"excerpt":{"rendered":"<p>Il 27 giugno, a Varese, Lamberto Pavesi si \u00e8 spento all&#8217;et\u00e0 di 77 anni, circondato dai suoi affetti pi\u00f9 cari. Non \u00e8 andato via ma vive nel cuore di chi lo ha amato e stimato. Lo annunciano in un necrologio su Varese News la moglie Maria Paola, i figli Irene e Riccardo insieme alla cognata &hellip;<\/p>","protected":false},"author":4,"featured_media":77012,"comment_status":"closed","ping_status":"closed","sticky":false,"template":"","format":"standard","meta":{"footnotes":""},"categories":[1],"tags":[45,23],"class_list":["post-77006","post","type-post","status-publish","format-standard","has-post-thumbnail","hentry","category-notizie","tag-fedaiisf","tag-informatore"],"amp_enabled":true,"_links":{"self":[{"href":"https:\/\/www.fedaiisf.it\/en\/wp-json\/wp\/v2\/posts\/77006","targetHints":{"allow":["GET"]}}],"collection":[{"href":"https:\/\/www.fedaiisf.it\/en\/wp-json\/wp\/v2\/posts"}],"about":[{"href":"https:\/\/www.fedaiisf.it\/en\/wp-json\/wp\/v2\/types\/post"}],"author":[{"embeddable":true,"href":"https:\/\/www.fedaiisf.it\/en\/wp-json\/wp\/v2\/users\/4"}],"replies":[{"embeddable":true,"href":"https:\/\/www.fedaiisf.it\/en\/wp-json\/wp\/v2\/comments?post=77006"}],"version-history":[{"count":7,"href":"https:\/\/www.fedaiisf.it\/en\/wp-json\/wp\/v2\/posts\/77006\/revisions"}],"predecessor-version":[{"id":77017,"href":"https:\/\/www.fedaiisf.it\/en\/wp-json\/wp\/v2\/posts\/77006\/revisions\/77017"}],"wp:featuredmedia":[{"embeddable":true,"href":"https:\/\/www.fedaiisf.it\/en\/wp-json\/wp\/v2\/media\/77012"}],"wp:attachment":[{"href":"https:\/\/www.fedaiisf.it\/en\/wp-json\/wp\/v2\/media?parent=77006"}],"wp:term":[{"taxonomy":"category","embeddable":true,"href":"https:\/\/www.fedaiisf.it\/en\/wp-json\/wp\/v2\/categories?post=77006"},{"taxonomy":"post_tag","embeddable":true,"href":"https:\/\/www.fedaiisf.it\/en\/wp-json\/wp\/v2\/tags?post=77006"}],"curies":[{"name":"wp","href":"https:\/\/api.w.org\/{rel}","templated":true}]}}