{"id":77042,"date":"2024-07-02T11:54:16","date_gmt":"2024-07-02T09:54:16","guid":{"rendered":"https:\/\/www.fedaiisf.it\/?p=77042"},"modified":"2024-07-17T19:06:47","modified_gmt":"2024-07-17T17:06:47","slug":"dipendenti-licenziate-in-procemsa-farmaceutici-la-storia-di-elisabetta-e-chiara-raccontata-ieri-in-municipio-a-nichelino-to","status":"publish","type":"post","link":"https:\/\/www.fedaiisf.it\/en\/dipendenti-licenziate-in-procemsa-farmaceutici-la-storia-di-elisabetta-e-chiara-raccontata-ieri-in-municipio-a-nichelino-to\/","title":{"rendered":"Dipendenti licenziate in Procemsa Farmaceutici, la storia di Elisabetta e Chiara raccontata ieri in municipio a Nichelino (TO)"},"content":{"rendered":"<h3 class=\"title\">NICHELINO &#8211; Dipendenti licenziate in Procemsa, la storia di Elisabetta e Chiara raccontata ieri in municipio<\/h3>\n<p>Le due donne hanno descritto come, dopo essere state convocate all&#8217;ufficio personale, sono state informate <img loading=\"lazy\" decoding=\"async\" class=\"wp-image-77045 alignright\" src=\"https:\/\/www.fedaiisf.it\/wp-content\/uploads\/2024\/07\/procemsa-controllo-qualita.png\" alt=\"\" width=\"441\" height=\"256\" srcset=\"https:\/\/www.fedaiisf.it\/wp-content\/uploads\/2024\/07\/procemsa-controllo-qualita.png 719w, https:\/\/www.fedaiisf.it\/wp-content\/uploads\/2024\/07\/procemsa-controllo-qualita-300x174.png 300w, https:\/\/www.fedaiisf.it\/wp-content\/uploads\/2024\/07\/procemsa-controllo-qualita-18x10.png 18w\" sizes=\"auto, (max-width: 441px) 100vw, 441px\" \/>del loro immediato licenziamento. Con il cuore pesante, hanno dovuto svuotare le loro scrivanie, lasciando i loro computer<\/p>\n<p><a href=\"https:\/\/www.torinosud.it\/cronaca\/nichelino-dipendenti-licenziate-in-procemsa-la-storia-di-elisabetta-e-chiara-raccontata-ieri-in-municipio-29505\" target=\"_blank\" rel=\"noopener\">Torino Sud &#8211; 2 luglio 2024<\/a><\/p>\n<p>Elisabetta P. e Chiara V. sono le dipendenti della Procemsa licenziate dalla sera alla mattina pochi giorni fa e per cui i sindacati hanno avviato azioni di protesta e scioperi. Il loro racconto \u00e8 stato reso pubblico durante un incontro in Comune a Nichelino ieri mattina, alla presenza del sindaco Giampiero Tolardo, dell&#8217;assessore al Lavoro Fiodor Verzola, della consigliera regionale Avs Valentina Cera e dei sindacati.<\/p>\n<p>Le due donne hanno descritto come, dopo essere state convocate all&#8217;ufficio personale, sono state informate della loro immediata sospensione. Con il cuore pesante, hanno dovuto svuotare subito le loro scrivanie, lasciando i loro computer dopo 30 anni di lavoro.\u00a0 Samuele Alletto, della Filctem-Cgil, ha definito la situazione &#8220;assurda&#8221;, sottolineando come le dipendenti siano state &#8220;idealmente defenestrate&#8221; senza alcuna possibilit\u00e0 di ricollocazione o di un incontro sindacale.<\/p>\n<p><img loading=\"lazy\" decoding=\"async\" class=\"wp-image-77050 alignleft\" src=\"https:\/\/www.fedaiisf.it\/wp-content\/uploads\/2024\/07\/presidio-procemsa-1.jpg\" alt=\"\" width=\"505\" height=\"284\" srcset=\"https:\/\/www.fedaiisf.it\/wp-content\/uploads\/2024\/07\/presidio-procemsa-1.jpg 800w, https:\/\/www.fedaiisf.it\/wp-content\/uploads\/2024\/07\/presidio-procemsa-1-300x169.jpg 300w, https:\/\/www.fedaiisf.it\/wp-content\/uploads\/2024\/07\/presidio-procemsa-1-768x432.jpg 768w, https:\/\/www.fedaiisf.it\/wp-content\/uploads\/2024\/07\/presidio-procemsa-1-18x10.jpg 18w, https:\/\/www.fedaiisf.it\/wp-content\/uploads\/2024\/07\/presidio-procemsa-1-390x220.jpg 390w\" sizes=\"auto, (max-width: 505px) 100vw, 505px\" \/>Le dipendenti hanno spiegato che la giustificazione data dall&#8217;azienda \u00e8 stata la cancellazione del loro settore, il controllo qualit\u00e0. Chiara V. ha espresso il suo shock per la situazione, affermando che &#8220;non ci sono mai state avvisaglie di un provvedimento simile. Avrei potuto essere ricollocata all&#8217;interno dell&#8217;azienda&#8221;. Elisabetta P. ha aggiunto che quando ha chiesto chi avrebbe svolto il suo lavoro in futuro, le \u00e8 stato risposto che sarebbe stata la sua responsabile.<\/p>\n<p>Il sindaco Giampiero Tolardo si \u00e8 detto &#8220;inorridito&#8221; dalla situazione e pronto a coinvolgere l&#8217;Unione Industriale per difendere i diritti dei dipendenti. Anche l&#8217;assessore al Lavoro, Fiodor Verzola, e la consigliera regionale Avs, Valentina Cera, hanno espresso la loro solidariet\u00e0 e disponibilit\u00e0 ad agire per evitare che altri licenziamenti seguano questa triste vicenda.<\/p>\n<hr \/>\n<p>Il Comunicato della Filctem<\/p>\n<h3 class=\"article-title\"><a title=\"Alla Procemsa Farmaceutici (TO) licenziate due lavoratrici, proclamate 8 ore di sciopero\" href=\"https:\/\/www.filctemcgil.it\/index.php\/notiziario\/news\/alla-procemsa-farmaceutici-to-licenziate-due-lavoratrici-proclamate-8-ore-di-sciopero\" target=\"_blank\" rel=\"noopener\">Alla Procemsa Farmaceutici (TO) licenziate due lavoratrici, proclamate 8 ore di sciopero<\/a><\/h3>\n<p>Lo scorso 24 giugno, la <strong>Procemsa Farmaceutici<\/strong> SPA, Societ\u00e0 Benefit con sede a Nichelino, ha licenziato 2 lavoratrici, assunte a tempo indeterminato. Una decisione presa dalla societ\u00e0\u00a0 \u201cInopinatamente e proditoriamente \u2013 spiega la Filctem Cgil di Torino in una nota -, senza alcuna interlocuzione preventiva con le lavoratrici e con la rappresentanza sindacale. Il motivo addotto per il licenziamento \u00e8 la soppressione del posto di lavoro\u201d.<\/p>\n<p>Filctem Cgil Torino<\/p>\n<p><img loading=\"lazy\" decoding=\"async\" class=\"wp-image-77047 alignright\" src=\"https:\/\/www.fedaiisf.it\/wp-content\/uploads\/2024\/07\/impegno-procemsa.png\" alt=\"\" width=\"432\" height=\"285\" srcset=\"https:\/\/www.fedaiisf.it\/wp-content\/uploads\/2024\/07\/impegno-procemsa.png 676w, https:\/\/www.fedaiisf.it\/wp-content\/uploads\/2024\/07\/impegno-procemsa-300x198.png 300w, https:\/\/www.fedaiisf.it\/wp-content\/uploads\/2024\/07\/impegno-procemsa-18x12.png 18w\" sizes=\"auto, (max-width: 432px) 100vw, 432px\" \/>\u201cCome prima reazione \u2013 prosegue la nota &#8211; a questo atto aziendale <strong>abbiamo dichiarato congiuntamente con la RSU un pacchetto di 8 ore di sciopero<\/strong>.\u00a0 Tuteleremo in tutte le sedi le lavoratrici che ci daranno mandato qualora l\u2019azienda non ritornasse sui propri passi. \u00a0I lavoratori non sono una merce ma esseri umani che per vivere debbono lavorare. Chiediamo per loro dignit\u00e0 e rispetto, quello vero.<\/p>\n<p>\u201c\u00c8 inaccettabile\u00a0 &#8211; continua &#8211; che non ci sia stato il bench\u00e9 minimo tentativo di trovare una diversa collocazione alle lavoratrici. Nel sito di <strong>Investindustrial<\/strong>, il fondo proprietario al 70% dell\u2019azienda, \u00e8 scritto: <em>rispettare l\u2019ambiente in cui operiamo e le persone con cui abbiamo un impatto \u00e8 molto pi\u00f9 che semplicemente essere un buon cittadino aziendale, \u00e8 fondamentale per gestire aziende di eccellenza<\/em>.<\/p>\n<p>Nel sito di <strong>Farmaceutici\u00a0 Procemsa, nel <a href=\"https:\/\/www.procemsa.it\/wp-content\/uploads\/2020\/06\/codice-etico.pdf\" target=\"_blank\" rel=\"noopener\">codice etico<\/a>,<\/strong> si legge: o<em>gnuno deve essere considerato come un individuo e trattato con dignit\u00e0. Il posto di lavoro deve dare un senso di sicurezza.\u00a0 Le persone sono il principale e fondamentale punto di riferimento di tutte le attivit\u00e0 aziendali. Le persone che lavorano in azienda sono la nostra risorsa principale. Coerenza, trasparenza e rispetto devono essere alla base di ogni decisione e comportamento in un ambiente di fiducia reciproca.\u00a0 Perch\u00e9 il Codice etico \u00e8 cos\u00ec importante? Rappresenta il punto di riferimento per chi lavora in Procemsa.\u00a0 Esprime quello che l&#8217;azienda rappresenta, cosa intende raggiungere e come intende farlo. E&#8217; la carta dei valori in base a cui vengono prese tutte le decisioni aziendali &#8211; Il nostro successo sar\u00e0 duraturo solo se ci assumiamo le nostre responsabilit\u00e0 sociali<\/em><em>\u201d<\/em>: conclude. Procemsa \u00e8 un\u2019azienda con circa 140 dipendenti diretti e circa 50 tra lavoratori somministrati e staff leasing.<\/p>\n<p><a href=\"https:\/\/www.facebook.com\/watch\/?v=2153595165012518\" target=\"_blank\" rel=\"noopener\">Video<\/a><\/p>\n<p>Note: <em>Procemsa, che ora fa parte di un Fondo americano ed \u00e8 collegata ad altre realt\u00e0 italiane ed europee, aveva strutturato pochi mesi fa per fare fronte agli ordini e commesse. <span class=\"darkgrey medium text-transform-none\">Sviluppa e produce Integratori Alimentari, Dispositivi Medici e Cosmetici, <\/span><span class=\"medium text-transform-none\">per conto terzi, in tutte le forme solide e liquide.<\/span><\/em><\/p>\n<p>&nbsp;<\/p>\n<p>Related news: <em>La multinazionale farmaceutica <strong>Ice-Pharma<\/strong> di Reggio Emilia, fondata nel 1949 dalla famiglia Bartoli e ceduta nel 2019 al fondo di investimento statunitense Advent International, ha annunciato il 25 giugno la chiusura del centro di ricerca e sviluppo, licenziando i suoi quattro dipendenti. Immediata la reazione di sindacato e personale (48 addetti), con sciopero e presidio davanti ai cancelli. \u201cSono stati licenziati senza preavviso\u201d, commenta la Filctem Cgil: \u201cSi fanno pagare strategie aziendali sbagliate ai lavoratori, una decisione inaccettabile\u201d.<\/em><\/p>","protected":false},"excerpt":{"rendered":"<p>NICHELINO &#8211; Dipendenti licenziate in Procemsa, la storia di Elisabetta e Chiara raccontata ieri in municipio Le due donne hanno descritto come, dopo essere state convocate all&#8217;ufficio personale, sono state informate del loro immediato licenziamento. Con il cuore pesante, hanno dovuto svuotare le loro scrivanie, lasciando i loro computer Torino Sud &#8211; 2 luglio 2024 &hellip;<\/p>","protected":false},"author":4,"featured_media":77048,"comment_status":"closed","ping_status":"closed","sticky":false,"template":"","format":"standard","meta":{"footnotes":""},"categories":[16],"tags":[27,44],"class_list":["post-77042","post","type-post","status-publish","format-standard","has-post-thumbnail","hentry","category-primo-piano","tag-licenziati","tag-sindacati"],"amp_enabled":true,"_links":{"self":[{"href":"https:\/\/www.fedaiisf.it\/en\/wp-json\/wp\/v2\/posts\/77042","targetHints":{"allow":["GET"]}}],"collection":[{"href":"https:\/\/www.fedaiisf.it\/en\/wp-json\/wp\/v2\/posts"}],"about":[{"href":"https:\/\/www.fedaiisf.it\/en\/wp-json\/wp\/v2\/types\/post"}],"author":[{"embeddable":true,"href":"https:\/\/www.fedaiisf.it\/en\/wp-json\/wp\/v2\/users\/4"}],"replies":[{"embeddable":true,"href":"https:\/\/www.fedaiisf.it\/en\/wp-json\/wp\/v2\/comments?post=77042"}],"version-history":[{"count":9,"href":"https:\/\/www.fedaiisf.it\/en\/wp-json\/wp\/v2\/posts\/77042\/revisions"}],"predecessor-version":[{"id":77851,"href":"https:\/\/www.fedaiisf.it\/en\/wp-json\/wp\/v2\/posts\/77042\/revisions\/77851"}],"wp:featuredmedia":[{"embeddable":true,"href":"https:\/\/www.fedaiisf.it\/en\/wp-json\/wp\/v2\/media\/77048"}],"wp:attachment":[{"href":"https:\/\/www.fedaiisf.it\/en\/wp-json\/wp\/v2\/media?parent=77042"}],"wp:term":[{"taxonomy":"category","embeddable":true,"href":"https:\/\/www.fedaiisf.it\/en\/wp-json\/wp\/v2\/categories?post=77042"},{"taxonomy":"post_tag","embeddable":true,"href":"https:\/\/www.fedaiisf.it\/en\/wp-json\/wp\/v2\/tags?post=77042"}],"curies":[{"name":"wp","href":"https:\/\/api.w.org\/{rel}","templated":true}]}}