{"id":77089,"date":"2024-07-05T17:48:32","date_gmt":"2024-07-05T15:48:32","guid":{"rendered":"https:\/\/www.fedaiisf.it\/?p=77089"},"modified":"2024-07-05T17:50:03","modified_gmt":"2024-07-05T15:50:03","slug":"confconsumatori-famiglia-e-sovraindebitamento-incontro-online-l11-luglio","status":"publish","type":"post","link":"https:\/\/www.fedaiisf.it\/en\/confconsumatori-famiglia-e-sovraindebitamento-incontro-online-l11-luglio\/","title":{"rendered":"Confconsumatori. Famiglia e sovraindebitamento: incontro online l\u201911 luglio"},"content":{"rendered":"<p>We receive and publish<\/p>\n<p><strong><span style=\"font-size: 14pt;\">Confconsumatori organizza, con il supporto di FEDuF, un webinar per riflettere sulle conseguenze socioeconomiche del fenomeno<\/span><\/strong><\/p>\n<p align=\"justify\"><img loading=\"lazy\" decoding=\"async\" class=\"wp-image-77092 alignright\" src=\"https:\/\/www.fedaiisf.it\/wp-content\/uploads\/2024\/07\/locandina-conf-indebitamento.png\" alt=\"\" width=\"434\" height=\"609\" srcset=\"https:\/\/www.fedaiisf.it\/wp-content\/uploads\/2024\/07\/locandina-conf-indebitamento.png 686w, https:\/\/www.fedaiisf.it\/wp-content\/uploads\/2024\/07\/locandina-conf-indebitamento-214x300.png 214w, https:\/\/www.fedaiisf.it\/wp-content\/uploads\/2024\/07\/locandina-conf-indebitamento-9x12.png 9w\" sizes=\"auto, (max-width: 434px) 100vw, 434px\" \/>\u00c8 molto comune, per le famiglie italiane, contrarre debiti \u2013 come mutui e finanziamenti \u2013 per fare fronte alle proprie esigenze di vita. A volte, per\u00f2, accade che il peso di questi debiti diventi insostenibile, al punto da spingere le persone in una condizione di sovraindebitamento in cui saldare le spese risulta impossibile.<\/p>\n<p>The next <b>gioved\u00ec 11 luglio<\/b>, a partire dalle <b>ore 17<\/b>, si terr\u00e0 il webinar intitolato \u201c<b>Famiglia e sovraindebitamento. I riflessi socioeconomici del fenomeno<\/b>\u201d. Durante l\u2019incontro, organizzato da Confconsumatori con il coinvolgimento di FEduF, diversi esperti si confronteranno per discutere delle soluzioni a un problema che coinvolge un numero crescente di cittadini.<\/p>\n<p>In particolare, la partecipazione dell\u2019Ordine degli Assistenti Sociali della Regione Sicilia consentir\u00e0 di ascoltare la testimonianza diretta di chi lavora ogni giorno sul territorio al fianco delle persone che stanno affrontando la crisi da sovraindebitamento.<\/p>\n<p>Ci\u00f2 che emerger\u00e0 con chiarezza \u00e8 che le strategie per superare questa condizione di difficolt\u00e0 esistono, ma che l\u2019educazione finanziaria rappresenta uno strumento fondamentale per fare prevenzione e tutelarsi. Verranno inoltre segnalate le opportunit\u00e0 e le strade offerte dal nuovo Codice della crisi per risolvere le situazioni gi\u00e0 compromesse.<\/p>\n<p><b>L\u2019INCONTRO<\/b>\u00a0\u2013 Dopo i saluti del presidente di Confconsumatori, <b>Mark Festelli<\/b>, e della Consigliera Tesoriere Ordine Assistenti Sociali della Regione Sicilia <b>Grazia Giannetto<\/b>, seguir\u00e0 l\u2019introduzione di <b>Luca Lauricella<\/b>, docente in materia di sovraindebitamento presso la Camera di Commercio e l\u2019Ordine dei Commercialisti di Pisa. Interverranno poi <b>Carmen Agnello<\/b>, responsabile nazionale settore Sociosanitario di Confconsumatori e <b>Luca Fedele<\/b>, direttore commerciale di Rimedia.<\/p>\n<p>Si terr\u00e0 infine l\u2019approfondimento intitolato \u201c<i>La relazione tra la cura della persona e della famiglia e la cura dei denari<\/i>\u201d, con le relazioni di <b>Valentina Panna<\/b>, responsabile Comunicazione web e Progetti Terzo settore FEduF, e <b>Adriana Ferruccio<\/b>, rappresentante delegata dell\u2019Ordine degli Assistenti Sociali della Regione Sicilia. Le conclusioni saranno affidate ad <b>Antonio Pinto<\/b>, responsabile nazionale settore Prodotti bancari e assicurativi di Confconsumatori.<\/p>\n<p><b>PER PARTECIPARE<\/b>\u00a0\u2013 \u00c8 possibile partecipare all\u2019incontro, gratuito e rivolto ai professionisti e alla cittadinanza, attraverso il link: <u><a id=\"m_-3078288717485889302OWA4cf2388a-f117-cc51-17ad-2f22553d56f8\" href=\"https:\/\/us06web.zoom.us\/webinar\/register\/WN_MEs5zhOdRjK4ZKaqdgCZvg\" target=\"_blank\" rel=\"noopener\" data-saferedirecturl=\"https:\/\/www.google.com\/url?q=https:\/\/us06web.zoom.us\/webinar\/register\/WN_MEs5zhOdRjK4ZKaqdgCZvg&amp;source=gmail&amp;ust=1720274418667000&amp;usg=AOvVaw3Ii4Ww-OIIjOwHC_P6WU9m\">https:\/\/us06web.zoom.us\/<wbr \/>webinar\/register\/WN_<wbr \/>MEs5zhOdRjK4ZKaqdgCZvg<\/a><\/u><\/p>\n<p><b>FORMAZIONE<\/b>\u00a0\u2013\u00a0Il webinar, che ha ottenuto il patrocinio\u00a0dell\u2019Ordine\u00a0degli Assistenti Sociali della Regione Sicilia\u00a0e che ha richiesto il patrocinio morale del Consiglio Nazionale Forense,\u00a0rappresenter\u00e0 infatti un momento formativo significativo per le figure professionali impegnate attivamente nel contrasto al fenomeno del sovraindebitamento.<\/p>\n<p><b>THE PROJECT<\/b>\u00a0\u2013 L\u2019incontro \u00e8 realizzato nell\u2019ambito di \u201c<u><a id=\"m_-3078288717485889302OWA8218b566-e626-ca93-0325-643565eef32d\" href=\"https:\/\/us06web.zoom.us\/webinar\/register\/WN_MEs5zhOdRjK4ZKaqdgCZvg\" target=\"_blank\" rel=\"noopener\" data-saferedirecturl=\"https:\/\/www.google.com\/url?q=https:\/\/www.confconsumatori.it\/category\/generazionef-generiamo-futuro\/&amp;source=gmail&amp;ust=1720274418667000&amp;usg=AOvVaw1QMhHMYOxaK7GZsKWQD7mz\">Generazione F \u2013 Generiamo Futuro<\/a><\/u>\u201d, un progetto di Confconsumatori finanziato dal MIMIT (D.M. 6\/5\/2022 art. 5). Per maggiori informazioni \u00e8 possibile visitare il sito <a href=\"https:\/\/us06web.zoom.us\/webinar\/register\/WN_MEs5zhOdRjK4ZKaqdgCZvg\" target=\"_blank\" rel=\"noopener\" data-saferedirecturl=\"https:\/\/www.google.com\/url?q=http:\/\/www.confconsumatori.it&amp;source=gmail&amp;ust=1720274418667000&amp;usg=AOvVaw2BsMa3YYW9-cBXe9pTmsBL\">www.confconsumatori.it<\/a> nella sezione dedicata.<\/p>","protected":false},"excerpt":{"rendered":"<p>Riceviamo e pubblichiamo Confconsumatori organizza, con il supporto di FEDuF, un webinar per riflettere sulle conseguenze socioeconomiche del fenomeno \u00c8 molto comune, per le famiglie italiane, contrarre debiti \u2013 come mutui e finanziamenti \u2013 per fare fronte alle proprie esigenze di vita. A volte, per\u00f2, accade che il peso di questi debiti diventi insostenibile, al &hellip;<\/p>","protected":false},"author":4,"featured_media":77093,"comment_status":"closed","ping_status":"closed","sticky":false,"template":"","format":"standard","meta":{"footnotes":""},"categories":[1],"tags":[227],"class_list":["post-77089","post","type-post","status-publish","format-standard","has-post-thumbnail","hentry","category-notizie","tag-comunicato"],"amp_enabled":true,"_links":{"self":[{"href":"https:\/\/www.fedaiisf.it\/en\/wp-json\/wp\/v2\/posts\/77089","targetHints":{"allow":["GET"]}}],"collection":[{"href":"https:\/\/www.fedaiisf.it\/en\/wp-json\/wp\/v2\/posts"}],"about":[{"href":"https:\/\/www.fedaiisf.it\/en\/wp-json\/wp\/v2\/types\/post"}],"author":[{"embeddable":true,"href":"https:\/\/www.fedaiisf.it\/en\/wp-json\/wp\/v2\/users\/4"}],"replies":[{"embeddable":true,"href":"https:\/\/www.fedaiisf.it\/en\/wp-json\/wp\/v2\/comments?post=77089"}],"version-history":[{"count":4,"href":"https:\/\/www.fedaiisf.it\/en\/wp-json\/wp\/v2\/posts\/77089\/revisions"}],"predecessor-version":[{"id":77095,"href":"https:\/\/www.fedaiisf.it\/en\/wp-json\/wp\/v2\/posts\/77089\/revisions\/77095"}],"wp:featuredmedia":[{"embeddable":true,"href":"https:\/\/www.fedaiisf.it\/en\/wp-json\/wp\/v2\/media\/77093"}],"wp:attachment":[{"href":"https:\/\/www.fedaiisf.it\/en\/wp-json\/wp\/v2\/media?parent=77089"}],"wp:term":[{"taxonomy":"category","embeddable":true,"href":"https:\/\/www.fedaiisf.it\/en\/wp-json\/wp\/v2\/categories?post=77089"},{"taxonomy":"post_tag","embeddable":true,"href":"https:\/\/www.fedaiisf.it\/en\/wp-json\/wp\/v2\/tags?post=77089"}],"curies":[{"name":"wp","href":"https:\/\/api.w.org\/{rel}","templated":true}]}}