{"id":77096,"date":"2024-07-05T18:42:22","date_gmt":"2024-07-05T16:42:22","guid":{"rendered":"https:\/\/www.fedaiisf.it\/?p=77096"},"modified":"2024-07-17T19:02:57","modified_gmt":"2024-07-17T17:02:57","slug":"assemblea-annuale-di-farmindustria","status":"publish","type":"post","link":"https:\/\/www.fedaiisf.it\/en\/assemblea-annuale-di-farmindustria\/","title":{"rendered":"Assemblea annuale di Farmindustria"},"content":{"rendered":"<p>\u201cAttrarre investimenti e offrire innovazione deve diventare il must delle politiche dell\u2019Unione europea e <img loading=\"lazy\" decoding=\"async\" class=\"wp-image-77097 alignright\" src=\"https:\/\/www.fedaiisf.it\/wp-content\/uploads\/2024\/07\/Schermata-2024-07-05-alle-17.52.55.png\" alt=\"\" width=\"426\" height=\"225\" srcset=\"https:\/\/www.fedaiisf.it\/wp-content\/uploads\/2024\/07\/Schermata-2024-07-05-alle-17.52.55.png 721w, https:\/\/www.fedaiisf.it\/wp-content\/uploads\/2024\/07\/Schermata-2024-07-05-alle-17.52.55-300x159.png 300w, https:\/\/www.fedaiisf.it\/wp-content\/uploads\/2024\/07\/Schermata-2024-07-05-alle-17.52.55-18x10.png 18w\" sizes=\"auto, (max-width: 426px) 100vw, 426px\" \/>dell\u2019Italia\u201d.<\/p>\n<p><a href=\"https:\/\/www.thewatcherpost.it\/economia\/farmindustria-primi-al-mondo-per-export-ma-serve-governance-moderna\/\" target=\"_blank\" rel=\"noopener\"><strong>The Watcher Post <\/strong>&#8211; 4 luglio 2024<\/a><\/p>\n<p>Cos\u00ec, <strong>Marcello Cattani <\/strong>appena confermato <strong>alla presidenza dell\u2019Associazione delle imprese del farmaco<\/strong> va dritto al punto, avviando i lavori dell\u2019assemblea annuale di <strong><a href=\"https:\/\/www.farmindustria.it\/\" data-cmp-ab=\"2\" target=\"_blank\" rel=\"noopener\">Farm industry<\/a><\/strong>. Soprattutto, ed \u00e8 il focus dell\u2019assemblea a partire dal claim scelto, per \u201cgovernare il cambiamento\u201d occorre fare nostra una \u201cvisione globale\u201d: perch\u00e9 \u201c<strong>da soli si perde, insieme si vince<\/strong>\u201d.<\/p>\n<p>E sono numerosi i <strong>ministri intervenuti <\/strong>\u2013 in presenza o mandando videomessaggi \u2013 all\u2019Auditorium della Conciliazione, stamane. Ciascuno, dal proprio angolo visuale, ha parlato di competitivit\u00e0 globale e strategia europea: Antonio Tajani, Orazio Schillaci, Anna Maria Bernini, Adolfo Urso e Francesco Lollobrigida.<\/p>\n<p>Ma prima, un po\u2019 di <strong>cifre<\/strong> che danno un\u2019idea della sfida \u2013 enorme \u2013 in cui l\u2019industria farmaceutica italiana \u00e8 ingaggiata sullo scacchiere europeo. Le ha date il presidente Cattani.<\/p>\n<p><strong>L\u2019export farmaceutico brilla<\/strong><br \/>\n\u00c8 l\u2019export che traina la produzione e fa registrare record su record.\u00a0<strong>Medicines<\/strong>\u00a0And\u00a0<strong>vaccines<\/strong>\u00a0sono il secondo settore made in Italy per saldo estero, <strong>17 miliardi di euro nel 2023<\/strong>.<\/p>\n<p><img loading=\"lazy\" decoding=\"async\" class=\"wp-image-77098 alignleft\" src=\"https:\/\/www.fedaiisf.it\/wp-content\/uploads\/2024\/07\/export-farmindustria.png\" alt=\"\" width=\"208\" height=\"350\" srcset=\"https:\/\/www.fedaiisf.it\/wp-content\/uploads\/2024\/07\/export-farmindustria.png 315w, https:\/\/www.fedaiisf.it\/wp-content\/uploads\/2024\/07\/export-farmindustria-178x300.png 178w, https:\/\/www.fedaiisf.it\/wp-content\/uploads\/2024\/07\/export-farmindustria-7x12.png 7w\" sizes=\"auto, (max-width: 208px) 100vw, 208px\" \/>La quota dell\u2019<strong>export farmaceutico<\/strong>\u00a0sul totale manifatturiero \u00e8 passata dal 3,8% all\u20198,3% in 20 anni. La nostra industria conferma di essere un\u00a0<strong>settore hi-tech strategico<\/strong>\u00a0per la Nazione. La produzione ha toccato i 52 miliardi di euro nel 2023 e oltre 49 di export, nonostante le difficolt\u00e0 causate dall\u2019aumento dei costi del 30% rispetto al 2021. Gli investimenti sul territorio 3,6 miliardi, di cui 2 in R&amp;S. Gli addetti sono 70.000 (+2% nel 2023 e +9% in 5 anni), con un incremento di quasi il 20% di under 35 negli ultimi 5 anni, e con un\u2019elevata presenza di donne, il 45% del totale. Industria che ha un welfare aziendale all\u2019avanguardia ed \u00e8 il primo settore tra quelli manifatturieri, secondo Istat, per competitivit\u00e0, con il pi\u00f9 alto valore aggiunto per addetto, parametro di produttivit\u00e0 per cui siamo migliori degli altri Big UE.<\/p>\n<p><strong>La prospettiva\u00a0One Health<br \/>\n<\/strong>Cure \u201cdisegnate\u201d sui singoli pazienti con tecnologie all\u2019avanguardia, sottolinea il presidente di Farmindustria, \u201carriveranno nei prossimi anni per trattare molte malattie e correggere difetti del genoma, in una prospettiva\u00a0<strong>One Health<\/strong>\u00a0<strong>di rispetto della salute delle persone e del pianeta<\/strong>. A inizio 2024 \u00e8 stato raggiunto un record storico, per i farmaci in sviluppo nel mondo, 23.000, con investimenti in R&amp;S da parte delle imprese farmaceutiche di oltre 1.700 miliardi di dollari tra il 2023 e il 2028. Ma la competizione globale corre sempre di pi\u00f9. \u201cEcco perch\u00e9 essere veloci, attrarre investimenti e offrire innovazione deve diventare il must delle politiche dell\u2019Unione Europea e dell\u2019Italia. Non possiamo avere una realt\u00e0 a due velocit\u00e0: un mondo che cambia rapidissimamente e assetti decisionali e regolatori fermi a venti anni fa\u201d, ha commentato <strong>Marcello Cattani<\/strong>.<\/p>\n<p><strong>Rivedere le regole sulla propriet\u00e0 intellettuale<\/strong><br \/>\nBisogna poi avere il coraggio di rivedere completamente la\u00a0<strong>proposta di revisione della legislazione farmaceutica<\/strong>\u00a0che indebolisce la propriet\u00e0 intellettuale. Proprio mentre USA, Cina, Singapore, Emirati Arabi, Arabia Saudita mettono in campo politiche per rafforzare la propria struttura industriale. Basti pensare che il gap di investimenti in R&amp;S tra UE e USA \u00e8 passato in 20 anni da 2 miliardi di dollari a 25. Con il 60% dei nuovi lanci di medicinali che avviene negli USA mentre in UE \u00e8 meno del 30%\u201d.<\/p>\n<p><strong><img loading=\"lazy\" decoding=\"async\" class=\"wp-image-77099 alignleft\" src=\"https:\/\/www.fedaiisf.it\/wp-content\/uploads\/2024\/07\/gap-cina-ue.png\" alt=\"\" width=\"451\" height=\"203\" srcset=\"https:\/\/www.fedaiisf.it\/wp-content\/uploads\/2024\/07\/gap-cina-ue.png 1299w, https:\/\/www.fedaiisf.it\/wp-content\/uploads\/2024\/07\/gap-cina-ue-300x135.png 300w, https:\/\/www.fedaiisf.it\/wp-content\/uploads\/2024\/07\/gap-cina-ue-1024x461.png 1024w, https:\/\/www.fedaiisf.it\/wp-content\/uploads\/2024\/07\/gap-cina-ue-768x346.png 768w, https:\/\/www.fedaiisf.it\/wp-content\/uploads\/2024\/07\/gap-cina-ue-18x8.png 18w\" sizes=\"auto, (max-width: 451px) 100vw, 451px\" \/>Il gigante cinese<\/strong><br \/>\n<strong>La Cina nel 2023 ha superato l\u2019Europa<\/strong> come area di origine di nuovi farmaci: su 90 molecole a livello globale 28 arrivano dagli Usa, 25 dalla Cina, 17 dall\u2019UE. Cina che in R&amp;S cresce a ritmi 3 volte superiori a quelli del nostro Continente. Non bisogna perdere ulteriore terreno con scelte sbagliate che penalizzano l\u2019attrattivit\u00e0 e ci espongono a dipendenze strategiche. Si consideri che gi\u00e0 oggi il 74% dei principi attivi di uso pi\u00f9 consolidato dipende infatti da produzioni in Cina o in India cos\u00ec come il 60% dell\u2019alluminio, materia prima fondamentale per le nostre imprese.<strong> E Cattani ammonisce: \u201cRecuperare competitivit\u00e0 significa cambiare in fretta la rotta e la prospettiva<\/strong>: <strong>la salute deve diventare prioritaria<\/strong> ed essere considerata un investimento che genera anche risparmi sociali ed economici evitando altri costi. E l\u2019industria farmaceutica deve essere percepita come un\u2019alleata su cui contare perch\u00e9 trasforma le conquiste scientifiche in cure per i cittadini\u201d.<\/p>\n<p><strong>Tajani, l\u2019Italia ha molto da dare in Ue nel settore farmaceutico<\/strong><br \/>\n\u201cNoi abbiamo molto da dare e molto da dire in Europa nel settore farmaceutico, che \u00e8 un <strong>fiore all\u2019occhiello della nostra produzione industriale<\/strong>\u201c. Lo ha sottolineato il vicepremier e ministro degli Esteri <strong>Antonio<\/strong>\u00a0<strong>Tajani<\/strong> <img loading=\"lazy\" decoding=\"async\" class=\"wp-image-77105 alignleft\" src=\"https:\/\/www.fedaiisf.it\/wp-content\/uploads\/2024\/07\/occupazione.png\" alt=\"\" width=\"351\" height=\"251\" srcset=\"https:\/\/www.fedaiisf.it\/wp-content\/uploads\/2024\/07\/occupazione.png 734w, https:\/\/www.fedaiisf.it\/wp-content\/uploads\/2024\/07\/occupazione-300x215.png 300w, https:\/\/www.fedaiisf.it\/wp-content\/uploads\/2024\/07\/occupazione-18x12.png 18w\" sizes=\"auto, (max-width: 351px) 100vw, 351px\" \/>intervenendo all\u2019Assemblea di\u00a0Farmindustria. \u201cEuropa s\u00ec, ma bisogna avere delle regole che non penalizzino il nostro saper fare, il fatto che noi siamo anche la seconda manifattura in Europa\u201d, ha aggiunto il titolare della Farnesina, che ha quindi ha rimarcato: \u201cS\u00ec all\u2019Europa, s\u00ec alla difesa della propriet\u00e0 intellettuale, bene il tribunale dei brevetti a Milano, bene una visione complessiva che per\u00f2 abbia a livello europeo una politica industriale che si faccia carico anche del saper fare italiano\u201d.<\/p>\n<p>E sul cammino della <strong>revisione della legislazione farmaceutica <\/strong>varata dalla Commissione Ue, il ministro degli Esteri e cooperazione internazionale ha detto ai giornalisti, \u201cvedremo con il nuovo parlamento e la nuova Commissione, <strong>dobbiamo tutelare la salute e le imprese<\/strong>, fare in modo che ci sia sempre grande equilibrio. La nuova Commissione comincer\u00e0 a lavorare poco prima della fine dell\u2019anno, quindi c\u2019\u00e8 tempo per il nuovo parlamento che si insidier\u00e0 a luglio. Vediamo quando inizieranno le commissioni e ci sar\u00e0 una sulla sanit\u00e0. \u00c8 ancora presto per vedere quello che si potr\u00e0 e si dovr\u00e0 fare\u201d.<\/p>\n<p><strong>Schillaci, la riforma dell\u2019Aifa sta funzionando<\/strong><br \/>\n\u201cLe novit\u00e0 farmaceutiche devono arrivare in tempi rapidi e devo essere rese accessibili velocemente indipendentemente da dove si vive e da quanto si guadagna\u201d, cos\u00ec il ministro della Salute Orazio\u00a0<strong>Schillaci che ha aggiunto: \u201cNon possono esserci differenze tra Nord e Sud<\/strong>, questo \u00e8 un nostro punto debole e chiedo sempre la collaborazione delle regioni. Devo dire che la modifica di Aifa sta funzionando, la Commissione unica ha approvato molte pratiche inevase, i primi risultati sui tempi medi per valutare le nuove pratiche sono scesi da 500 a 250 giorni. \u00c8 chiaro che \u00e8 un processo che \u00e8 appena iniziato, \u00e8 un processo importante, non possiamo non dare agli italiani le innovazioni farmaceutiche\u201d.<\/p>\n<p><strong><img loading=\"lazy\" decoding=\"async\" class=\"wp-image-77100 alignright\" src=\"https:\/\/www.fedaiisf.it\/wp-content\/uploads\/2024\/07\/firma-bernini-cattani.png\" alt=\"\" width=\"423\" height=\"270\" srcset=\"https:\/\/www.fedaiisf.it\/wp-content\/uploads\/2024\/07\/firma-bernini-cattani.png 498w, https:\/\/www.fedaiisf.it\/wp-content\/uploads\/2024\/07\/firma-bernini-cattani-300x192.png 300w, https:\/\/www.fedaiisf.it\/wp-content\/uploads\/2024\/07\/firma-bernini-cattani-18x12.png 18w\" sizes=\"auto, (max-width: 423px) 100vw, 423px\" \/>Memorandum Farmindustria-Mur<\/strong> <strong>per favorire formazione<\/strong><br \/>\nFirmato un <strong>protocollo d\u2019intesa<\/strong> fra la <strong>ministra dell\u2019Universit\u00e0 e della ricerca,\u00a0Anna Maria Bernini<\/strong>, il presidente di Farmindustria, Marcello Cattani, e il Crui (Conferenza dei Rettori delle Universit\u00e0 italiane) <strong>per rafforzare la partnership tra pubblico e privato<\/strong>. Il Protocollo prevede di<strong> favorire la formazione<\/strong> di professionalit\u00e0 altamente qualificate e specializzate e trattenere e valorizzare i talenti nazionali, oltre ad attrarre in Italia quelli stranieri.<\/p>\n<p><strong>Orsini: \u201cProssima Commissione sia pro industria\u201d<\/strong><br \/>\n\u201cPer essere competitivi noi dobbiamo avere <strong>la prossima commissione europea che sia pro industria<\/strong> non come quella precedente che sia anti industriale ideologicamente\u201d. \u00c8 il presidente di Confindustria Emanuele Orsini a parlare e in tema di competitivit\u00e0, ha aggiunto: \u201cL\u2019industria italiana non \u00e8 contro l\u2019ambiente ma la normativa degli imballaggi e del packaging quanto avrebbe impattato negativamente su tutti i settori del Paese e dell\u2019 Europa? Sono follie. Se oggi lo stesso governatore della Banca d\u2019Italia ci dice l\u2019Europa deve cambiare rotta non siamo gli unici a dirlo, la deriva che \u00e8 stata presa\u201d. \u201cOgni volta che si genera una misura bisogna capire che impatto avr\u00e0 sul territorio e sull\u2019industria\u201d ha aggiunto.<\/p>\n<p><strong>Il report: da guerra in Ucraina, costi cresciuti del 30%<\/strong><br \/>\n<strong><img loading=\"lazy\" decoding=\"async\" class=\"wp-image-77101 alignleft\" src=\"https:\/\/www.fedaiisf.it\/wp-content\/uploads\/2024\/07\/break-farmindustria.png\" alt=\"\" width=\"239\" height=\"296\" srcset=\"https:\/\/www.fedaiisf.it\/wp-content\/uploads\/2024\/07\/break-farmindustria.png 384w, https:\/\/www.fedaiisf.it\/wp-content\/uploads\/2024\/07\/break-farmindustria-242x300.png 242w, https:\/\/www.fedaiisf.it\/wp-content\/uploads\/2024\/07\/break-farmindustria-10x12.png 10w\" sizes=\"auto, (max-width: 239px) 100vw, 239px\" \/>Per il settore farmaceutico \u201ci costi degli input produttivi sono strutturalmente cresciuti<\/strong> rispetto alla fine del 2021, ovvero il periodo antecedente l\u2019inizio delle tensioni geopolitiche, registrando un incremento, in media, del 30%\u201d. \u00c8 il dato che emerge dall\u2019annuale rapporto \u2018Indicatori farmaceutici\u2019 di\u00a0Farmindustria. Negli ultimi mesi, nel complesso, \u201cla dinamica al rialzo dei prezzi\u201d mostra \u201csegnali di rallentamento, anche se permane un forte gap rispetto al periodo precedente l\u2019invasione della Russia in Ucraina\u201d, continua il report. <strong>Unica nota positiva \u00e8 il costo dell\u2019energia<\/strong>, \u201cche <strong>risulta in calo<\/strong> (-24,4%) ma che segue a un anno caratterizzato da un forte aumento degli input energetici (+104% nel 2022)\u201d. Quello dei costi, precisa\u00a0Farmindustria, \u00e8 un problema particolarmente rilevante in questo comparto: \u201cA differenza di altri settori, infatti, che possono trasferire gli aumenti dei costi sul prezzo del prodotto finale, nella farmaceutica, e in particolare nel segmento dei farmaci con prescrizione, i prezzi sono amministrati e negoziati\u201d. Ci\u00f2, conclude, pone \u201c<strong>seri rischi per la sostenibilit\u00e0 delle produzioni in Italia\u201d<\/strong>.<\/p>\n<p>Roma, 04 luglio 2024 Un protocollo d&#8217;intesa \u00e8 stato firmato oggi tra il ministero dell&#8217;Universit\u00e0 e della Ricerca, la Conferenza dei rettori delle universit\u00e0 italiane e Farmindustria per rafforzare la partnership tra settore pubblico e privato. L&#8217;accordo \u00e8 stato siglato nel corso dell&#8217;Assemblea di Farmindustria, dalla ministra Annamaria Bernini e dal Presidente di Farmindustria, Marcello Cattani. Farmindustria Fonte: Agenzia Vista \/ Alexander Jakhnagiev agenziavista.it<\/p>\n<p>Related news:<a href=\"https:\/\/www.farmindustria.it\/app\/uploads\/2024\/07\/slidepresidente2024.pdf\" target=\"_blank\" rel=\"noopener\"> Relazione Marcello Cattani<\/a><\/p>\n<p><a href=\"https:\/\/www.youtube.com\/live\/kkZvhXCbRm4?si=iKCbqXlcte-V9QW3\" target=\"_blank\" rel=\"noopener\">video evento<\/a><\/p>\n<p><a href=\"https:\/\/www.farmindustria.it\/app\/uploads\/2022\/03\/2024_farmindustria_leaflet.pdf\" target=\"_blank\" rel=\"noopener\">Fatti e cifre del settore<\/a><\/p>\n<p><a href=\"https:\/\/www.farmindustria.it\/app\/uploads\/2022\/03\/Indicatori-Farmaceutici-website.pdf\" target=\"_blank\" rel=\"noopener\"><strong>Indicatori farmaceutici &#8211; Luglio 2024<\/strong><\/a><\/p>\n<p class=\"entry-title\"><a href=\"https:\/\/www.dailyhealthindustry.it\/intervista-a-confalone-novartis-meno-burocrazia-iter-regolatorio-accelerato-approvvigionamenti-sicuri-e-investimenti-strategici-per-difendere-il-futuro-delleuropa-ID31885.html\" target=\"_blank\" rel=\"noopener\">Intervista a Confalone (Novartis): \u201cMeno burocrazia, iter regolatorio accelerato, approvvigionamenti sicuri e investimenti strategici per difendere il futuro dell\u2019Europa\u201d<\/a><\/p>\n<p>&nbsp;<\/p>","protected":false},"excerpt":{"rendered":"<p>\u201cAttrarre investimenti e offrire innovazione deve diventare il must delle politiche dell\u2019Unione europea e dell\u2019Italia\u201d. The Watcher Post &#8211; 4 luglio 2024 Cos\u00ec, Marcello Cattani appena confermato alla presidenza dell\u2019Associazione delle imprese del farmaco va dritto al punto, avviando i lavori dell\u2019assemblea annuale di Farmindustria. Soprattutto, ed \u00e8 il focus dell\u2019assemblea a partire dal claim &hellip;<\/p>","protected":false},"author":4,"featured_media":77103,"comment_status":"closed","ping_status":"closed","sticky":false,"template":"","format":"standard","meta":{"footnotes":""},"categories":[16],"tags":[50],"class_list":["post-77096","post","type-post","status-publish","format-standard","has-post-thumbnail","hentry","category-primo-piano","tag-farmindustria"],"amp_enabled":true,"_links":{"self":[{"href":"https:\/\/www.fedaiisf.it\/en\/wp-json\/wp\/v2\/posts\/77096","targetHints":{"allow":["GET"]}}],"collection":[{"href":"https:\/\/www.fedaiisf.it\/en\/wp-json\/wp\/v2\/posts"}],"about":[{"href":"https:\/\/www.fedaiisf.it\/en\/wp-json\/wp\/v2\/types\/post"}],"author":[{"embeddable":true,"href":"https:\/\/www.fedaiisf.it\/en\/wp-json\/wp\/v2\/users\/4"}],"replies":[{"embeddable":true,"href":"https:\/\/www.fedaiisf.it\/en\/wp-json\/wp\/v2\/comments?post=77096"}],"version-history":[{"count":5,"href":"https:\/\/www.fedaiisf.it\/en\/wp-json\/wp\/v2\/posts\/77096\/revisions"}],"predecessor-version":[{"id":77126,"href":"https:\/\/www.fedaiisf.it\/en\/wp-json\/wp\/v2\/posts\/77096\/revisions\/77126"}],"wp:featuredmedia":[{"embeddable":true,"href":"https:\/\/www.fedaiisf.it\/en\/wp-json\/wp\/v2\/media\/77103"}],"wp:attachment":[{"href":"https:\/\/www.fedaiisf.it\/en\/wp-json\/wp\/v2\/media?parent=77096"}],"wp:term":[{"taxonomy":"category","embeddable":true,"href":"https:\/\/www.fedaiisf.it\/en\/wp-json\/wp\/v2\/categories?post=77096"},{"taxonomy":"post_tag","embeddable":true,"href":"https:\/\/www.fedaiisf.it\/en\/wp-json\/wp\/v2\/tags?post=77096"}],"curies":[{"name":"wp","href":"https:\/\/api.w.org\/{rel}","templated":true}]}}