{"id":77247,"date":"2024-07-17T05:45:31","date_gmt":"2024-07-17T03:45:31","guid":{"rendered":"https:\/\/www.fedaiisf.it\/?p=77247"},"modified":"2024-07-16T19:06:10","modified_gmt":"2024-07-16T17:06:10","slug":"lazio-ritorna-covid","status":"publish","type":"post","link":"https:\/\/www.fedaiisf.it\/en\/lazio-ritorna-covid\/","title":{"rendered":"Lazio. Ritorna Covid"},"content":{"rendered":"<p>Boom di casi Covid nel Lazio. Corongiu (infettivologa): smantellate tutte le misure di prevenzione, anziani a rischio. Tornino mascherine in studi medici e ospedali<\/p>\n<p><a href=\"https:\/\/www.fimmg.org\/index.php?action=pages&amp;m=view&amp;p=30584&amp;art=5733\" target=\"_blank\" rel=\"noopener\">Fimmg &#8211; 16 luglio 2024<\/a><\/p>\n<p>&#8220;Da 1 a 3 casi per medico al giorno, con una diffusione non monitorata dei numeri nazionali, poich\u00e9 \u00e8 <img loading=\"lazy\" decoding=\"async\" class=\"wp-image-77252 alignright\" src=\"https:\/\/www.fedaiisf.it\/wp-content\/uploads\/2024\/07\/Screenshot-2024-07-16-alle-19.02.32.png\" alt=\"\" width=\"238\" height=\"193\" srcset=\"https:\/\/www.fedaiisf.it\/wp-content\/uploads\/2024\/07\/Screenshot-2024-07-16-alle-19.02.32.png 600w, https:\/\/www.fedaiisf.it\/wp-content\/uploads\/2024\/07\/Screenshot-2024-07-16-alle-19.02.32-300x243.png 300w, https:\/\/www.fedaiisf.it\/wp-content\/uploads\/2024\/07\/Screenshot-2024-07-16-alle-19.02.32-15x12.png 15w\" sizes=\"auto, (max-width: 238px) 100vw, 238px\" \/>stato notevolmente ridotto il sistema di rilevamento dei tamponi. Questi i dati della Rete della Fimmg Roma nella regione Lazio, dove i numeri del Covid stanno risalendo in modo importante, con rischi reali per le persone anziane e debilitate&#8221;, al punto che la Federazione ha gi\u00e0 inviato un Alert ai medici di famiglia, con le misure da intraprendere, non ultima quella di attivare negli studi ove siano state allentate, le misure di protezione come mascherine e distanziamenti, fornendo le regole di approccio e le informazioni sui comportamenti da tenere per evitare contagi alle persone deboli.<\/p>\n<p>&#8220;La patologia influenzale ha lasciato la via ad un ritorno importante della malattia Covid, che ha circolato per tutto l&#8217;inverno e poi in background nei mesi successivi&#8221; dichiara Maria Corongiu, infettivologa e presidente della Fimmg Roma &#8220;attendiamo di conoscere quale variante stia circolando in Italia dopo che la variante KP3 negli USA ha gi\u00e0 preso il sopravvento, ma il problema maggiore \u00e8 che sono state smantellate tutte le misure di prevenzione, di controllo, il monitoraggio dei tamponi \u00e8 stato interrotto, e quindi il rischio <img loading=\"lazy\" decoding=\"async\" class=\"wp-image-77249 alignleft\" src=\"https:\/\/www.fedaiisf.it\/wp-content\/uploads\/2024\/07\/Screenshot-2024-07-16-alle-18.43.02.png\" alt=\"\" width=\"191\" height=\"200\" srcset=\"https:\/\/www.fedaiisf.it\/wp-content\/uploads\/2024\/07\/Screenshot-2024-07-16-alle-18.43.02.png 548w, https:\/\/www.fedaiisf.it\/wp-content\/uploads\/2024\/07\/Screenshot-2024-07-16-alle-18.43.02-286x300.png 286w, https:\/\/www.fedaiisf.it\/wp-content\/uploads\/2024\/07\/Screenshot-2024-07-16-alle-18.43.02-11x12.png 11w\" sizes=\"auto, (max-width: 191px) 100vw, 191px\" \/>di contagio per le persone anziani e fragili \u00e8 elevatissimo.<\/p>\n<p>Non ultimo la caduta dell&#8217;obbligo delle protezioni individuali negli ospedali dal 30 Giugno&#8221;. &#8220;C&#8217;\u00e8 da precisare &#8211; conclude Maria Corongiu &#8211; che i dati ufficiali peccano di alcuni limiti in quanto molti cittadini eseguono il test in autonomia, non sempre dichiarano al medico la presenza della malattia, e quindi una consistente quota delle infezioni non viene rilevata neanche dai medici di famiglia.&#8221; &#8220;L&#8217;incidenza nel Lazio attualmente \u00e8 di 18 casi ogni 100.000 abitanti con le reinfezioni che sono al 48%, il sistema nazionale ha rilevato nel Lazio 1007 casi mentre in Italia sono 5548, numeri indicativi, ma lontani dalla realt\u00e0 rilevata&#8221;.<\/p>\n<p>Source Ansa<\/p>\n<p>Related news: <a href=\"https:\/\/www.ilgiornale.it\/news\/benessere\/intervista-matteo-bassetti-infezioni-estate-nuova-variante-covid-aumento-2340147.html\" target=\"_blank\" rel=\"noopener\">Estate 2024, infezioni estive e nuova variante Covid: risponde Bassetti<\/a><\/p>","protected":false},"excerpt":{"rendered":"<p>Boom di casi Covid nel Lazio. Corongiu (infettivologa): smantellate tutte le misure di prevenzione, anziani a rischio. Tornino mascherine in studi medici e ospedali Fimmg &#8211; 16 luglio 2024 &#8220;Da 1 a 3 casi per medico al giorno, con una diffusione non monitorata dei numeri nazionali, poich\u00e9 \u00e8 stato notevolmente ridotto il sistema di rilevamento &hellip;<\/p>","protected":false},"author":4,"featured_media":77253,"comment_status":"closed","ping_status":"closed","sticky":false,"template":"","format":"standard","meta":{"footnotes":""},"categories":[1],"tags":[39],"class_list":["post-77247","post","type-post","status-publish","format-standard","has-post-thumbnail","hentry","category-notizie","tag-vaccini"],"amp_enabled":true,"_links":{"self":[{"href":"https:\/\/www.fedaiisf.it\/en\/wp-json\/wp\/v2\/posts\/77247","targetHints":{"allow":["GET"]}}],"collection":[{"href":"https:\/\/www.fedaiisf.it\/en\/wp-json\/wp\/v2\/posts"}],"about":[{"href":"https:\/\/www.fedaiisf.it\/en\/wp-json\/wp\/v2\/types\/post"}],"author":[{"embeddable":true,"href":"https:\/\/www.fedaiisf.it\/en\/wp-json\/wp\/v2\/users\/4"}],"replies":[{"embeddable":true,"href":"https:\/\/www.fedaiisf.it\/en\/wp-json\/wp\/v2\/comments?post=77247"}],"version-history":[{"count":4,"href":"https:\/\/www.fedaiisf.it\/en\/wp-json\/wp\/v2\/posts\/77247\/revisions"}],"predecessor-version":[{"id":77254,"href":"https:\/\/www.fedaiisf.it\/en\/wp-json\/wp\/v2\/posts\/77247\/revisions\/77254"}],"wp:featuredmedia":[{"embeddable":true,"href":"https:\/\/www.fedaiisf.it\/en\/wp-json\/wp\/v2\/media\/77253"}],"wp:attachment":[{"href":"https:\/\/www.fedaiisf.it\/en\/wp-json\/wp\/v2\/media?parent=77247"}],"wp:term":[{"taxonomy":"category","embeddable":true,"href":"https:\/\/www.fedaiisf.it\/en\/wp-json\/wp\/v2\/categories?post=77247"},{"taxonomy":"post_tag","embeddable":true,"href":"https:\/\/www.fedaiisf.it\/en\/wp-json\/wp\/v2\/tags?post=77247"}],"curies":[{"name":"wp","href":"https:\/\/api.w.org\/{rel}","templated":true}]}}