{"id":77255,"date":"2024-07-17T17:02:12","date_gmt":"2024-07-17T15:02:12","guid":{"rendered":"https:\/\/www.fedaiisf.it\/?p=77255"},"modified":"2024-07-26T19:00:03","modified_gmt":"2024-07-26T17:00:03","slug":"aiisf-sardegna-musica-e-solidarieta-un-tributo-memorabile-per-valfrido-orru","status":"publish","type":"post","link":"https:\/\/www.fedaiisf.it\/en\/aiisf-sardegna-musica-e-solidarieta-un-tributo-memorabile-per-valfrido-orru\/","title":{"rendered":"AIISF Sardegna: &#8220;Musica e Solidariet\u00e0: un Tributo Memorabile per Valfrido Orr\u00f9&#8221;"},"content":{"rendered":"<p class=\"whitespace-pre-wrap\">In una serata carica di emozioni e altruismo, Sassari ha ospitato un evento straordinario il 5 luglio 2024. La Sezione sarda di AIISF (Associazione Italiana Informatori Scientifici del Farmaco e Parafarmaco (federata FEDAIISF) e il Lions Club distretto di Ittiri hanno unito le forze per organizzare una manifestazione benefica di grande impatto, commemorando la figura dell&#8217;indimenticabile Valfrido Orr\u00f9, stimato informatore scientifico ed ex presidente AIISF.<\/p>\n<p class=\"whitespace-pre-wrap\"><img loading=\"lazy\" decoding=\"async\" class=\"size-full wp-image-77258 aligncenter\" src=\"https:\/\/www.fedaiisf.it\/wp-content\/uploads\/2024\/07\/Screenshot-2024-07-17-alle-16.56.04.png\" alt=\"\" width=\"2030\" height=\"1118\" srcset=\"https:\/\/www.fedaiisf.it\/wp-content\/uploads\/2024\/07\/Screenshot-2024-07-17-alle-16.56.04.png 2030w, https:\/\/www.fedaiisf.it\/wp-content\/uploads\/2024\/07\/Screenshot-2024-07-17-alle-16.56.04-300x165.png 300w, https:\/\/www.fedaiisf.it\/wp-content\/uploads\/2024\/07\/Screenshot-2024-07-17-alle-16.56.04-1024x564.png 1024w, https:\/\/www.fedaiisf.it\/wp-content\/uploads\/2024\/07\/Screenshot-2024-07-17-alle-16.56.04-768x423.png 768w, https:\/\/www.fedaiisf.it\/wp-content\/uploads\/2024\/07\/Screenshot-2024-07-17-alle-16.56.04-1536x846.png 1536w, https:\/\/www.fedaiisf.it\/wp-content\/uploads\/2024\/07\/Screenshot-2024-07-17-alle-16.56.04-18x10.png 18w\" sizes=\"auto, (max-width: 2030px) 100vw, 2030px\" \/>L&#8217;evento, che ha visto la partecipazione di quasi duecento invitati, ha trasformato il dolore per la recente perdita di Valfrido in un&#8217;occasione di solidariet\u00e0 concreta. Sette complessi musicali, composti principalmente da medici e informatori scientifici, hanno offerto gratuitamente le loro performance, testimoniando il profondo rispetto e l&#8217;affetto nei confronti di un uomo che ha lasciato un&#8217;impronta indelebile nel settore.<\/p>\n<p class=\"whitespace-pre-wrap\">La scelta di coinvolgere professionisti del campo medico e farmaceutico nelle esibizioni musicali non \u00e8 stata casuale. Ha sottolineato, infatti, il forte legame tra questi ambiti e l&#8217;impegno condiviso nel migliorare la vita delle persone, un ideale che Valfrido ha sempre perseguito con dedizione.<\/p>\n<p class=\"whitespace-pre-wrap\">L&#8217;aspetto pi\u00f9 rilevante della serata \u00e8 stato indubbiamente il suo fine benefico. Il ricavato dell&#8217;evento \u00e8 stato equamente suddiviso tra due realt\u00e0 di fondamentale importanza per il territorio: la Casa della Fraterna Solidariet\u00e0 di Sassari, un&#8217;associazione ONLUS che si dedica all&#8217;assistenza dei cittadini in difficolt\u00e0 economica, e Casa Lions di Cagliari, un&#8217;organizzazione benefica che offre supporto logistico ai pazienti oncologici e ai propri familiari.<\/p>\n<p class=\"whitespace-pre-wrap\">Questa scelta di destinazione dei fondi raccolti riflette perfettamente lo spirito di servizio che accomuna AIISF e il Lions Club. Entrambe le organizzazioni, infatti, pur operando in ambiti diversi, condividono la missione di migliorare la qualit\u00e0 della vita nella comunit\u00e0, proprio come Valfrido Orr\u00f9 ha fatto durante la sua carriera professionale.<\/p>\n<p class=\"whitespace-pre-wrap\">L&#8217;evento ha dimostrato come la collaborazione tra associazioni professionali e club di servizio possa generare un impatto significativo per la societ\u00e0. Ha inoltre evidenziato il ruolo cruciale che gli informatori scientifici e i medici possono svolgere non solo nell&#8217;ambito della loro professione, ma anche come catalizzatori di iniziative benefiche a supporto delle persone in difficolt\u00e0.<\/p>\n<p class=\"whitespace-pre-wrap\"><img loading=\"lazy\" decoding=\"async\" class=\"wp-image-77259 aligncenter\" src=\"https:\/\/www.fedaiisf.it\/wp-content\/uploads\/2024\/07\/Screenshot-2024-07-17-alle-16.56.40.png\" alt=\"\" width=\"636\" height=\"454\" srcset=\"https:\/\/www.fedaiisf.it\/wp-content\/uploads\/2024\/07\/Screenshot-2024-07-17-alle-16.56.40.png 2030w, https:\/\/www.fedaiisf.it\/wp-content\/uploads\/2024\/07\/Screenshot-2024-07-17-alle-16.56.40-300x214.png 300w, https:\/\/www.fedaiisf.it\/wp-content\/uploads\/2024\/07\/Screenshot-2024-07-17-alle-16.56.40-1024x730.png 1024w, https:\/\/www.fedaiisf.it\/wp-content\/uploads\/2024\/07\/Screenshot-2024-07-17-alle-16.56.40-768x548.png 768w, https:\/\/www.fedaiisf.it\/wp-content\/uploads\/2024\/07\/Screenshot-2024-07-17-alle-16.56.40-1536x1096.png 1536w, https:\/\/www.fedaiisf.it\/wp-content\/uploads\/2024\/07\/Screenshot-2024-07-17-alle-16.56.40-18x12.png 18w\" sizes=\"auto, (max-width: 636px) 100vw, 636px\" \/>In conclusione, questa serata di musica e solidariet\u00e0 ha rappresentato non solo un commovente tributo a Valfrido Orr\u00f9, ma anche un esempio tangibile di come la comunit\u00e0 medica e farmaceutica possa unirsi per fare la differenza. Ha dimostrato che, anche di fronte alla perdita, \u00e8 possibile trasformare il dolore in azione positiva, creando un legacy di speranza e supporto per chi ne ha pi\u00f9 bisogno.<\/p>\n<p>Comunicato AIISF Sardegna<br \/>\n&#8211; Federata Fedaiisf &#8211;<\/p>","protected":false},"excerpt":{"rendered":"<p>In una serata carica di emozioni e altruismo, Sassari ha ospitato un evento straordinario il 5 luglio 2024. La Sezione sarda di AIISF (Associazione Italiana Informatori Scientifici del Farmaco e Parafarmaco (federata FEDAIISF) e il Lions Club distretto di Ittiri hanno unito le forze per organizzare una manifestazione benefica di grande impatto, commemorando la figura &hellip;<\/p>","protected":false},"author":4,"featured_media":77261,"comment_status":"closed","ping_status":"closed","sticky":false,"template":"","format":"standard","meta":{"footnotes":""},"categories":[14,16],"tags":[45],"class_list":["post-77255","post","type-post","status-publish","format-standard","has-post-thumbnail","hentry","category-news-fedaiisf","category-primo-piano","tag-fedaiisf"],"amp_enabled":true,"_links":{"self":[{"href":"https:\/\/www.fedaiisf.it\/en\/wp-json\/wp\/v2\/posts\/77255","targetHints":{"allow":["GET"]}}],"collection":[{"href":"https:\/\/www.fedaiisf.it\/en\/wp-json\/wp\/v2\/posts"}],"about":[{"href":"https:\/\/www.fedaiisf.it\/en\/wp-json\/wp\/v2\/types\/post"}],"author":[{"embeddable":true,"href":"https:\/\/www.fedaiisf.it\/en\/wp-json\/wp\/v2\/users\/4"}],"replies":[{"embeddable":true,"href":"https:\/\/www.fedaiisf.it\/en\/wp-json\/wp\/v2\/comments?post=77255"}],"version-history":[{"count":4,"href":"https:\/\/www.fedaiisf.it\/en\/wp-json\/wp\/v2\/posts\/77255\/revisions"}],"predecessor-version":[{"id":77262,"href":"https:\/\/www.fedaiisf.it\/en\/wp-json\/wp\/v2\/posts\/77255\/revisions\/77262"}],"wp:featuredmedia":[{"embeddable":true,"href":"https:\/\/www.fedaiisf.it\/en\/wp-json\/wp\/v2\/media\/77261"}],"wp:attachment":[{"href":"https:\/\/www.fedaiisf.it\/en\/wp-json\/wp\/v2\/media?parent=77255"}],"wp:term":[{"taxonomy":"category","embeddable":true,"href":"https:\/\/www.fedaiisf.it\/en\/wp-json\/wp\/v2\/categories?post=77255"},{"taxonomy":"post_tag","embeddable":true,"href":"https:\/\/www.fedaiisf.it\/en\/wp-json\/wp\/v2\/tags?post=77255"}],"curies":[{"name":"wp","href":"https:\/\/api.w.org\/{rel}","templated":true}]}}