{"id":77368,"date":"2024-07-25T17:05:56","date_gmt":"2024-07-25T15:05:56","guid":{"rendered":"https:\/\/www.fedaiisf.it\/?p=77368"},"modified":"2024-07-25T17:29:07","modified_gmt":"2024-07-25T15:29:07","slug":"napoli-aiisf-allincontro-in-municipio-con-i-partners-e-associazioni-che-parteciperanno-alle-giornate-della-salute-e-del-benessere","status":"publish","type":"post","link":"https:\/\/www.fedaiisf.it\/en\/napoli-aiisf-allincontro-in-municipio-con-i-partners-e-associazioni-che-parteciperanno-alle-giornate-della-salute-e-del-benessere\/","title":{"rendered":"Napoli. AIISF all&#8217;incontro in Municipio con i Partners e Associazioni che parteciperanno alle &#8220;Giornate della Salute e del Benessere&#8221;"},"content":{"rendered":"<p>Il 24 Luglio, presso la Sala della Giunta del Municipio di Napoli si \u00e8 svolto l&#8217;incontro tra Partners ed Associazioni che parteciperanno alla 3<sup>to<\/sup> edizione delle Giornate della Salute e del Benessere, organizzate dall&#8217;Assessorato alla Salute del Comune di Napoli e che si terranno il 26 e 27 ottobre 2024 in piazza del Plebiscito.<\/p>\n<p><img loading=\"lazy\" decoding=\"async\" class=\"size-full wp-image-77372 aligncenter\" src=\"https:\/\/www.fedaiisf.it\/wp-content\/uploads\/2024\/07\/Napoli-prtners-giornate-2024.png\" alt=\"\" width=\"1588\" height=\"880\" srcset=\"https:\/\/www.fedaiisf.it\/wp-content\/uploads\/2024\/07\/Napoli-prtners-giornate-2024.png 1588w, https:\/\/www.fedaiisf.it\/wp-content\/uploads\/2024\/07\/Napoli-prtners-giornate-2024-300x166.png 300w, https:\/\/www.fedaiisf.it\/wp-content\/uploads\/2024\/07\/Napoli-prtners-giornate-2024-1024x567.png 1024w, https:\/\/www.fedaiisf.it\/wp-content\/uploads\/2024\/07\/Napoli-prtners-giornate-2024-768x426.png 768w, https:\/\/www.fedaiisf.it\/wp-content\/uploads\/2024\/07\/Napoli-prtners-giornate-2024-1536x851.png 1536w, https:\/\/www.fedaiisf.it\/wp-content\/uploads\/2024\/07\/Napoli-prtners-giornate-2024-18x10.png 18w\" sizes=\"auto, (max-width: 1588px) 100vw, 1588px\" \/>La Sezione Aiisf di Napoli sar\u00e0 presente per il secondo anno consecutivo<span class=\"Apple-converted-space\">\u00a0 <\/span>grazie all&#8217;invito dell&#8217;Assessore Santagada che ha sempre manifestato<span class=\"Apple-converted-space\">\u00a0<\/span>una grande sensibilit\u00e0 nei confronti della nostra categoria e che ha esternato<span class=\"Apple-converted-space\">\u00a0 <\/span>anche nel corso dell&#8217;incontro in oggetto. In rappresentanza della Sez. Aiisf Napoli hanno partecipato Maria Rosaria Trotta e Massimiliano Radano. \u00c8 stata un&#8217; occasione per<span class=\"Apple-converted-space\">\u00a0 <\/span>salutare il Sindaco Dr. Gaetano Manfredi, il Dr. Vincenzo Santagada, tutto lo staff dell&#8217;assessorato alla Salute, il<span class=\"Apple-converted-space\">\u00a0 <\/span>Dr.<span class=\"Apple-converted-space\">\u00a0<\/span>Ugo Trama e per presentarsi ai delegati<span class=\"Apple-converted-space\">\u00a0 <\/span>presenti delle Universit\u00e0, Ordini, Dipartimenti, ASL, Croce Rossa, Medici di medicina generale, Professioni sanitarie, Municipalit\u00e0, Farmacisti<span class=\"Apple-converted-space\">\u00a0 <\/span>e Associazioni di categoria.<\/p>\n<p><img loading=\"lazy\" decoding=\"async\" class=\"wp-image-77376 alignright\" src=\"https:\/\/www.fedaiisf.it\/wp-content\/uploads\/2024\/07\/Screenshot-2024-07-25-alle-17.04.20.png\" alt=\"\" width=\"172\" height=\"171\" srcset=\"https:\/\/www.fedaiisf.it\/wp-content\/uploads\/2024\/07\/Screenshot-2024-07-25-alle-17.04.20.png 408w, https:\/\/www.fedaiisf.it\/wp-content\/uploads\/2024\/07\/Screenshot-2024-07-25-alle-17.04.20-300x300.png 300w, https:\/\/www.fedaiisf.it\/wp-content\/uploads\/2024\/07\/Screenshot-2024-07-25-alle-17.04.20-150x150.png 150w, https:\/\/www.fedaiisf.it\/wp-content\/uploads\/2024\/07\/Screenshot-2024-07-25-alle-17.04.20-12x12.png 12w\" sizes=\"auto, (max-width: 172px) 100vw, 172px\" \/>Il Sindaco ha ringraziato l&#8217;Assessore e tutti coloro che hanno lavorato all&#8217;organizzazione di questo evento che \u00e8 stato fortemente voluto dalla sua amministrazione. Le giornate della Salute, che non vogliono sostituire i regolari accessi sanitari ma affiancarsi ad essi,<span class=\"Apple-converted-space\">\u00a0<\/span>rappresentano un&#8217;ulteriore opportunit\u00e0<span class=\"Apple-converted-space\">\u00a0 <\/span>per costruire un rapporto tra cittadino ed istituzione sanitaria al fine di migliorare le attivit\u00e0 di prevenzione e diagnosi.<\/p>\n<p>Non sempre il cittadino \u00e8 libero di esprimere i propri bisogni di salute, specie in una citt\u00e0 come Napoli caratterizzata da diverse marginalit\u00e0 e in presenza di comunit\u00e0 di migranti a cui, spesso, \u00e8 difficile accedere al percorso di accesso alle cure.<\/p>\n<p>L&#8217;evento ha come obiettivo proprio quello di avvicinare il cittadino in difficolt\u00e0 per rispondere alle sue necessit\u00e0. Il Sindaco ha poi ringraziato i Partners tutti altamente qualificati per eccellenza e competenza<span class=\"Apple-converted-space\">\u00a0<\/span>che, attraverso i loro servizi proposti alla cittadinanza, realizzeranno in pratica gli obiettivi di questa <img loading=\"lazy\" decoding=\"async\" class=\"wp-image-77374 alignleft\" src=\"https:\/\/www.fedaiisf.it\/wp-content\/uploads\/2024\/07\/Napoli-Santagada-e-Manfredi.png\" alt=\"\" width=\"348\" height=\"215\" srcset=\"https:\/\/www.fedaiisf.it\/wp-content\/uploads\/2024\/07\/Napoli-Santagada-e-Manfredi.png 1204w, https:\/\/www.fedaiisf.it\/wp-content\/uploads\/2024\/07\/Napoli-Santagada-e-Manfredi-300x185.png 300w, https:\/\/www.fedaiisf.it\/wp-content\/uploads\/2024\/07\/Napoli-Santagada-e-Manfredi-1024x633.png 1024w, https:\/\/www.fedaiisf.it\/wp-content\/uploads\/2024\/07\/Napoli-Santagada-e-Manfredi-768x475.png 768w, https:\/\/www.fedaiisf.it\/wp-content\/uploads\/2024\/07\/Napoli-Santagada-e-Manfredi-18x12.png 18w\" sizes=\"auto, (max-width: 348px) 100vw, 348px\" \/>iniziativa.<\/p>\n<p>L&#8217;Assessore Santagada ha ricordato il successo delle due edizioni precedenti che hanno realizzato oltre 50.000 prestazioni per ogni anno. L&#8217;iniziativa \u00e8 ormai attesa dai cittadini che hanno trovato risposte ai loro bisogni e che quest&#8217;anno presenter\u00e0 nuovi servizi sanitari ed<span class=\"Apple-converted-space\">\u00a0 <\/span>attivit\u00e0 di divulgazione e conoscenza.<span class=\"Apple-converted-space\">\u00a0<\/span><\/p>\n<p>Come Sezione<span class=\"Apple-converted-space\">\u00a0<\/span>Aiisf di Napoli<span class=\"Apple-converted-space\">\u00a0 <\/span>siamo orgogliosi ed onorati di contribuire, secondo il nostro ruolo, a diffondere informazioni relative alla nostra attivit\u00e0 professionale e<span class=\"Apple-converted-space\">\u00a0<\/span>all&#8217;utilizzo appropriato dei farmaci e siamo pronti a fare la nostra parte anche nella prossima edizione.<\/p>\n<p style=\"text-align: center; padding-left: 400px;\">Press release Section AIISF Naples<br \/>\n&#8211; Federata Fedaiisf &#8211;<\/p>\n<hr \/>\n<p>Related news: <a href=\"https:\/\/www.fedaiisf.it\/en\/aiisf-napoli-invitata-alla-seconda-edizione-delle-giornate-napoletane-della-salute-prevenzione-e-benessere\/\" target=\"_blank\" rel=\"noopener\">AIISF Naples invited to the second edition of the Neapolitan Days of Health, Prevention and Wellness.<\/a><\/p>","protected":false},"excerpt":{"rendered":"<p>Il 24 Luglio, presso la Sala della Giunta del Municipio di Napoli si \u00e8 svolto l&#8217;incontro tra Partners ed Associazioni che parteciperanno alla 3a edizione delle Giornate della Salute e del Benessere, organizzate dall&#8217;Assessorato alla Salute del Comune di Napoli e che si terranno il 26 e 27 ottobre 2024 in piazza del Plebiscito. La &hellip;<\/p>","protected":false},"author":4,"featured_media":77375,"comment_status":"closed","ping_status":"closed","sticky":false,"template":"","format":"standard","meta":{"footnotes":""},"categories":[1,14],"tags":[45],"class_list":["post-77368","post","type-post","status-publish","format-standard","has-post-thumbnail","hentry","category-notizie","category-news-fedaiisf","tag-fedaiisf"],"amp_enabled":true,"_links":{"self":[{"href":"https:\/\/www.fedaiisf.it\/en\/wp-json\/wp\/v2\/posts\/77368","targetHints":{"allow":["GET"]}}],"collection":[{"href":"https:\/\/www.fedaiisf.it\/en\/wp-json\/wp\/v2\/posts"}],"about":[{"href":"https:\/\/www.fedaiisf.it\/en\/wp-json\/wp\/v2\/types\/post"}],"author":[{"embeddable":true,"href":"https:\/\/www.fedaiisf.it\/en\/wp-json\/wp\/v2\/users\/4"}],"replies":[{"embeddable":true,"href":"https:\/\/www.fedaiisf.it\/en\/wp-json\/wp\/v2\/comments?post=77368"}],"version-history":[{"count":8,"href":"https:\/\/www.fedaiisf.it\/en\/wp-json\/wp\/v2\/posts\/77368\/revisions"}],"predecessor-version":[{"id":77381,"href":"https:\/\/www.fedaiisf.it\/en\/wp-json\/wp\/v2\/posts\/77368\/revisions\/77381"}],"wp:featuredmedia":[{"embeddable":true,"href":"https:\/\/www.fedaiisf.it\/en\/wp-json\/wp\/v2\/media\/77375"}],"wp:attachment":[{"href":"https:\/\/www.fedaiisf.it\/en\/wp-json\/wp\/v2\/media?parent=77368"}],"wp:term":[{"taxonomy":"category","embeddable":true,"href":"https:\/\/www.fedaiisf.it\/en\/wp-json\/wp\/v2\/categories?post=77368"},{"taxonomy":"post_tag","embeddable":true,"href":"https:\/\/www.fedaiisf.it\/en\/wp-json\/wp\/v2\/tags?post=77368"}],"curies":[{"name":"wp","href":"https:\/\/api.w.org\/{rel}","templated":true}]}}