{"id":77747,"date":"2024-08-28T06:21:36","date_gmt":"2024-08-28T04:21:36","guid":{"rendered":"https:\/\/www.fedaiisf.it\/?p=77747"},"modified":"2024-08-28T18:06:14","modified_gmt":"2024-08-28T16:06:14","slug":"fuoriuscita-di-ammoniaca-in-unazienda-di-generici-a-paullo-11-intossicati-uno-grave","status":"publish","type":"post","link":"https:\/\/www.fedaiisf.it\/en\/fuoriuscita-di-ammoniaca-in-unazienda-di-generici-a-paullo-11-intossicati-uno-grave\/","title":{"rendered":"Fuoriuscita di ammoniaca in un&#8217;azienda di generici a Paullo, 11 intossicati, uno grave"},"content":{"rendered":"<h3>Fuoriuscita di ammoniaca in un\u2019azienda farmaceutica: 11 operai intossicati, uno \u00e8 grave<\/h3>\n<p><span style=\"font-size: 14pt;\">Uno sversamento di ammoniaca in un\u2019azienda farmaceutica di Paullo (Milano) ha intossicato indici operai: uno di loro \u00e8 stato ricoverato in ospedale.<\/span><\/p>\n<p><a href=\"https:\/\/www.fanpage.it\/milano\/fuoriuscita-di-ammoniaca-in-unazienda-farmaceutica-11-operai-intossicati-uno-e-grave\/\" target=\"_blank\" rel=\"noopener\">Fanpage &#8211; 27 agosto 2024 &#8211; di Fabrizio Capecelatro<\/a><\/p>\n<p><img loading=\"lazy\" decoding=\"async\" class=\"wp-image-77752 alignright\" src=\"https:\/\/www.fedaiisf.it\/wp-content\/uploads\/2024\/08\/Pompieri-notte-vigili-del-fuoco.jpeg\" alt=\"\" width=\"356\" height=\"200\" srcset=\"https:\/\/www.fedaiisf.it\/wp-content\/uploads\/2024\/08\/Pompieri-notte-vigili-del-fuoco.jpeg 1280w, https:\/\/www.fedaiisf.it\/wp-content\/uploads\/2024\/08\/Pompieri-notte-vigili-del-fuoco-300x169.jpeg 300w, https:\/\/www.fedaiisf.it\/wp-content\/uploads\/2024\/08\/Pompieri-notte-vigili-del-fuoco-1024x576.jpeg 1024w, https:\/\/www.fedaiisf.it\/wp-content\/uploads\/2024\/08\/Pompieri-notte-vigili-del-fuoco-768x432.jpeg 768w, https:\/\/www.fedaiisf.it\/wp-content\/uploads\/2024\/08\/Pompieri-notte-vigili-del-fuoco-18x10.jpeg 18w, https:\/\/www.fedaiisf.it\/wp-content\/uploads\/2024\/08\/Pompieri-notte-vigili-del-fuoco-390x220.jpeg 390w\" sizes=\"auto, (max-width: 356px) 100vw, 356px\" \/>Nella notte fra luned\u00ec 26 e marted\u00ec 27 agosto si \u00e8 verificata una fuoriuscita di ammoniaca in un&#8217;azienda farmaceutica di Paullo, in provincia di Milano.<\/p>\n<p>Undici operai sono rimasti intossicati e uno di loro ha anche avuto bisogno del ricovero in ospedale, viste le sue condizioni di salute. Sul posto sono intervenuti anche i Vigili del fuoco e i carabinieri della compagnia di San Donato Milanese, che ora dovranno ricostruire le cause dell&#8217;incidente.<\/p>\n<p>Durante la chiusura estiva sono stati eseguiti dei lavori di pulizia e manutenzione. Per motivi che sono in corso di verifica, una valvola non era stata chiusa correttamente e alla ripresa delle lavorazioni c\u2019\u00e8 stata una fuoriuscita di una soluzione acquosa contenente ammoniaca al 30% che ha causato un forte odore nell&#8217;area circostante. L&#8217;incidente \u00e8 avvenuto poco dopo trascorsa la mezzanotte di oggi.<\/p>\n<p><img loading=\"lazy\" decoding=\"async\" class=\"wp-image-77753 alignleft\" src=\"https:\/\/www.fedaiisf.it\/wp-content\/uploads\/2024\/08\/Schermata-2024-08-27-alle-17.52.26.png\" alt=\"\" width=\"226\" height=\"176\" srcset=\"https:\/\/www.fedaiisf.it\/wp-content\/uploads\/2024\/08\/Schermata-2024-08-27-alle-17.52.26.png 602w, https:\/\/www.fedaiisf.it\/wp-content\/uploads\/2024\/08\/Schermata-2024-08-27-alle-17.52.26-300x234.png 300w, https:\/\/www.fedaiisf.it\/wp-content\/uploads\/2024\/08\/Schermata-2024-08-27-alle-17.52.26-15x12.png 15w\" sizes=\"auto, (max-width: 226px) 100vw, 226px\" \/>L\u2019intervento della squadra di emergenza interna ha individuato immediatamente la causa e ha messo in atto il protocollo di sicurezza interrompendo la fuoriuscita. Le forze dell\u2019ordine, i vigili del fuoco e un\u2019ambulanza sono intervenuti dopo una segnalazione, verificando la corretta estinzione del problema.<\/p>\n<p>E Il personale sanitario si \u00e8 preso cura degli undici operai sul posto, mentre per uno di loro \u00e8 stato necessario in trasferimento in pronto soccorso.<\/p>\n<p>Un 27enne di origini romene \u00e8 infatti stato trasferito d&#8217;urgenza in ospedale, ma dopo le cure necessarie \u00e8 comunque in buone condizioni di salute. Nel frattempo i Vigili del fuoco e i carabinieri intervenuti sul posto hanno effettuato i rilievi per individuare le cause della fuoriuscita di ammoniaca.<\/p>\n<hr \/>\n<p><em>Dal sito Cambrex di Paullo Milano, vengono sviluppati e prodotti proprietari (API generiche &#8211; principi attivi -) e vengono forniti servizi di produzione a contratto per intermedi e API personalizzate su scala commerciale. Il <img loading=\"lazy\" decoding=\"async\" class=\"wp-image-77751 alignright\" src=\"https:\/\/www.fedaiisf.it\/wp-content\/uploads\/2024\/08\/Schermata-2024-08-27-alle-17.35.04.png\" alt=\"\" width=\"321\" height=\"229\" srcset=\"https:\/\/www.fedaiisf.it\/wp-content\/uploads\/2024\/08\/Schermata-2024-08-27-alle-17.35.04.png 602w, https:\/\/www.fedaiisf.it\/wp-content\/uploads\/2024\/08\/Schermata-2024-08-27-alle-17.35.04-300x214.png 300w, https:\/\/www.fedaiisf.it\/wp-content\/uploads\/2024\/08\/Schermata-2024-08-27-alle-17.35.04-18x12.png 18w\" sizes=\"auto, (max-width: 321px) 100vw, 321px\" \/>portafoglio prodotti include attualmente pi\u00f9 di 70 API generiche, nonch\u00e9 intermedi e derivati, tutti realizzati secondo gli standard cGMP. <\/em><\/p>\n<p><em>Il sito \u00e8 composto da sette reparti di produzione farmaceutica, tra cui capacit\u00e0 di essiccazione, finitura e purificazione. La struttura dispone anche di un impianto pilota completo e di laboratori di sviluppo e analisi personalizzati.<\/em><\/p>\n<p><em>Cambrex porta ai suoi partner farmaceutici oltre 40 anni di esperienza nella produzione di API generiche. Dai siti in Italia, Svezia e Stati Uniti, Cambrex \u00e8 un fornitore leader a livello mondiale di oltre 70 API generiche, prodotte secondo gli standard cGMP. Oltre ai principi attivi farmaceutici, tra cui sostanze controllate, vengono offerti intermedi, acidi nitroftalici e derivati, derivati \u200b\u200bdella piridina, composti chirali e diverse API varie. <\/em><em>(<a href=\"https:\/\/www.cambrex.com\" target=\"_blank\" rel=\"noopener\">Fonte Cambrex<\/a>)<\/em><\/p>\n<p>&nbsp;<\/p>","protected":false},"excerpt":{"rendered":"<p>Fuoriuscita di ammoniaca in un\u2019azienda farmaceutica: 11 operai intossicati, uno \u00e8 grave Uno sversamento di ammoniaca in un\u2019azienda farmaceutica di Paullo (Milano) ha intossicato indici operai: uno di loro \u00e8 stato ricoverato in ospedale. Fanpage &#8211; 27 agosto 2024 &#8211; di Fabrizio Capecelatro Nella notte fra luned\u00ec 26 e marted\u00ec 27 agosto si \u00e8 verificata &hellip;<\/p>","protected":false},"author":4,"featured_media":77754,"comment_status":"closed","ping_status":"closed","sticky":false,"template":"","format":"standard","meta":{"footnotes":""},"categories":[1],"tags":[31],"class_list":["post-77747","post","type-post","status-publish","format-standard","has-post-thumbnail","hentry","category-notizie","tag-generici"],"amp_enabled":true,"_links":{"self":[{"href":"https:\/\/www.fedaiisf.it\/en\/wp-json\/wp\/v2\/posts\/77747","targetHints":{"allow":["GET"]}}],"collection":[{"href":"https:\/\/www.fedaiisf.it\/en\/wp-json\/wp\/v2\/posts"}],"about":[{"href":"https:\/\/www.fedaiisf.it\/en\/wp-json\/wp\/v2\/types\/post"}],"author":[{"embeddable":true,"href":"https:\/\/www.fedaiisf.it\/en\/wp-json\/wp\/v2\/users\/4"}],"replies":[{"embeddable":true,"href":"https:\/\/www.fedaiisf.it\/en\/wp-json\/wp\/v2\/comments?post=77747"}],"version-history":[{"count":8,"href":"https:\/\/www.fedaiisf.it\/en\/wp-json\/wp\/v2\/posts\/77747\/revisions"}],"predecessor-version":[{"id":77760,"href":"https:\/\/www.fedaiisf.it\/en\/wp-json\/wp\/v2\/posts\/77747\/revisions\/77760"}],"wp:featuredmedia":[{"embeddable":true,"href":"https:\/\/www.fedaiisf.it\/en\/wp-json\/wp\/v2\/media\/77754"}],"wp:attachment":[{"href":"https:\/\/www.fedaiisf.it\/en\/wp-json\/wp\/v2\/media?parent=77747"}],"wp:term":[{"taxonomy":"category","embeddable":true,"href":"https:\/\/www.fedaiisf.it\/en\/wp-json\/wp\/v2\/categories?post=77747"},{"taxonomy":"post_tag","embeddable":true,"href":"https:\/\/www.fedaiisf.it\/en\/wp-json\/wp\/v2\/tags?post=77747"}],"curies":[{"name":"wp","href":"https:\/\/api.w.org\/{rel}","templated":true}]}}