{"id":77761,"date":"2024-08-29T12:37:28","date_gmt":"2024-08-29T10:37:28","guid":{"rendered":"https:\/\/www.fedaiisf.it\/?p=77761"},"modified":"2024-08-31T10:49:02","modified_gmt":"2024-08-31T08:49:02","slug":"dermocosmetici","status":"publish","type":"post","link":"https:\/\/www.fedaiisf.it\/en\/dermocosmetici\/","title":{"rendered":"Dermocosmetici e informazione scientifica"},"content":{"rendered":"<p>In ambito europeo, i cosmetici sono disciplinati dal <a href=\"https:\/\/www.iss.it\/documents\/20126\/0\/COSMETICI_1223-2009_rifusione2022.pdf\/121f646a-f421-2ed3-40e2-2383ff49467a?t=1675765070041\" target=\"_blank\" rel=\"noopener\">Regolamento (CE) n. 1223\/ 2009<\/a> del Parlamento Europeo e del Consiglio del 30 Novembre 2009 che definisce il prodotto cosmetico come segue:<\/p>\n<p><em>qualsiasi sostanza o miscela destinata ad essere applicata sulle superfici esterne del corpo umano (epidermide, sistema pilifero e capelli, unghie, labbra, organi genitali esterni) oppure sui denti e sulle mucose della bocca allo scopo esclusivamente o prevalentemente di pulirli, profumarli, modificarne l\u2019aspetto, proteggerli, mantenerli in buono stato o correggere gli odori corporei<\/em>.<\/p>\n<p><img loading=\"lazy\" decoding=\"async\" class=\"size-full wp-image-77770 alignright\" src=\"https:\/\/www.fedaiisf.it\/wp-content\/uploads\/2024\/08\/cosmetici.jpeg\" alt=\"\" width=\"224\" height=\"225\" srcset=\"https:\/\/www.fedaiisf.it\/wp-content\/uploads\/2024\/08\/cosmetici.jpeg 224w, https:\/\/www.fedaiisf.it\/wp-content\/uploads\/2024\/08\/cosmetici-150x150.jpeg 150w, https:\/\/www.fedaiisf.it\/wp-content\/uploads\/2024\/08\/cosmetici-12x12.jpeg 12w\" sizes=\"auto, (max-width: 224px) 100vw, 224px\" \/>Il\u202f<strong>Regolamento (CE) n.1223\/2009<\/strong>\u202fdel Parlamento europeo e del Consiglio ha stabilito le regole, armonizzate a livello europeo, per la produzione, la distribuzione, la valutazione e il controllo di eventuali effetti avversi relativi ai cosmetici. Inoltre, assicura la rintracciabilit\u00e0 di un prodotto cosmetico lungo tutta la filiera fino al consumatore. Infatti, entrato in vigore nella sua completezza dall\u201911 luglio 2013, garantisce che i prodotti cosmetici sul mercato siano sicuri per la salute umana in corrette condizioni d\u2019uso.<br \/>\nSono immessi sul mercato soltanto i prodotti cosmetici che rispondano alle prescrizioni del Regolamento. Nonostante questo, per\u00f2, \u00e8 possibile che si verifichino degli effetti indesiderabili: gli effetti indesiderabili sono definiti come.<\/p>\n<p>La sicurezza viene garantita attraverso attivit\u00e0 a carico delle imprese prima di immettere in commercio i cosmetici e, durante la loro vita commerciale, dalle Autorit\u00e0 competenti con le attivit\u00e0 di sorveglianza e di <strong>cosmetovigilanza <\/strong>che in seguito all\u2019acquisizione delle segnalazioni di effetti indesiderabili procede alla raccolta e alla valutazione dei dati e alla diffusione dell\u2019informazione in ambito europeo. Tutte le segnalazioni ricevute sono conservate nella banca dati di cosmetovigilanza e sono anche utilizzate per imporre limitazioni di uso ai cosmetici che provocano effetti negativi.<\/p>\n<p><img loading=\"lazy\" decoding=\"async\" class=\"wp-image-77771 alignleft\" src=\"https:\/\/www.fedaiisf.it\/wp-content\/uploads\/2024\/08\/differenze-uso-cosmetici.png\" alt=\"\" width=\"429\" height=\"353\" srcset=\"https:\/\/www.fedaiisf.it\/wp-content\/uploads\/2024\/08\/differenze-uso-cosmetici.png 919w, https:\/\/www.fedaiisf.it\/wp-content\/uploads\/2024\/08\/differenze-uso-cosmetici-300x247.png 300w, https:\/\/www.fedaiisf.it\/wp-content\/uploads\/2024\/08\/differenze-uso-cosmetici-768x632.png 768w, https:\/\/www.fedaiisf.it\/wp-content\/uploads\/2024\/08\/differenze-uso-cosmetici-15x12.png 15w\" sizes=\"auto, (max-width: 429px) 100vw, 429px\" \/>I controlli analitici sono predisposti dal Ministero della Salute anche a seguito di specifiche segnalazioni compresi eventuali eventi avversi correlati all\u2019utilizzo di un prodotto.<\/p>\n<p><strong>I cosmetici non sono farmaci n\u00e9 dispositivi medici\u00a0<\/strong><\/p>\n<p>Nei cosmetici possono essere utilizzati solo gli ingredienti, sia naturali che di sintesi, sicuri per la salute umana nelle normali condizioni di utilizzo del prodotto. Numerose sono le sostanze vietate o ammesse con limitazioni che sono continuamente valutate dal Scientific Committee on Consumer Safety (SCCS, Comitato Scientifico per la Sicurezza dei Consumatori, CSSC) che esprime pareri sui rischi (chimici, fisici, biologici, meccanici ed altro) per la salute e la sicurezza dei prodotti di consumo. \u00a0Per quanto riguarda i coloranti, i conservanti e i filtri UV, possono essere utilizzate esclusivamente le sostanze valutate sicure.<\/p>\n<p>Il discorso cosmetici non si esaurisce nella Regolamentazione e coinvolge anche molti altri aspetti della vita sociale e scientifica. Si veda: <a href=\"https:\/\/www.iss.it\/documents\/20126\/0\/19_24_web+%281%29.pdf\/984c22d8-9a1a-45ad-3e29-af89c6f2b2a1?t=1677674177271\" target=\"_blank\" rel=\"noopener\">RAPPORTI ISTISAN 19\/24 &#8211; Cosmetici e salute<\/a><\/p>\n<p>There <strong>dermocosmesi<\/strong> \u00e8 una categoria specifica di prodotti per la cura della pelle che soddisfa i severi standard dell&#8217;industria farmaceutica. I prodotti vengono realizzati in collaborazione con specialisti nel campo della cura della pelle (dermatologi, pediatri, oftalmologi, farmacisti) e si basano su un&#8217;alta efficacia e sicurezza confermate da studi clinici. I prodotti dermocosmetici sono ipoallergenici, sono indicati anche per pelli sensibili e soddisfano standard di produzione severi, che sono differenti da quelli dei comuni trattamenti cosmetici.<\/p>\n<p>La differenza tra la dermocosmetica e la cosmetica \u00e8 che, finora, la cosmetica ha tentato di coprire o dissimulare le imperfezioni e i problemi della pelle. La dermocosmesi, invece, servendosi della Medicina Estetica e della Dermatologia, cerca di soddisfare, pur non essendo un farmaco, le necessit\u00e0 mediche della pelle e di applicare prodotti e trattamenti che migliorino la pelle come coadiuvante della terapia dermatologica.<\/p>\n<p>Per l&#8217;<strong>Informazione Scientifica sui dermocosmetici<\/strong> non \u00e8 richiesto un titolo di studio specifico, anche se \u00e8 <img loading=\"lazy\" decoding=\"async\" class=\"wp-image-72190 alignright\" src=\"https:\/\/www.fedaiisf.it\/wp-content\/uploads\/2023\/06\/corso-icq-cornice.png\" alt=\"\" width=\"349\" height=\"238\" srcset=\"https:\/\/www.fedaiisf.it\/wp-content\/uploads\/2023\/06\/corso-icq-cornice.png 615w, https:\/\/www.fedaiisf.it\/wp-content\/uploads\/2023\/06\/corso-icq-cornice-300x205.png 300w, https:\/\/www.fedaiisf.it\/wp-content\/uploads\/2023\/06\/corso-icq-cornice-220x150.png 220w\" sizes=\"auto, (max-width: 349px) 100vw, 349px\" \/>preferibile una cultura specifica nel settore.<\/p>\n<p style=\"font-weight: 400;\">With the <a href=\"https:\/\/www.fnopi.it\/wp-content\/uploads\/DM111111.pdf\" target=\"_blank\" rel=\"noopener\">Ministerial Decree November 11, 2011\u00a0<\/a>(Gazzetta Ufficiale 22 febbraio 2012, n. 44 &#8211; \u201cEquiparazione dei diplomi delle scuole dirette a fini speciali\u201d), il titolo di\u00a0<strong>Tecnico cosmetologo \u00e8<\/strong>\u00a0<strong>equiparato alla laure L-29<\/strong> (Scienze e tecnologie farmaceutiche) con la quale si potr\u00e0 esercitare anche la professione di informatore scientifico del farmaco a condizione che siano stati superati gli esami di farmacologia, patologia, tossicologia, chimica farmaceutica e tossicologica, tecnologia e legislazione farmaceutica (D.Lgs. 219\/06, DM integrativo 2007).<\/p>\n<p>\u00c8 presente un\u2019associazione professionale (AIICQ), senza scopi di lucro, che valorizza e promuove la figura professionale dell\u2019<strong>Informatore Cosmetico Qualificato (ICQ\u00ae)<\/strong>, che, in possesso di competenze specifiche \u00e8 in grado di informare, presentare, divulgare e consigliare con criteri scientifici e competenze commerciali, di comunicazione e marketing, i prodotti cosmetici, immessi sul mercato nei vari canali di vendita ed i target di riferimento.<\/p>\n<p>Gli Informatori Cosmetici Qualificati sono in possesso di standard qualitativi e di qualificazione professionale stabiliti dall\u2019Associazione per i servizi erogati nell\u2019esercizio dell\u2019attivit\u00e0 professionale e, volontariamente, condividono lo scopo statutario e ne rispettano il Regolamento ed il Codice Etico. ICQ \u00e8 iscritta nel registro delle professioni non ordinistiche del ministero delle imprese e del made in Italy (ex MiSE). Legge 4\/2013\u00a0 \u2013\u00a0 sezione 2<\/p>\n<p>Related news: <a href=\"https:\/\/www.fedaiisf.it\/en\/aiicq-associazione-italiana-informatori-cosmetici-qualificati-aiicq-valorizza-e-promuove-la-formazione-professionale-dellinformatore-cosmetico-qualificato-icq\/\" target=\"_blank\" rel=\"noopener\">Italian Association of Qualified Cosmetic Informers (AIICQ), enhances and promotes the professional training of the Qualified Cosmetic Informer - ICQ<\/a><\/p>\n<p style=\"font-weight: 400;\"><a href=\"https:\/\/www.fedaiisf.it\/en\/informatore-cosmetico-qualificato-ferrara-corso-formazione-alluniversita\/\" target=\"_blank\" rel=\"noopener\">Qualified cosmetic sales rep. In Ferrara training course at the University<\/a><\/p>\n<p><a href=\"https:\/\/www.informatorecosmeticoqualificato.it\/icq\/informazioni-didattiche\/\" target=\"_blank\" rel=\"noopener\">Informazioni didattiche sul corso per Informatore Cosmetico Qualificato<\/a>\u00a0&#8211; <a href=\"https:\/\/www.informatorecosmeticoqualificato.it\/icq\/bando-di-ammissione-al-corso-di-formazione-per-informatore-cosmetico-qualificato-icq\/\" target=\"_blank\" rel=\"noopener\">Bando di ammissione al corso<\/a><\/p>\n<hr \/>\n<p>Note: <em>le notizie sopra riportate sono necessariamente insufficienti. Chi fosse interessato ad approfondire l&#8217;argomento potr\u00e0 cliccare sui link correlati o direttamente all&#8217;<a href=\"https:\/\/www.aiicq.it\" target=\"_blank\" rel=\"noopener\">AIICQ<\/a><\/em><\/p>\n<p>&nbsp;<\/p>","protected":false},"excerpt":{"rendered":"<p>In ambito europeo, i cosmetici sono disciplinati dal Regolamento (CE) n. 1223\/ 2009 del Parlamento Europeo e del Consiglio del 30 Novembre 2009 che definisce il prodotto cosmetico come segue: qualsiasi sostanza o miscela destinata ad essere applicata sulle superfici esterne del corpo umano (epidermide, sistema pilifero e capelli, unghie, labbra, organi genitali esterni) oppure &hellip;<\/p>","protected":false},"author":4,"featured_media":77775,"comment_status":"closed","ping_status":"closed","sticky":false,"template":"","format":"standard","meta":{"footnotes":""},"categories":[1],"tags":[21,196],"class_list":["post-77761","post","type-post","status-publish","format-standard","has-post-thumbnail","hentry","category-notizie","tag-informatori-scientifici","tag-integratori"],"amp_enabled":true,"_links":{"self":[{"href":"https:\/\/www.fedaiisf.it\/en\/wp-json\/wp\/v2\/posts\/77761","targetHints":{"allow":["GET"]}}],"collection":[{"href":"https:\/\/www.fedaiisf.it\/en\/wp-json\/wp\/v2\/posts"}],"about":[{"href":"https:\/\/www.fedaiisf.it\/en\/wp-json\/wp\/v2\/types\/post"}],"author":[{"embeddable":true,"href":"https:\/\/www.fedaiisf.it\/en\/wp-json\/wp\/v2\/users\/4"}],"replies":[{"embeddable":true,"href":"https:\/\/www.fedaiisf.it\/en\/wp-json\/wp\/v2\/comments?post=77761"}],"version-history":[{"count":16,"href":"https:\/\/www.fedaiisf.it\/en\/wp-json\/wp\/v2\/posts\/77761\/revisions"}],"predecessor-version":[{"id":77803,"href":"https:\/\/www.fedaiisf.it\/en\/wp-json\/wp\/v2\/posts\/77761\/revisions\/77803"}],"wp:featuredmedia":[{"embeddable":true,"href":"https:\/\/www.fedaiisf.it\/en\/wp-json\/wp\/v2\/media\/77775"}],"wp:attachment":[{"href":"https:\/\/www.fedaiisf.it\/en\/wp-json\/wp\/v2\/media?parent=77761"}],"wp:term":[{"taxonomy":"category","embeddable":true,"href":"https:\/\/www.fedaiisf.it\/en\/wp-json\/wp\/v2\/categories?post=77761"},{"taxonomy":"post_tag","embeddable":true,"href":"https:\/\/www.fedaiisf.it\/en\/wp-json\/wp\/v2\/tags?post=77761"}],"curies":[{"name":"wp","href":"https:\/\/api.w.org\/{rel}","templated":true}]}}