{"id":7788,"date":"2015-02-04T18:48:57","date_gmt":"2015-02-04T17:48:57","guid":{"rendered":"http:\/\/www.fedaiisf.it\/?p=7788"},"modified":"2015-02-05T11:36:37","modified_gmt":"2015-02-05T10:36:37","slug":"filctem-contratti-una-stagione-difficile","status":"publish","type":"post","link":"https:\/\/www.fedaiisf.it\/en\/filctem-contratti-una-stagione-difficile\/","title":{"rendered":"Filctem. Contratti, una stagione difficile"},"content":{"rendered":"<p><i>\u00a0Chi poteva immaginare che tutti i contratti di lavoro dovessero prevedere quello che nessuno ha mai pensato, cio\u00e8 di poter restituire delle somme alle imprese?\u00a0Emilio Miceli (Filctem Cgil), a RadioArticolo1: &#8220;Una parte della classe dirigente del Paese immagina, ed \u00e8 ridicolo anche solo dirlo, che in una fase di deflazione cos\u00ec spinta l&#8217;imputato sia proprio il contratto nazionale&#8221;<\/i><\/p>\n<p><i><a href=\"http:\/\/www.rassegna.it\/articoli\/2015\/02\/4\/118547\/contratti-una-stagione-difficile\" target=\"_blank\" rel=\"noopener\">04\/02\/2015 \u2013 Rassegna.it<\/a><\/i><\/p>\n<p><img loading=\"lazy\" decoding=\"async\" class=\"alignleft\" alt=\"\" src=\"https:\/\/encrypted-tbn3.gstatic.com\/images?q=tbn:ANd9GcQla2upclj5IHXZliP0hqyi7yPptwfq0bFzB5ob4PnHZ3v-6LB6\" width=\"317\" height=\"152\" \/>&#8220;La deflazione \u00e8 la malattia di questo inizio di secolo. Si tratta di capire come le politiche economiche si orientano nella lotta alla deflazione, sulla falsariga di quanto \u00e8 avvenuto nella seconda parte del &#8216;900 con la guerra contro l&#8217;inflazione. Questa \u00e8 la sfida&#8221;. Chi parla \u00e8 Emilio Miceli, segretario generale della Filctem Cgil, intervenuto stamattina a\u00a0<a href=\"http:\/\/www.radioarticolo1.it\/\" target=\"_blank\" rel=\"noopener\">Radioarticolo1<\/a>\u00a0(<a href=\"http:\/\/www.radioarticolo1.it\/jackets\/audio.cfm\/2015\/02\/04\/23091\/la-chimica-contrattuale-interviene-emilio-miceli-filctem-cgil?au=23091\" target=\"_blank\" rel=\"noopener\">qui il podcast integrale<\/a>).<\/p>\n<p>&#8220;\u00c8 una sfida \u2013 dice il leader sindacale \u2013 che interessa anche i contratti. Confindustria, e in generale anche Federchimica, sostengono: perch\u00e9 concedere nei contratti aumenti salariali quando i prezzi scendono? A questo punto saltiamo la stagione contrattuale. Trovo singolare che da parte di Confindustria, delle associazioni datoriali e delle stesse imprese si brindi al Qe di Draghi e poi s&#8217;immagini che in Italia bisogna avere il rigorismo della Merkel, si mettano un po&#8217; d&#8217;accordo. Siamo dentro una fase inedita per tutti, dove i contrasti sono spiazzati dai dati macroeconomici del Paese. Chi poteva immaginare che per sette anni di seguito ci fosse un ristagno dell&#8217;economia, arrivando fino alla recessione? Chi poteva immaginare che tutti i contratti di lavoro dovessero prevedere quello che nessuno ha mai pensato, cio\u00e8 di poter restituire delle somme alle imprese? Siamo dentro una fase straordinaria e in questi casi ci si pu\u00f2 muovere in due modi: o si fa il ragioniere, contabilizzando, come fa Confindustria, il dare e l&#8217;avere degli anni scorsi, oppure si parte dal fatto che bisogna cambiare sistema&#8221;.<\/p>\n<p>&#8220;I contratti \u2013 prosegue Miceli \u2013 non sono solo la contabilizzazione dell&#8217;aumento dei prezzi, in questo caso della discesa dei prezzi: di sicuro, l&#8217;idea che riduceva il contratto nazionale alla semplice tutela del potere d&#8217;acquisto e che \u00e8 valsa dagli anni &#8217;70 ad oggi, \u00e8 superata. Da Confindustria non ci vengono indicazioni utili, l&#8217;unica cosa certa \u00e8 che non vuole rinnovare i contratti, e mi pare una cosa sbagliata, perch\u00e9 \u00e8 una mossa non va n\u00e9 nel senso della coesione n\u00e9 in quello della solidariet\u00e0. Per quanto riguarda il contratto dei chimici, il 12 gennaio abbiamo avuto un incontro con le associazioni imprenditoriali, terminato con un sostanziale nulla di fatto. Allora, d&#8217;accordo con Cisl e Uil, abbiamo deciso di anticipare la piattaforma unitaria. Quello dei chimici \u00e8 un contratto particolare, che in qualche modo misura lo stato di salute del sistema contrattuale italiano: quindi, se tra i chimici le cose non vanno, vuole dire che il problema \u00e8 pi\u00f9 grosso. Abbiamo riscontrato che di fronte alla comune volont\u00e0 di provare a trovare una soluzione che tenesse insieme il tema dei recuperi inflazionistici o da deflazione, ci\u00f2 che mancava era un sistema di regole condivise&#8221;.<\/p>\n<p><img loading=\"lazy\" decoding=\"async\" class=\"alignright\" alt=\"\" src=\"https:\/\/encrypted-tbn0.gstatic.com\/images?q=tbn:ANd9GcTVHfIgmy-vjo1nfgNp62Q-ICRvda_J6RqsV90KTRj_-J9M7tqfag\" width=\"279\" height=\"174\" \/>&#8220;Il governo con la nuova legge sul mercato del lavoro \u2013 aggiunge il leader della Filctem \u2013, la Confindustria con la moratoria contrattuale: ho l&#8217;impressione che sia cominciata la &#8216;caccia al cinghiale&#8217;, dove il cinghiale \u00e8 il contratto nazionale di lavoro. Questo \u00e8 il filo che muove una parte della classe dirigente del Paese, immaginando, tra l&#8217;altro, e sarebbe ridicolo anche solo raccontarlo, che in una fase di deflazione cos\u00ec spinta, nella quale si riducono anche i margini di manovrabilit\u00e0, l&#8217;imputato di questa stagione possa essere il ccnl. Secondo me, \u00e8 un&#8217;idea regressiva, che non si interroga sui grandi problemi che provocano la stagnazione dell&#8217;economia italiana, perch\u00e9 \u00e8 vero che la crisi \u00e8 europea, ma \u00e8 anche vero che l&#8217;Italia, che \u00e8 un paese industriale, soffre questa crisi in modo particolarmente acuto e non dovrebbe essere cos\u00ec&#8221;.<\/p>\n<p>&#8220;Il sindacato, invece \u2013 continua Miceli \u2013, punta proprio sui contratti nazionali di lavoro, come strumento per uscire dalla crisi. E tra i punti cardine delle piattaforme per i rinnovi contrattuali, per far s\u00ec che i lavoratori vivano la crisi in maniera meno drammatica, una cosa dovrebbe far parte della discussione: il fatto che non disponiamo di un accordo interconfederale che regoli la prossima stagione contrattuale dal punto di vista delle politiche retributive e del salario. Abbiamo alle spalle il Protocollo del &#8217;93, l&#8217;accordo separato del 2009 \u00e8 scaduto e quindi bisognerebbe attrezzarsi per costruirne uno nuovo, con tutte le difficolt\u00e0 della questione e anche le resistenze che Confindustria oppone. La mancanza di un&#8217;intesa con Confindustria sar\u00e0 uno dei problemi che segner\u00e0 la prossima stagione contrattuale, e ovviamente avr\u00e0 ripercussioni negative per le sue logiche conseguenze&#8221;.<\/p>\n<p>&#8220;Insieme a questo \u2013 conclude il segretario generale \u2013, c&#8217;\u00e8 il grande problema derivante dalla pretesa delle aziende di immaginare come una legge dello Stato, cio\u00e8 il Jobs act, possa vivere senza i contratti collettivi nazionali di lavoro. Quella legge ha diviso il Paese e quindi non credo che verr\u00e0 messa la nostra firma sulle norme che la riguardano. Serena Sorrentino ha detto che il Jobs act verr\u00e0 combattuto proprio attraverso la contrattazione. Ed \u00e8 assolutamente vero. Noi riteniamo che i contratti di lavoro debbano essere lo strumento per erigere un argine nei confronti del Jobs act, sapendo che poi \u00e8 una legge dello Stato, ma non \u00e8 un insieme di norme che vede le forze sociali concordi. Quando Renzi ha immaginato di colpire direttamente il sindacato e di dividerlo dalle imprese, spero che almeno sapesse che poi alla fine la vicenda non si sarebbe conclusa con un voto in Parlamento. Questa storia continuer\u00e0 attraverso i contratti di lavoro, attraverso il ricorso alla giurisdizione per quanto riguarda quelle palesi incongruit\u00e0 del Jobs act, che non fanno apparire tutti i lavoratori uguali di fronte alla legge&#8221;.<\/p>\n<p>Related news:\u00a0<a href=\"http:\/\/www.rassegna.it\/articoli\/2015\/02\/02\/118470\/contratti-filctem-femca-e-uiltec-giocano-danticipo\" target=\"_blank\" rel=\"noopener\">Contratti: Filctem, Femca e Uiltec giocano d&#8217;anticipo<\/a><\/p>\n<p><a href=\"http:\/\/media.mimesi.com\/cacheServer\/servlet\/CropServer?date=20150204&amp;idArticle=200029673&amp;authCookie=1963340165\" target=\"_blank\" rel=\"noopener\">I conti non tornano sui contratti Chimici apripista<\/a>\u00a0(<em>CORRIERE DELLA SERA<\/em>)<\/p>\n<p><a href=\"http:\/\/www.ilsole24ore.com\/art\/impresa-e-territori\/2015-02-05\/effetto-deflazione-contratti-063847.shtml?uuid=ABFuslpC\" target=\"_blank\" rel=\"noopener\">Effetto deflazione sui contratti<\/a> (The sun 24 hours)<\/p>\n<p><a href=\"http:\/\/www.filctemcgil.it\/images\/stories\/flexicontent\/news\/panorama_sindacale\/150202comunicatocontrattiesecutiviunitari.pdf\" target=\"_blank\" rel=\"noopener\">Press release Filctem, Femca, Uiltec<\/a>\u00a0:\u00a0\u201cAnticipiamo la costruzione delle piattaforme di categoria, a partire da quella del chimico farmaceutico, anche perch\u00e9 per noi il contratto nazionale ha un valore insostituibile\u201d.<\/p>\n<p><a href=\"http:\/\/www.filctemcgil.it\/images\/stories\/flexicontent\/news\/panorama_sindacale\/2.2.15_Esecutivi_Unitari_2-1.pdf\" target=\"_blank\" rel=\"noopener\">Esecutivi Unitari Filctem, Femca, Uiltec del 2 febbraio 2015<\/a><\/p>","protected":false},"excerpt":{"rendered":"<p>\u00a0Chi poteva immaginare che tutti i contratti di lavoro dovessero prevedere quello che nessuno ha mai pensato, cio\u00e8 di poter restituire delle somme alle imprese?\u00a0Emilio Miceli (Filctem Cgil), a RadioArticolo1: &#8220;Una parte della classe dirigente del Paese immagina, ed \u00e8 ridicolo anche solo dirlo, che in una fase di deflazione cos\u00ec spinta l&#8217;imputato sia proprio &hellip;<\/p>","protected":false},"author":4,"featured_media":7794,"comment_status":"closed","ping_status":"closed","sticky":false,"template":"","format":"standard","meta":{"footnotes":""},"categories":[1],"tags":[44],"class_list":["post-7788","post","type-post","status-publish","format-standard","has-post-thumbnail","hentry","category-notizie","tag-sindacati"],"amp_enabled":true,"_links":{"self":[{"href":"https:\/\/www.fedaiisf.it\/en\/wp-json\/wp\/v2\/posts\/7788","targetHints":{"allow":["GET"]}}],"collection":[{"href":"https:\/\/www.fedaiisf.it\/en\/wp-json\/wp\/v2\/posts"}],"about":[{"href":"https:\/\/www.fedaiisf.it\/en\/wp-json\/wp\/v2\/types\/post"}],"author":[{"embeddable":true,"href":"https:\/\/www.fedaiisf.it\/en\/wp-json\/wp\/v2\/users\/4"}],"replies":[{"embeddable":true,"href":"https:\/\/www.fedaiisf.it\/en\/wp-json\/wp\/v2\/comments?post=7788"}],"version-history":[{"count":0,"href":"https:\/\/www.fedaiisf.it\/en\/wp-json\/wp\/v2\/posts\/7788\/revisions"}],"wp:featuredmedia":[{"embeddable":true,"href":"https:\/\/www.fedaiisf.it\/en\/wp-json\/wp\/v2\/media\/7794"}],"wp:attachment":[{"href":"https:\/\/www.fedaiisf.it\/en\/wp-json\/wp\/v2\/media?parent=7788"}],"wp:term":[{"taxonomy":"category","embeddable":true,"href":"https:\/\/www.fedaiisf.it\/en\/wp-json\/wp\/v2\/categories?post=7788"},{"taxonomy":"post_tag","embeddable":true,"href":"https:\/\/www.fedaiisf.it\/en\/wp-json\/wp\/v2\/tags?post=7788"}],"curies":[{"name":"wp","href":"https:\/\/api.w.org\/{rel}","templated":true}]}}