{"id":77964,"date":"2024-09-13T10:23:18","date_gmt":"2024-09-13T08:23:18","guid":{"rendered":"https:\/\/www.fedaiisf.it\/?p=77964"},"modified":"2024-09-14T10:48:41","modified_gmt":"2024-09-14T08:48:41","slug":"tar-del-lazio-sospende-il-divieto-di-vendita-dei-farmaci-cannabinoidi-non-e-una-droga","status":"publish","type":"post","link":"https:\/\/www.fedaiisf.it\/en\/tar-del-lazio-sospende-il-divieto-di-vendita-dei-farmaci-cannabinoidi-non-e-una-droga\/","title":{"rendered":"TAR del Lazio sospende il divieto di vendita dei farmaci cannabinoidi: non \u00e8 una droga"},"content":{"rendered":"<h3 class=\"fieldContainerTag h2 text-base-900\" data-kol-section=\"field\" data-kol-field=\"title2\"><em>Cannabis light: il Tar del Lazio sospende il decreto del ministero sui farmaci cannabinoidi<\/em><\/h3>\n<p><em><span style=\"font-size: 14pt;\">Accolto il ricorso di alcune societ\u00e0 che chiedevano l&#8217;annullamento del provvedimento. A dicembre l&#8217;udienza nel merito.\u00a0<\/span><\/em><\/p>\n<p><a href=\"https:\/\/www.agi.it\/cronaca\/news\/2024-09-11\/cannabis-light-tar-lazio-sospende-decreto-ministero-sui-farmaci-cannabinoidi-27797111\/\" target=\"_blank\" rel=\"noopener\">AGI &#8211; 11 settembre 2024<\/a><\/p>\n<p><img loading=\"lazy\" decoding=\"async\" class=\"wp-image-77967 alignright\" src=\"https:\/\/www.fedaiisf.it\/wp-content\/uploads\/2024\/09\/cannabis-light-cbd-formula-1024x682-29a4f66b.jpeg\" alt=\"\" width=\"300\" height=\"200\" srcset=\"https:\/\/www.fedaiisf.it\/wp-content\/uploads\/2024\/09\/cannabis-light-cbd-formula-1024x682-29a4f66b.jpeg 1280w, https:\/\/www.fedaiisf.it\/wp-content\/uploads\/2024\/09\/cannabis-light-cbd-formula-1024x682-29a4f66b-300x200.jpeg 300w, https:\/\/www.fedaiisf.it\/wp-content\/uploads\/2024\/09\/cannabis-light-cbd-formula-1024x682-29a4f66b-1024x682.jpeg 1024w, https:\/\/www.fedaiisf.it\/wp-content\/uploads\/2024\/09\/cannabis-light-cbd-formula-1024x682-29a4f66b-768x512.jpeg 768w, https:\/\/www.fedaiisf.it\/wp-content\/uploads\/2024\/09\/cannabis-light-cbd-formula-1024x682-29a4f66b-18x12.jpeg 18w\" sizes=\"auto, (max-width: 300px) 100vw, 300px\" \/>Il Tar del Lazio, con un&#8217;ordinanza, ha sospeso il decreto del ministero della Salute del 27 giugno scorso sull'&#8221;aggiornamento delle tabelle contenenti l&#8217;indicazione delle sostanze stupefacenti e psicotrope&#8221;, con cui venivano inserite nella tabella dei medicinali, le &#8220;<strong>composizioni per somministrazione a uso orale <\/strong>di cannabidiolo ottenuto da estratti di cannabis&#8221;. Il giudice amministrativo ha accolto l&#8217;istanza cautelare sollecitata nel ricorso di alcune societ\u00e0 che chiedono l&#8217;annullamento del decreto.<\/p>\n<p>Il tribunale amministrativo, nella sua ordinanza, mette in luce &#8220;la peculiarit\u00e0 della vicenda contenziosa&#8221; e i &#8220;risvolti che coinvolgono un&#8217;intera filiera che va dalla produzione alla commercializzazione dei prodotti contenenti estratti di cannabis&#8221;.<\/p>\n<p>Alla luce di ci\u00f2, ha ritenuto &#8220;nelle more, di darsi prevalenza alle esigenze di mantenimento della &#8216;res adhuc integra&#8217; fino alla pronuncia con piena cognizione, come la complessit\u00e0 delle questioni poste richiede, tenuto anche conto del pregiudizio lamentato da parte ricorrente, caratterizzato non solo da profili economici e patrimoniali, comunque rilevanti, ma dalla necessit\u00e0 di<strong> riorganizzazione e di riassetto di un intero settore<\/strong> onde non incorrere in responsabilit\u00e0, tra cui in particolare quella penale, degli operatori&#8221;. Per questo, \u00e8 stata anche disposta una &#8220;fissazione dell&#8217;udienza di merito&#8221;, che si terr\u00e0 il 16 dicembre prossimo.<\/p>\n<hr \/>\n<p><a href=\"https:\/\/www.quotidianosanita.it\/allegati\/allegato1726051957.pdf\" target=\"_blank\" rel=\"noopener\">The Ordinance<\/a><\/p>\n<p><a href=\"https:\/\/www.quotidianosanita.it\/allegati\/create_pdf.php?all=1720430884.pdf\" target=\"_blank\" rel=\"noopener\">Decreto Ministero della Salute<\/a><\/p>","protected":false},"excerpt":{"rendered":"<p>Cannabis light: il Tar del Lazio sospende il decreto del ministero sui farmaci cannabinoidi Accolto il ricorso di alcune societ\u00e0 che chiedevano l&#8217;annullamento del provvedimento. A dicembre l&#8217;udienza nel merito.\u00a0 AGI &#8211; 11 settembre 2024 Il Tar del Lazio, con un&#8217;ordinanza, ha sospeso il decreto del ministero della Salute del 27 giugno scorso sull&#8217;&#8221;aggiornamento delle &hellip;<\/p>","protected":false},"author":4,"featured_media":77969,"comment_status":"closed","ping_status":"closed","sticky":false,"template":"","format":"standard","meta":{"footnotes":""},"categories":[1],"tags":[41],"class_list":["post-77964","post","type-post","status-publish","format-standard","has-post-thumbnail","hentry","category-notizie","tag-leggisentenze"],"amp_enabled":true,"_links":{"self":[{"href":"https:\/\/www.fedaiisf.it\/en\/wp-json\/wp\/v2\/posts\/77964","targetHints":{"allow":["GET"]}}],"collection":[{"href":"https:\/\/www.fedaiisf.it\/en\/wp-json\/wp\/v2\/posts"}],"about":[{"href":"https:\/\/www.fedaiisf.it\/en\/wp-json\/wp\/v2\/types\/post"}],"author":[{"embeddable":true,"href":"https:\/\/www.fedaiisf.it\/en\/wp-json\/wp\/v2\/users\/4"}],"replies":[{"embeddable":true,"href":"https:\/\/www.fedaiisf.it\/en\/wp-json\/wp\/v2\/comments?post=77964"}],"version-history":[{"count":7,"href":"https:\/\/www.fedaiisf.it\/en\/wp-json\/wp\/v2\/posts\/77964\/revisions"}],"predecessor-version":[{"id":77973,"href":"https:\/\/www.fedaiisf.it\/en\/wp-json\/wp\/v2\/posts\/77964\/revisions\/77973"}],"wp:featuredmedia":[{"embeddable":true,"href":"https:\/\/www.fedaiisf.it\/en\/wp-json\/wp\/v2\/media\/77969"}],"wp:attachment":[{"href":"https:\/\/www.fedaiisf.it\/en\/wp-json\/wp\/v2\/media?parent=77964"}],"wp:term":[{"taxonomy":"category","embeddable":true,"href":"https:\/\/www.fedaiisf.it\/en\/wp-json\/wp\/v2\/categories?post=77964"},{"taxonomy":"post_tag","embeddable":true,"href":"https:\/\/www.fedaiisf.it\/en\/wp-json\/wp\/v2\/tags?post=77964"}],"curies":[{"name":"wp","href":"https:\/\/api.w.org\/{rel}","templated":true}]}}