{"id":78044,"date":"2024-09-20T19:36:53","date_gmt":"2024-09-20T17:36:53","guid":{"rendered":"https:\/\/www.fedaiisf.it\/?p=78044"},"modified":"2024-09-23T18:48:09","modified_gmt":"2024-09-23T16:48:09","slug":"napoli-la-sez-aiisf-invitata-a-partecipare-alla-race-for-the-cure","status":"publish","type":"post","link":"https:\/\/www.fedaiisf.it\/en\/napoli-la-sez-aiisf-invitata-a-partecipare-alla-race-for-the-cure\/","title":{"rendered":"Napoli. La Sez. AIISF invitata a partecipare alla &#8220;Race for the cure&#8221;"},"content":{"rendered":"<p>AIISF Napoli \u00e8 stata invitata a partecipare anche quest&#8217;anno alla Race for the cure. Nel 2023 la sezione AIISF partenopea fu premiata per aver raccolto pi\u00f9 iscrizioni online, dimostrando una grande solidariet\u00e0 verso le donne in Rosa. &#8220;L&#8217;invito \u00e8 stato accettato perch\u00e9 correre a favore della vita \u00e8 il nostro maggior desiderio&#8221;, ci comunica il Direttivo AIISF Napoli.<\/p>\n<p><a href=\"https:\/\/www.raceforthecure.it\/race\/team\/43\/detail\/8780\" target=\"_blank\" rel=\"noopener\"><img loading=\"lazy\" decoding=\"async\" class=\"alignnone size-full wp-image-78045\" src=\"https:\/\/www.fedaiisf.it\/wp-content\/uploads\/2024\/09\/Schermata-2024-09-20-alle-19.06.05.png\" alt=\"\" width=\"673\" height=\"126\" srcset=\"https:\/\/www.fedaiisf.it\/wp-content\/uploads\/2024\/09\/Schermata-2024-09-20-alle-19.06.05.png 673w, https:\/\/www.fedaiisf.it\/wp-content\/uploads\/2024\/09\/Schermata-2024-09-20-alle-19.06.05-300x56.png 300w, https:\/\/www.fedaiisf.it\/wp-content\/uploads\/2024\/09\/Schermata-2024-09-20-alle-19.06.05-18x3.png 18w\" sizes=\"auto, (max-width: 673px) 100vw, 673px\" \/><\/a><\/p>\n<p>Torna la Race for the cure 2024 a Napoli. \u00a0Ti aspettiamo domenica 6 ottobre alle ore 10. Partiremo da piazza degli Artisti (Vomero Napoli) e arriveremo fino alla splendida Villa Floridiana e ritorno.<br \/>\nAbbiamo bisogno del tuo sostegno e del tuo entusiasmo.<\/p>\n<p>Unisciti alla squadra &#8220;Aiisf Napoli&#8221;<br \/>\n<a href=\"https:\/\/www.raceforthecure.it\/race\/iscrizione\/43\/iscrizione\/0\" target=\"_blank\" rel=\"noopener\">https:\/\/www.raceforthecure.it\/race\/iscrizione\/43\/iscrizione\/0<\/a><\/p>\n<p><img loading=\"lazy\" decoding=\"async\" class=\"size-full wp-image-78047 alignright\" src=\"https:\/\/www.fedaiisf.it\/wp-content\/uploads\/2024\/09\/Schermata-2024-09-20-alle-19.10.20.png\" alt=\"\" width=\"207\" height=\"205\" srcset=\"https:\/\/www.fedaiisf.it\/wp-content\/uploads\/2024\/09\/Schermata-2024-09-20-alle-19.10.20.png 207w, https:\/\/www.fedaiisf.it\/wp-content\/uploads\/2024\/09\/Schermata-2024-09-20-alle-19.10.20-150x150.png 150w, https:\/\/www.fedaiisf.it\/wp-content\/uploads\/2024\/09\/Schermata-2024-09-20-alle-19.10.20-12x12.png 12w\" sizes=\"auto, (max-width: 207px) 100vw, 207px\" \/>Con l\u2019iscrizione (\u20ac 13,00) alla Race for the Cure i partecipanti riceveranno lo zainetto e la maglia ufficiale della Race for the Cure e potranno visitare (con ticket, ricevuta on line e maglietta Race) nei giorni di seguito indicati, i seguenti musei:<\/p>\n<p>Napoli: 5 \u2013 6 ottobre 2024<br \/>\n&#8211; Castel Sant\u2019Elmo<br \/>\n&#8211; Certosa di San Martino<br \/>\n&#8211; Museo archeologico nazionale di Napoli<br \/>\n&#8211; Museo \u201cDiego Aragona Pignatelli Cortes\u201d<br \/>\n&#8211; Palazzo Reale di Napoli<br \/>\n&#8211; Villa Floridiana<\/p>\n<p>Press release Section AIISF Naples<br \/>\nFederated Fedaiisf<\/p>\n<p><a href=\"https:\/\/www.komen.it\/documents\/1425\/PRGRAMMA_RFTC_CAMPANIA_2024_agg_al_19-9-24.pdf\" target=\"_blank\" rel=\"noopener\">Il Programma<\/a><\/p>\n<hr \/>\n<p><em>Riportiamo il Comunicato di &#8220;Race for the cure&#8221;<\/em><\/p>\n<p><span style=\"color: #ff00ff;\"><b style=\"font-size: 20px;\">La Race for the Cure non \u00e8 solo una manifestazione sportiva, ma una giornata di solidariet\u00e0 e comunit\u00e0.<\/b><\/span><\/p>\n<div class=\"col-md-12 my-2\">Il tuo contributo attraverso l&#8217;iscrizione alla Race for the Cure non solo ti permetter\u00e0 di partecipare a questo straordinario evento, ma sosterr\u00e0 anche i numerosi progetti di Komen Italia. Grazie ai fondi raccolti, Komen Italia pu\u00f2 continuare a realizzare attivit\u00e0 a sostegno delle donne, finanziare premi di studio per giovani ricercatori, collaborare con altre associazioni e organizzare giornate di prevenzione gratuite rivolte a donne in condizioni di fragilit\u00e0 sociale grazie alla Carovana della Prevenzione.<\/div>\n<div class=\"col-md-12 my-2\"><\/div>\n<div class=\"col-md-12\">\n<div class=\"rich-text\">\n<p>Inoltre, grazie ad una partnership con il Ministero della Cultura, i donatori di Komen Italia potranno beneficiare dell&#8217;ingresso gratuito in importanti Istituti museali statali della Regione. Baster\u00e0 indossare la maglia ed esibire la ricevuta della donazione effettuata a Komen Italia.<\/p>\n<\/div>\n<\/div>\n<div class=\"col-md-12 my-2\">Unisciti a noi in una delle tappe, per una giornata indimenticabile di solidariet\u00e0, divertimento e impegno nella lotta contro i tumori del seno. La tua partecipazione far\u00e0 la differenza nella vita di tante donne.<\/div>\n<div class=\"col-md-12 my-1\"><\/div>\n<div class=\"col-md-12\">\n<div class=\"rich-text\">\n<p><b>PER MAGGIORI INFORMAZIONI ED ISCRIZIONI ALLA RACE:<\/b> <a href=\"http:\/\/www.raceforthecure.it\/\" target=\"_blank\" rel=\"noopener\">www.raceforthecure.it<\/a><\/p>\n<\/div>\n<\/div>\n<p><img loading=\"lazy\" decoding=\"async\" class=\"size-full wp-image-78050 aligncenter\" src=\"https:\/\/www.fedaiisf.it\/wp-content\/uploads\/2024\/09\/Schermata-2024-09-20-alle-19.24.43.png\" alt=\"\" width=\"493\" height=\"224\" srcset=\"https:\/\/www.fedaiisf.it\/wp-content\/uploads\/2024\/09\/Schermata-2024-09-20-alle-19.24.43.png 493w, https:\/\/www.fedaiisf.it\/wp-content\/uploads\/2024\/09\/Schermata-2024-09-20-alle-19.24.43-300x136.png 300w, https:\/\/www.fedaiisf.it\/wp-content\/uploads\/2024\/09\/Schermata-2024-09-20-alle-19.24.43-18x8.png 18w\" sizes=\"auto, (max-width: 493px) 100vw, 493px\" \/><\/p>\n<p><em><b><span style=\"color: #ff00ff;\">RACE FOR THE CURE<\/span>,<\/b> evento simbolo di Komen Italia, \u00e8 la pi\u00f9 grande manifestazione per la lotta ai tumori del seno in Italia e nel mondo. Si svolge sotto l&#8217;Alto Patronato del Presidente della Repubblica. La Race si svolge \u00a0nelle citt\u00e0 italiane di Bari, Bologna, Brescia e Matera e in alcune citt\u00e0 della Campania (Napoli, Capua, Caserta, Benevento, Salerno, Avellino).<\/em><\/p>\n<p><em>Grazie a questa manifestazione sociale \u00e8 stato possibile negli ultimi 25 anni dare avvio in tutta Italia ad oltre 1500 nuovi progetti di ricerca, prevenzione e sostegno alle donne che vivono l&#8217;esperienza di un tumore del seno.<\/em><\/p>\n<p>Related news: <a href=\"https:\/\/www.salute.gov.it\/portale\/news\/p3_2_1_1_1.jsp?lingua=italiano&amp;menu=notizie&amp;p=dalministero&amp;id=6648\" target=\"_blank\" rel=\"noopener\">\u201cLILT for Women \u2013 Nastro Rosa\u201d. Presentata presso il Ministero della Salute la nuova campagna per la lotta contro il tumore al seno<\/a><\/p>","protected":false},"excerpt":{"rendered":"<p>AIISF Napoli \u00e8 stata invitata a partecipare anche quest&#8217;anno alla Race for the cure. Nel 2023 la sezione AIISF partenopea fu premiata per aver raccolto pi\u00f9 iscrizioni online, dimostrando una grande solidariet\u00e0 verso le donne in Rosa. &#8220;L&#8217;invito \u00e8 stato accettato perch\u00e9 correre a favore della vita \u00e8 il nostro maggior desiderio&#8221;, ci comunica il &hellip;<\/p>","protected":false},"author":4,"featured_media":78059,"comment_status":"closed","ping_status":"closed","sticky":false,"template":"","format":"standard","meta":{"footnotes":""},"categories":[1,14],"tags":[45],"class_list":["post-78044","post","type-post","status-publish","format-standard","has-post-thumbnail","hentry","category-notizie","category-news-fedaiisf","tag-fedaiisf"],"amp_enabled":true,"_links":{"self":[{"href":"https:\/\/www.fedaiisf.it\/en\/wp-json\/wp\/v2\/posts\/78044","targetHints":{"allow":["GET"]}}],"collection":[{"href":"https:\/\/www.fedaiisf.it\/en\/wp-json\/wp\/v2\/posts"}],"about":[{"href":"https:\/\/www.fedaiisf.it\/en\/wp-json\/wp\/v2\/types\/post"}],"author":[{"embeddable":true,"href":"https:\/\/www.fedaiisf.it\/en\/wp-json\/wp\/v2\/users\/4"}],"replies":[{"embeddable":true,"href":"https:\/\/www.fedaiisf.it\/en\/wp-json\/wp\/v2\/comments?post=78044"}],"version-history":[{"count":12,"href":"https:\/\/www.fedaiisf.it\/en\/wp-json\/wp\/v2\/posts\/78044\/revisions"}],"predecessor-version":[{"id":78091,"href":"https:\/\/www.fedaiisf.it\/en\/wp-json\/wp\/v2\/posts\/78044\/revisions\/78091"}],"wp:featuredmedia":[{"embeddable":true,"href":"https:\/\/www.fedaiisf.it\/en\/wp-json\/wp\/v2\/media\/78059"}],"wp:attachment":[{"href":"https:\/\/www.fedaiisf.it\/en\/wp-json\/wp\/v2\/media?parent=78044"}],"wp:term":[{"taxonomy":"category","embeddable":true,"href":"https:\/\/www.fedaiisf.it\/en\/wp-json\/wp\/v2\/categories?post=78044"},{"taxonomy":"post_tag","embeddable":true,"href":"https:\/\/www.fedaiisf.it\/en\/wp-json\/wp\/v2\/tags?post=78044"}],"curies":[{"name":"wp","href":"https:\/\/api.w.org\/{rel}","templated":true}]}}