{"id":78110,"date":"2024-09-25T19:22:37","date_gmt":"2024-09-25T17:22:37","guid":{"rendered":"https:\/\/www.fedaiisf.it\/?p=78110"},"modified":"2024-09-30T11:19:28","modified_gmt":"2024-09-30T09:19:28","slug":"universita-della-calabria-unical-fedaiisf-invitata-a-partecipare-al-riordino-della-laurea-in-informazione-scientifica-isfps","status":"publish","type":"post","link":"https:\/\/www.fedaiisf.it\/en\/universita-della-calabria-unical-fedaiisf-invitata-a-partecipare-al-riordino-della-laurea-in-informazione-scientifica-isfps\/","title":{"rendered":"Universit\u00e0 Della Calabria UNICAL: Fedaiisf invitata a partecipare al riordino della laurea in informazione scientifica (ISFPS)"},"content":{"rendered":"<p><span style=\"font-size: 14pt; color: #000000;\">Nel pomeriggio di oggi (ndr.: <em>25 settembre 2024 per chi legge<\/em>), Fedaiisf <img loading=\"lazy\" decoding=\"async\" class=\"wp-image-78114 alignright\" src=\"https:\/\/www.fedaiisf.it\/wp-content\/uploads\/2024\/09\/Screenshot-2024-09-25-alle-19.02.24.png\" alt=\"\" width=\"239\" height=\"172\" srcset=\"https:\/\/www.fedaiisf.it\/wp-content\/uploads\/2024\/09\/Screenshot-2024-09-25-alle-19.02.24.png 428w, https:\/\/www.fedaiisf.it\/wp-content\/uploads\/2024\/09\/Screenshot-2024-09-25-alle-19.02.24-300x216.png 300w, https:\/\/www.fedaiisf.it\/wp-content\/uploads\/2024\/09\/Screenshot-2024-09-25-alle-19.02.24-18x12.png 18w\" sizes=\"auto, (max-width: 239px) 100vw, 239px\" \/>partecipa, come rappresentante degli Informatori Scientifici, ad una importante riunione convocata dal Corso di Laurea in ISF della Facolt\u00e0 di Farmacia dell&#8217;Universit\u00e0 della Calabria UNICAL, per il riordino del Piano di Studi dello stesso. <\/span><\/p>\n<p><span style=\"font-size: 14pt; color: #000000;\">\u00c8 molto importante essere stati convocati. In tal modo potremo portare le nostre istanze di categoria e partecipare, con i nostri suggerimenti, alle dinamiche didattiche del Corso di Laurea.\u00a0<\/span><\/p>\n<p><span style=\"font-size: 14pt; color: #000000;\">Fedaiisf Calabria press release<\/span><br \/>\n<span style=\"font-size: 14pt; color: #000000;\">\u00a0 \u00a0 \u00a0&#8211; 25 settembre 2024 &#8211;<\/span><\/p>\n<hr \/>\n<p><img loading=\"lazy\" decoding=\"async\" class=\"alignnone size-full wp-image-78113\" src=\"https:\/\/www.fedaiisf.it\/wp-content\/uploads\/2024\/09\/Corso-laurea-Unical-png.png\" alt=\"\" width=\"964\" height=\"512\" srcset=\"https:\/\/www.fedaiisf.it\/wp-content\/uploads\/2024\/09\/Corso-laurea-Unical-png.png 964w, https:\/\/www.fedaiisf.it\/wp-content\/uploads\/2024\/09\/Corso-laurea-Unical-png-300x159.png 300w, https:\/\/www.fedaiisf.it\/wp-content\/uploads\/2024\/09\/Corso-laurea-Unical-png-768x408.png 768w, https:\/\/www.fedaiisf.it\/wp-content\/uploads\/2024\/09\/Corso-laurea-Unical-png-18x10.png 18w\" sizes=\"auto, (max-width: 964px) 100vw, 964px\" \/><\/p>\n<hr \/>\n<p>Note: <em>Ricordiamo che con il Decreto Ministeriale del 3 Agosto 2007, integrativo al D.Lgs. 219\/06, le lauree appartenenti alla Classe L-29 sono idonee a svolgere l&#8217;attivit\u00e0 di ISF a condizione che siano stati superati gli esami di farmacologia, patologia, tossicologia, chimica farmaceutica e tossicologica, tecnologia e legislazione farmaceutica<\/em><\/p>","protected":false},"excerpt":{"rendered":"<p>Nel pomeriggio di oggi (ndr.: 25 settembre 2024 per chi legge), Fedaiisf partecipa, come rappresentante degli Informatori Scientifici, ad una importante riunione convocata dal Corso di Laurea in ISF della Facolt\u00e0 di Farmacia dell&#8217;Universit\u00e0 della Calabria UNICAL, per il riordino del Piano di Studi dello stesso. \u00c8 molto importante essere stati convocati. In tal modo &hellip;<\/p>","protected":false},"author":4,"featured_media":78117,"comment_status":"closed","ping_status":"closed","sticky":false,"template":"","format":"standard","meta":{"footnotes":""},"categories":[14,16],"tags":[45],"class_list":["post-78110","post","type-post","status-publish","format-standard","has-post-thumbnail","hentry","category-news-fedaiisf","category-primo-piano","tag-fedaiisf"],"amp_enabled":true,"_links":{"self":[{"href":"https:\/\/www.fedaiisf.it\/en\/wp-json\/wp\/v2\/posts\/78110","targetHints":{"allow":["GET"]}}],"collection":[{"href":"https:\/\/www.fedaiisf.it\/en\/wp-json\/wp\/v2\/posts"}],"about":[{"href":"https:\/\/www.fedaiisf.it\/en\/wp-json\/wp\/v2\/types\/post"}],"author":[{"embeddable":true,"href":"https:\/\/www.fedaiisf.it\/en\/wp-json\/wp\/v2\/users\/4"}],"replies":[{"embeddable":true,"href":"https:\/\/www.fedaiisf.it\/en\/wp-json\/wp\/v2\/comments?post=78110"}],"version-history":[{"count":4,"href":"https:\/\/www.fedaiisf.it\/en\/wp-json\/wp\/v2\/posts\/78110\/revisions"}],"predecessor-version":[{"id":78118,"href":"https:\/\/www.fedaiisf.it\/en\/wp-json\/wp\/v2\/posts\/78110\/revisions\/78118"}],"wp:featuredmedia":[{"embeddable":true,"href":"https:\/\/www.fedaiisf.it\/en\/wp-json\/wp\/v2\/media\/78117"}],"wp:attachment":[{"href":"https:\/\/www.fedaiisf.it\/en\/wp-json\/wp\/v2\/media?parent=78110"}],"wp:term":[{"taxonomy":"category","embeddable":true,"href":"https:\/\/www.fedaiisf.it\/en\/wp-json\/wp\/v2\/categories?post=78110"},{"taxonomy":"post_tag","embeddable":true,"href":"https:\/\/www.fedaiisf.it\/en\/wp-json\/wp\/v2\/tags?post=78110"}],"curies":[{"name":"wp","href":"https:\/\/api.w.org\/{rel}","templated":true}]}}