{"id":78163,"date":"2024-09-30T12:13:19","date_gmt":"2024-09-30T10:13:19","guid":{"rendered":"https:\/\/www.fedaiisf.it\/?p=78163"},"modified":"2024-09-30T12:13:19","modified_gmt":"2024-09-30T10:13:19","slug":"decreto-legge-arresto-in-flagranza-differita-per-chi-aggredisce-gli-operatori-sanitari","status":"publish","type":"post","link":"https:\/\/www.fedaiisf.it\/en\/decreto-legge-arresto-in-flagranza-differita-per-chi-aggredisce-gli-operatori-sanitari\/","title":{"rendered":"Decreto Legge. Arresto in &#8220;flagranza differita&#8221; per chi aggredisce gli operatori sanitari"},"content":{"rendered":"<p><em>&quot;THE<\/em><em>l decreto \u00e8 stato proposto da<\/em><em>the<\/em><em>\u00a0ministr<\/em><em>the<\/em><em>\u00a0<strong>Tell us<\/strong><\/em><strong><em>\u00a0<\/em><\/strong><em>And<strong>\u00a0Nordio<\/strong>,<\/em><em>\u00a0che ringrazio<\/em>\u00a0- explains\u00a0<strong>Rings<\/strong>\u00a0\u2013\u00a0<em>e adotta\u00a0<\/em><em>f<\/em><em>inalmente l\u2019estensione dell\u2019arresto in flagranza di<\/em><em>f<\/em><em>ferita anche alle violenze operate nei confronti dei professionisti sanitari o comunque nelle strutture sanitarie<\/em><em>,<\/em><em>\u00a0attraverso un filmato<\/em><em>,<\/em><em>\u00a0<\/em><em>u<\/em><em>na videoregistrazione o qualsiasi altro strumento che consenta di poter individuare l\u2019aggressore<\/em><em>.<\/em><em>\u00a0<\/em><em>c<\/em><em>ome noto<\/em><em>,<\/em><em>\u00a0l\u2019arresto in fragranza differita d\u00e0 la possibilit\u00e0 al personale di pubblica sicurezza di poter arrestare entro le 48 ore il soggetto che ha procurato violenza e quindi di assicurarlo alla giustizia<\/em><em>\u201d.<\/em><\/p>\n<p><img loading=\"lazy\" decoding=\"async\" class=\"wp-image-78168 alignright\" src=\"https:\/\/www.fedaiisf.it\/wp-content\/uploads\/2024\/09\/medici_aggrediti-c5fae2b3.webp\" alt=\"\" width=\"338\" height=\"225\" srcset=\"https:\/\/www.fedaiisf.it\/wp-content\/uploads\/2024\/09\/medici_aggrediti-c5fae2b3.webp 621w, https:\/\/www.fedaiisf.it\/wp-content\/uploads\/2024\/09\/medici_aggrediti-c5fae2b3-300x200.webp 300w, https:\/\/www.fedaiisf.it\/wp-content\/uploads\/2024\/09\/medici_aggrediti-c5fae2b3-18x12.webp 18w\" sizes=\"auto, (max-width: 338px) 100vw, 338px\" \/>L\u2019istituto dell\u2019arresto in flagranza differita, gi\u00e0 adottato in contesti quali le manifestazioni sportive o i reati inerenti alla violenza domestica, permette infatti di estendere la flagranza sino alle 48 ore dopo il fatto, ove sia disponibile adeguata documentazione derivante, ad esempio, da dispositivi di videosorveglianza. Una misura, questa, suggerita da <strong>FNOMCeO <\/strong>e subito fatta propria dal Ministro Orazio\u00a0<strong>Tell us<\/strong>, insieme al Ministro Carlo\u00a0<strong>Nordio<\/strong>, in quanto consente di effettuare comunque l\u2019arresto anche quando, per il contesto come pu\u00f2 essere quello di un pronto soccorso affollato, non sia possibile farlo contestualmente all\u2019aggressione.<\/p>\n<p><em>&quot;The<\/em><em>\u00a0decreto introduce anche<\/em>\u00a0\u2013 aggiunge\u00a0<strong>Rings<\/strong>\u00a0\u2013\u00a0<em>multe pecuniarie fino a 10.000<\/em><em>\u00a0euro<\/em><em>\u00a0For\u00a0<\/em><em>c<\/em><em>hi produce qualsiasi tipo di violenza e di distruzione di suppellettili\u00a0<\/em><em>or\u00a0<\/em><em>di ambienti nelle strutture sanitarie<\/em><em>. R<\/em><em>appresenta quindi oggi un primo passo importante<\/em><em>\u201d.<\/em><\/p>\n<p><em>\u201cC<\/em><em>rediamo che il\u00a0<\/em><em>g<\/em><em>overno ora<\/em>\u00a0\u2013 concludes \u2013\u00a0<em>debba dare delle precise indicazioni alle Aziende Sanitarie e alle\u00a0<\/em><em>R<\/em><em>egioni perch\u00e9 adottino sistemi di videosorveglianza<\/em><em>,<\/em><em>\u00a0utilizzando eventualmente anche i fondi del\u00a0<\/em><em>PNRR<\/em><em>,<\/em><em>\u00a0per poter consentire a questa norma di diventare realmente efficace<\/em><em>\u201d.<\/em><\/p>\n<p>Dal comunicato <a href=\"https:\/\/portale.fnomceo.it\/violenza-medici-anelli-fnomceo-soddisfazione-per-approvazione-dl-con-nuove-misure-ora-dare-indicazioni-a-regioni-e-asl-per-videosorveglianza-anche-con-fondi-pnrr\/\" target=\"_blank\" rel=\"noopener\">FNOMCeO del 27 settembre 2024<\/a><\/p>\n<p>Related news. <a href=\"https:\/\/www.fimmg.org\/index.php?action=pages&amp;m=view&amp;p=32818&amp;lang=it\" target=\"_blank\" rel=\"noopener\">Comunicato. Fimmg esprime soddisfazione per l\u2019approvazione del Decreto-legge.<\/a><\/p>\n<hr \/>\n<p><strong><a href=\"https:\/\/www.salute.gov.it\/portale\/news\/p3_2_1_1_1.jsp?lingua=italiano&amp;menu=notizie&amp;p=dalministero&amp;id=6653\" target=\"_blank\" rel=\"noopener\">Ministero della Salute &#8211; 27 settembre 2024<\/a><\/strong><\/p>\n<h4 class=\"span11\">Aggressioni al personale sanitario, Schillaci: \u201cArresto in flagranza differita \u00e8 legge&#8221;<\/h4>\n<p>\u201cOggi abbiamo dato un\u2019altra risposta concreta a tutela di medici, infermieri e di tutti gli operatori sanitari e sociosanitari. Con l\u2019approvazione del decreto legge sulle aggressioni, \u00e8 <img loading=\"lazy\" decoding=\"async\" class=\"wp-image-75687 alignleft\" src=\"https:\/\/www.fedaiisf.it\/wp-content\/uploads\/2024\/03\/Schillaci-2024-03-07-alle-16.57.51.png\" alt=\"\" width=\"251\" height=\"208\" srcset=\"https:\/\/www.fedaiisf.it\/wp-content\/uploads\/2024\/03\/Schillaci-2024-03-07-alle-16.57.51.png 451w, https:\/\/www.fedaiisf.it\/wp-content\/uploads\/2024\/03\/Schillaci-2024-03-07-alle-16.57.51-300x248.png 300w, https:\/\/www.fedaiisf.it\/wp-content\/uploads\/2024\/03\/Schillaci-2024-03-07-alle-16.57.51-15x12.png 15w\" sizes=\"auto, (max-width: 251px) 100vw, 251px\" \/>immediatamente applicabile l\u2019arresto in flagranza di reato anche differita per chi aggredisce un operatore sanitario. Abbiamo mantenuto un impegno preso con chi ogni giorno si dedica con competenza e dedizione alla cura dei cittadini e non merita di essere oggetto di violenza\u201d. \u00c8 quanto dichiara il Ministro della Salute, Orazio Schillaci.<\/p>\n<p>\u201cIl decreto inoltre \u2013 aggiunge &#8211; inasprisce la pena per chi danneggia beni all\u2019interno o all\u2019esterno di una struttura sanitaria. Non vogliamo pi\u00f9 assistere a violenze nei confronti di donne e uomini del servizio sanitario ma neanche alla distruzione di pronto soccorso o reparti. Queste misure si aggiungono alle altre gi\u00e0 approvate lo scorso anno, a scopo preventivo e di deterrenza: sono aumentate le pene per gli aggressori, \u00e8 gi\u00e0 prevista la procedibilit\u00e0 d\u2019ufficio, indipendentemente dalla denuncia di chi viene aggredito, e sono stati potenziati i presidi di polizia negli ospedali. Vogliamo che nelle strutture sanitarie e sociosanitarie si lavori in sicurezza \u2013 conclude il Ministro &#8211; ma sappiamo che accanto a questi doverosi e necessari interventi occorre uno sforzo ancora maggiore sul piano culturale. Per questo continueremo a promuovere, insieme alle categorie, campagne per sensibilizzare i cittadini e rinsaldare il rapporto di fiducia tra paziente e medico\u201d.<\/p>\n<p><strong>Il decreto legge modifica gli articoli del codice di procedura penale 380 (arresto obbligatorio in flagranza) e 382 bis (arresto in flagranza differita): si estende l\u2019arresto obbligatorio in flagranza anche agli atti di violenza che causano lesioni personali ai professionisti sanitari o che producono danni ai beni mobili e immobili destinati all\u2019assistenza sanitaria, con la conseguente compromissione del servizio pubblico <img loading=\"lazy\" decoding=\"async\" class=\"wp-image-77695 alignright\" src=\"https:\/\/www.fedaiisf.it\/wp-content\/uploads\/2024\/08\/Screenshot-2024-08-21-alle-11.53.53.png\" alt=\"\" width=\"263\" height=\"151\" srcset=\"https:\/\/www.fedaiisf.it\/wp-content\/uploads\/2024\/08\/Screenshot-2024-08-21-alle-11.53.53.png 1898w, https:\/\/www.fedaiisf.it\/wp-content\/uploads\/2024\/08\/Screenshot-2024-08-21-alle-11.53.53-300x172.png 300w, https:\/\/www.fedaiisf.it\/wp-content\/uploads\/2024\/08\/Screenshot-2024-08-21-alle-11.53.53-1024x588.png 1024w, https:\/\/www.fedaiisf.it\/wp-content\/uploads\/2024\/08\/Screenshot-2024-08-21-alle-11.53.53-768x441.png 768w, https:\/\/www.fedaiisf.it\/wp-content\/uploads\/2024\/08\/Screenshot-2024-08-21-alle-11.53.53-1536x882.png 1536w, https:\/\/www.fedaiisf.it\/wp-content\/uploads\/2024\/08\/Screenshot-2024-08-21-alle-11.53.53-18x10.png 18w\" sizes=\"auto, (max-width: 263px) 100vw, 263px\" \/>erogato dalle strutture. Inoltre si applica l\u2019arresto obbligatorio in flagranza, anche \u201cdifferito\u201d, ossia nelle quarantotto ore successive alla condotta delittuosa inequivocabilmente provata da documentazione videofotografica.<\/strong><\/p>\n<p>La norma modifica anche l\u2019articolo 365 del codice penale prevedendo una <strong>pena aggravata per chi danneggia beni mobili o immobili all\u2019interno o nelle pertinenze di strutture sanitarie o socio-sanitarie residenziali o semiresidenziali, pubbliche o private,<\/strong> compresi beni di medici e personale sanitario: <strong>reclusione da uno a cinque anni e multa fino a 10.000 euro e la pena \u00e8 aumentata se il fatto \u00e8 commesso da pi\u00f9 persone riunite<\/strong>.<\/p>\n<p><a href=\"https:\/\/www.quotidianosanita.it\/allegati\/allegato1727428279.pdf\" target=\"_blank\" rel=\"noopener\"><strong>The Decree<\/strong><\/a><\/p>\n<p>Related news: <a href=\"https:\/\/www.gnewsonline.it\/nordio-intollerabili-le-aggressioni-al-personale-sanitario\/\" target=\"_blank\" rel=\"noopener\">Nordio: \u201cIntollerabili le aggressioni al personale sanitario\u201d<\/a><\/p>","protected":false},"excerpt":{"rendered":"<p>\u201cIl decreto \u00e8 stato proposto dai\u00a0ministri\u00a0Schillaci\u00a0e\u00a0Nordio,\u00a0che ringrazio\u00a0\u2013 spiega\u00a0Anelli\u00a0\u2013\u00a0e adotta\u00a0finalmente l\u2019estensione dell\u2019arresto in flagranza differita anche alle violenze operate nei confronti dei professionisti sanitari o comunque nelle strutture sanitarie,\u00a0attraverso un filmato,\u00a0una videoregistrazione o qualsiasi altro strumento che consenta di poter individuare l\u2019aggressore.\u00a0Come noto,\u00a0l\u2019arresto in fragranza differita d\u00e0 la possibilit\u00e0 al personale di pubblica sicurezza di poter &hellip;<\/p>","protected":false},"author":4,"featured_media":78169,"comment_status":"closed","ping_status":"closed","sticky":false,"template":"","format":"standard","meta":{"footnotes":""},"categories":[1],"tags":[41,79],"class_list":["post-78163","post","type-post","status-publish","format-standard","has-post-thumbnail","hentry","category-notizie","tag-leggisentenze","tag-ssn"],"amp_enabled":true,"_links":{"self":[{"href":"https:\/\/www.fedaiisf.it\/en\/wp-json\/wp\/v2\/posts\/78163","targetHints":{"allow":["GET"]}}],"collection":[{"href":"https:\/\/www.fedaiisf.it\/en\/wp-json\/wp\/v2\/posts"}],"about":[{"href":"https:\/\/www.fedaiisf.it\/en\/wp-json\/wp\/v2\/types\/post"}],"author":[{"embeddable":true,"href":"https:\/\/www.fedaiisf.it\/en\/wp-json\/wp\/v2\/users\/4"}],"replies":[{"embeddable":true,"href":"https:\/\/www.fedaiisf.it\/en\/wp-json\/wp\/v2\/comments?post=78163"}],"version-history":[{"count":5,"href":"https:\/\/www.fedaiisf.it\/en\/wp-json\/wp\/v2\/posts\/78163\/revisions"}],"predecessor-version":[{"id":78170,"href":"https:\/\/www.fedaiisf.it\/en\/wp-json\/wp\/v2\/posts\/78163\/revisions\/78170"}],"wp:featuredmedia":[{"embeddable":true,"href":"https:\/\/www.fedaiisf.it\/en\/wp-json\/wp\/v2\/media\/78169"}],"wp:attachment":[{"href":"https:\/\/www.fedaiisf.it\/en\/wp-json\/wp\/v2\/media?parent=78163"}],"wp:term":[{"taxonomy":"category","embeddable":true,"href":"https:\/\/www.fedaiisf.it\/en\/wp-json\/wp\/v2\/categories?post=78163"},{"taxonomy":"post_tag","embeddable":true,"href":"https:\/\/www.fedaiisf.it\/en\/wp-json\/wp\/v2\/tags?post=78163"}],"curies":[{"name":"wp","href":"https:\/\/api.w.org\/{rel}","templated":true}]}}