{"id":78234,"date":"2024-10-06T06:40:03","date_gmt":"2024-10-06T04:40:03","guid":{"rendered":"https:\/\/www.fedaiisf.it\/?p=78234"},"modified":"2024-10-05T10:42:36","modified_gmt":"2024-10-05T08:42:36","slug":"ssn-nasce-salute-e-sanita-la-serie-di-podcast-targata-fnomceo","status":"publish","type":"post","link":"https:\/\/www.fedaiisf.it\/en\/ssn-nasce-salute-e-sanita-la-serie-di-podcast-targata-fnomceo\/","title":{"rendered":"SSN. Nasce \u201cSalute e sanit\u00e0\u201d, la serie di podcast targata FNOMCeO."},"content":{"rendered":"<h4 class=\"entry-title\">Nel primo episodio, il SSN ieri oggi e domani<\/h4>\n<p><a href=\"https:\/\/portale.fnomceo.it\/nasce-salute-e-sanita-la-serie-di-podcast-targata-fnomceo-nel-primo-episodio-il-ssn-ieri-oggi-e-domani\/\" target=\"_blank\" rel=\"noopener\">FNOMCeO &#8211; 4 ottobre 2024<\/a><\/p>\n<p><em>Era avvenuto un miracolo in Italia: tutte le persone erano uguali davanti alla salute\u201d.<\/em><\/p>\n<div class=\"entry-content typography\">\n<p>Thus the President of the <strong>FNOMCeO<\/strong>, la Federazione nazionale degli Ordini dei Medici Chirurghi e Odontoiatri, Filippo\u00a0<strong>Rings<\/strong>, descrive la nascita del Servizio sanitario nazionale. Lo fa nel primo della nuova serie di\u00a0<strong>podcasts<\/strong>\u00a0\u201c<strong>Salute e sanit\u00e0<\/strong>\u201d, prodotta dalla <strong>FNOMCeO <\/strong>per raccontare la Professione medica e il Servizio Sanitario nazionale. L\u2019episodio numero uno, nel quale\u00a0<strong>Rings<\/strong>\u00a0racconta appunto gli esordi del SSN e fa il punto sul suo stato di salute e sulle prospettive future, \u00e8 fruibile sulla piattaforma Spotify a questo\u00a0<a href=\"https:\/\/open.spotify.com\/episode\/60oS8thVtPvXX3rnTx7j9v?si=vQDYoAOaTMWkAeEzu-2vAg\" target=\"_blank\" rel=\"noopener\" data-saferedirecturl=\"https:\/\/www.google.com\/url?q=https:\/\/open.spotify.com\/episode\/60oS8thVtPvXX3rnTx7j9v?si%3DvQDYoAOaTMWkAeEzu-2vAg&amp;source=gmail&amp;ust=1728124714339000&amp;usg=AOvVaw32cpZwE7ksPxTg26aGiuSb\">links<\/a>:<\/p>\n<p><a href=\"https:\/\/open.spotify.com\/episode\/60oS8thVtPvXX3rnTx7j9v?si=vQDYoAOaTMWkAeEzu-2vAg\" target=\"_blank\" rel=\"noopener\" data-saferedirecturl=\"https:\/\/www.google.com\/url?q=https:\/\/open.spotify.com\/episode\/60oS8thVtPvXX3rnTx7j9v?si%3DvQDYoAOaTMWkAeEzu-2vAg&amp;source=gmail&amp;ust=1728124714340000&amp;usg=AOvVaw1aM1fPijYN6gC7nAdkRcGm\">https:\/\/open.spotify.com\/episode\/60oS8thVtPvXX3rnTx7j9v?si=vQDYoAOaTMWkAeEzu-2vAg<\/a><\/p>\n<p><em><img loading=\"lazy\" decoding=\"async\" class=\"wp-image-38109 alignright\" src=\"https:\/\/www.fedaiisf.it\/wp-content\/uploads\/2018\/09\/Anelli-Fnomceo.png\" alt=\"\" width=\"246\" height=\"138\" srcset=\"https:\/\/www.fedaiisf.it\/wp-content\/uploads\/2018\/09\/Anelli-Fnomceo.png 777w, https:\/\/www.fedaiisf.it\/wp-content\/uploads\/2018\/09\/Anelli-Fnomceo-300x168.png 300w, https:\/\/www.fedaiisf.it\/wp-content\/uploads\/2018\/09\/Anelli-Fnomceo-768x430.png 768w, https:\/\/www.fedaiisf.it\/wp-content\/uploads\/2018\/09\/Anelli-Fnomceo-390x220.png 390w\" sizes=\"auto, (max-width: 246px) 100vw, 246px\" \/>\u201cDopo quarantacinque anni, il sistema comincia a mostrare le prime rughe, anzi direi forse qualcosa di pi\u00f9 \u2013\u00a0<\/em>continues\u00a0<strong>Rings<\/strong>\u00a0\u2013 o<em>ggi 4 milioni e mezzo di cittadini rinunciano alle cure: \u00e8 come se una regione italiana come l\u2019Emilia-Romagna, che ha una popolazione simile, rinunciasse a curarsi\u201d<\/em>.<\/p>\n<p>Che cosa \u00e8 successo?<\/p>\n<p><em>\u201cMan mano che la popolazione invecchia<\/em> \u2013 sottolinea il Presidente FNOMCeO \u2013 <em>aumentano le necessit\u00e0 di cura,\u00a0<\/em><em>aumenta la domanda di salute della gente e il sistema dovrebbe in qualche maniera aggiornarsi, diventare meno burocratico e soprattutto avere pi\u00f9 risorse. Oggi le risorse che consentivano fino a un decennio fa di affrontare in maniera efficace i problemi di salute in realt\u00e0 cominciano ad avere qualche d\u00e9faillance; quindi, i problemi nascono da una riduzione del personale che \u00e8 avvenuta nel tempo e che sempre pi\u00f9 ha compromesso l\u2019erogazione delle prestazioni facendo aumentare le liste d\u2019attesa. Se non ci sono professionisti e ci sono tante richieste ovviamente bisogner\u00e0 mettersi in attesa per ottenere quella prestazione. E poi \u00e8 cambiato anche il mercato, cio\u00e8 il mercato del lavoro, viviamo in uno stato europeo quindi diffuso, che offre ai professionisti della salute, non solo ai medici, ma anche agli infermieri e altri professionisti stipendi pi\u00f9 alti e quindi \u00e8 chiaro che man mano che passano gli anni l\u2019attrattivit\u00e0 del sistema diventa sempre pi\u00f9 bassa se non si corre ai ripari\u201d.<\/em><\/p>\n<p><em>\u00a0<\/em>\u201c<em>Oggi io penso<\/em>\u00a0\u2013 chiosa\u00a0<strong>Rings<\/strong>\u00a0\u2013\u00a0<em>che questo problema sia diventato prioritario per lo Stato, cio\u00e8 nel senso che bisogner\u00e0 decidere finalmente di puntare sulle professioni. I precedenti governi avevano puntato di pi\u00f9 sulle infrastrutture, sulle strutture, hanno allocato ben 15 miliardi del PNRR per comprare nuove TAC, nuove risonanze o per ristrutturare e mettere a norma le strutture sanitarie e gli ospedali, costruire le case di comunit\u00e0, ma non si \u00e8 investito sui professionisti. Oggi per rifarsi un po\u2019 il trucco, come si dice, quindi tornare ad avere un aspetto pi\u00f9 efficiente, quindi pi\u00f9 giovanile, bisogna puntare sui professionisti\u201d.<\/em><\/p>\n<p>E quale sar\u00e0 la medicina del domani?<\/p>\n<p>Il futuro, secondo Anelli, \u201c<em>sar\u00e0 un periodo d\u2019oro per la medicina perch\u00e9 la scienza, la ricerca, che \u00e8 parte <img loading=\"lazy\" decoding=\"async\" class=\"wp-image-74595 alignleft\" src=\"https:\/\/www.fedaiisf.it\/wp-content\/uploads\/2023\/12\/anniversario-45-del-ssn.png\" alt=\"\" width=\"357\" height=\"189\" srcset=\"https:\/\/www.fedaiisf.it\/wp-content\/uploads\/2023\/12\/anniversario-45-del-ssn.png 805w, https:\/\/www.fedaiisf.it\/wp-content\/uploads\/2023\/12\/anniversario-45-del-ssn-300x159.png 300w, https:\/\/www.fedaiisf.it\/wp-content\/uploads\/2023\/12\/anniversario-45-del-ssn-768x407.png 768w, https:\/\/www.fedaiisf.it\/wp-content\/uploads\/2023\/12\/anniversario-45-del-ssn-18x10.png 18w\" sizes=\"auto, (max-width: 357px) 100vw, 357px\" \/>integrante della professione, mette a disposizione dei clinici, dei medici, strumenti straordinari<\/em>\u201d.<\/p>\n<p><em>\u201cAlcune malattie che un tempo erano ritenute inguaribili<\/em> \u2013 prevede il Presidente FNOMCeO \u2013 <em>saranno curabili e questo grazie a una serie di ricerche. Penso per esempio alle CAR-T che sono delle terapie per curare i tumori del sangue come le leucemie, hanno costi elevati per\u00f2 grazie al nostro sistema sanitario possono essere offerte anche a chi non ha un reddito elevato, quindi le possiamo offrire a tutti. Penso a tante terapie, i vaccini contro i tumori, terapie geniche che potranno modificare addirittura il DNA di alcuni malati guarendoli da malattie genetiche\u201d.<\/em><\/p>\n<p><em>\u201cAbbiamo farmaci biologici oggi<\/em>\u00a0\u2013 he concludes\u00a0<strong>Rings<\/strong>\u00a0\u2013\u00a0<em>capaci di curare malattie che un tempo determinavano una riduzione della qualit\u00e0 di vita notevolissima, abbiamo strumenti come per esempio i robot che in chirurgia riducono nettamente le complicanze chirurgiche offrendo al paziente soluzioni e un ritorno a casa in tempi impensabili nel passato. Insomma, la medicina del futuro oggi si prospetta come una medicina di precisione, una medicina personalizzata che dar\u00e0 grande speranza a tanti malati. Credo che la medicina oggi possa offrire alla societ\u00e0 il progresso che chiede, quel progresso che consente all\u2019umanit\u00e0 di avere una speranza di vita migliore\u201d.<\/em><\/p>\n<p>E proprio alle terapie innovative saranno dedicati i prossimi podcast di \u201cSalute e sanit\u00e0\u201d, che saranno pubblicati con cadenza mensile.<\/p>\n<p>In allegato, la trascrizione di cortesia.<\/p>\n<hr \/>\n<p>Ascolta qui il podcast: <a href=\"https:\/\/open.spotify.com\/episode\/60oS8thVtPvXX3rnTx7j9v?si=vQDYoAOaTMWkAeEzu-2vAg\" target=\"_blank\" rel=\"noopener\" data-saferedirecturl=\"https:\/\/www.google.com\/url?q=https:\/\/open.spotify.com\/episode\/60oS8thVtPvXX3rnTx7j9v?si%3DvQDYoAOaTMWkAeEzu-2vAg&amp;source=gmail&amp;ust=1728124714340000&amp;usg=AOvVaw1aM1fPijYN6gC7nAdkRcGm\">https:\/\/open.spotify.com\/episode\/60oS8thVtPvXX3rnTx7j9v?si=vQDYoAOaTMWkAeEzu-2vAg<\/a><\/p>\n<p><em>Salute e sanit\u00e0, i podcast della FNOMCeO che raccontano la professione medica e il Servizio sanitario nazionale<\/em><\/p>\n<p><em>In questo episodio il Presidente della Federazione nazionale degli Ordini dei Medici Chirurghi e degli Odontoiatri, Filippo Anelli, ci racconta la nascita e lo stato di salute del Servizio sanitario nazionale italiano. Un modello unico a livello internazionale da proteggere e rafforzare.\u00a0<\/em><\/p>\n<hr \/>\n<p>FNOMCeO Press Office<br \/>\ninformazione@fnomceo.it<br \/>\n4 ottobre 2024<\/p>\n<div class=\"at-below-post addthis_tool\" data-url=\"https:\/\/portale.fnomceo.it\/nasce-salute-e-sanita-la-serie-di-podcast-targata-fnomceo-nel-primo-episodio-il-ssn-ieri-oggi-e-domani\/\"><\/div>\n<p class=\"autore-articolo\">Author: <a class=\"url fn\">FNOMCeO Press Office<\/a><\/p>\n<\/div>\n<div class=\"doc-allegati\">\n<h5>Documenti allegati:<\/h5>\n<ul>\n<li><a href=\"https:\/\/portale.fnomceo.it\/wp-content\/uploads\/2024\/10\/Podcast-n.1-FNOMCeO.docx.pdf\" target=\"_blank\" rel=\"noopener\">Scarica la trascrizione<\/a><\/li>\n<\/ul>\n<\/div>\n<p>&nbsp;<\/p>","protected":false},"excerpt":{"rendered":"<p>Nel primo episodio, il SSN ieri oggi e domani FNOMCeO &#8211; 4 ottobre 2024 Era avvenuto un miracolo in Italia: tutte le persone erano uguali davanti alla salute\u201d. Cos\u00ec il Presidente della FNOMCeO, la Federazione nazionale degli Ordini dei Medici Chirurghi e Odontoiatri, Filippo\u00a0Anelli, descrive la nascita del Servizio sanitario nazionale. Lo fa nel primo &hellip;<\/p>","protected":false},"author":4,"featured_media":73853,"comment_status":"closed","ping_status":"closed","sticky":false,"template":"","format":"standard","meta":{"footnotes":""},"categories":[1],"tags":[79],"class_list":["post-78234","post","type-post","status-publish","format-standard","has-post-thumbnail","hentry","category-notizie","tag-ssn"],"amp_enabled":true,"_links":{"self":[{"href":"https:\/\/www.fedaiisf.it\/en\/wp-json\/wp\/v2\/posts\/78234","targetHints":{"allow":["GET"]}}],"collection":[{"href":"https:\/\/www.fedaiisf.it\/en\/wp-json\/wp\/v2\/posts"}],"about":[{"href":"https:\/\/www.fedaiisf.it\/en\/wp-json\/wp\/v2\/types\/post"}],"author":[{"embeddable":true,"href":"https:\/\/www.fedaiisf.it\/en\/wp-json\/wp\/v2\/users\/4"}],"replies":[{"embeddable":true,"href":"https:\/\/www.fedaiisf.it\/en\/wp-json\/wp\/v2\/comments?post=78234"}],"version-history":[{"count":4,"href":"https:\/\/www.fedaiisf.it\/en\/wp-json\/wp\/v2\/posts\/78234\/revisions"}],"predecessor-version":[{"id":78238,"href":"https:\/\/www.fedaiisf.it\/en\/wp-json\/wp\/v2\/posts\/78234\/revisions\/78238"}],"wp:featuredmedia":[{"embeddable":true,"href":"https:\/\/www.fedaiisf.it\/en\/wp-json\/wp\/v2\/media\/73853"}],"wp:attachment":[{"href":"https:\/\/www.fedaiisf.it\/en\/wp-json\/wp\/v2\/media?parent=78234"}],"wp:term":[{"taxonomy":"category","embeddable":true,"href":"https:\/\/www.fedaiisf.it\/en\/wp-json\/wp\/v2\/categories?post=78234"},{"taxonomy":"post_tag","embeddable":true,"href":"https:\/\/www.fedaiisf.it\/en\/wp-json\/wp\/v2\/tags?post=78234"}],"curies":[{"name":"wp","href":"https:\/\/api.w.org\/{rel}","templated":true}]}}