{"id":78247,"date":"2024-10-05T20:13:17","date_gmt":"2024-10-05T18:13:17","guid":{"rendered":"https:\/\/www.fedaiisf.it\/?p=78247"},"modified":"2024-10-05T20:13:17","modified_gmt":"2024-10-05T18:13:17","slug":"aiisf-sardegna-corso-blsd-pblsd-per-isf","status":"publish","type":"post","link":"https:\/\/www.fedaiisf.it\/en\/aiisf-sardegna-corso-blsd-pblsd-per-isf\/","title":{"rendered":"AIISF Sardegna. Corso BLSD- PBLSD per ISF"},"content":{"rendered":"<p><span style=\"font-size: 14pt;\">Oggi (<em>5 ottobre 2024<\/em>) abbiamo partecipato al corso BLSD &#8211; PBLSD con colleghi arrivati da pi\u00f9 province. Un sabato dedicato all&#8217;insegna della formazione e della solidariet\u00e0. <\/span><\/p>\n<p><span style=\"font-size: 14pt;\">&#8220;Il corso \u00e8 stato condotto magistralmente dagli istruttori della RE-HEART Stefania e Antonello che ringraziamo per la preparazione e la grande professionalit\u00e0. Grazie ai colleghi che hanno partecipato, per l&#8217;interesse manifestato, per la sensibilit\u00e0 e per aver dedicato un sabato a questo utile servizio.&#8221;<\/span><\/p>\n<p>Comunicato AIISF Sardegna<br \/>\nFederated Fedaiisf<\/p>\n<p><img loading=\"lazy\" decoding=\"async\" class=\"size-full wp-image-78248 aligncenter\" src=\"https:\/\/www.fedaiisf.it\/wp-content\/uploads\/2024\/10\/Schermata-2024-10-05-alle-20.06.20.png\" alt=\"\" width=\"463\" height=\"644\" srcset=\"https:\/\/www.fedaiisf.it\/wp-content\/uploads\/2024\/10\/Schermata-2024-10-05-alle-20.06.20.png 463w, https:\/\/www.fedaiisf.it\/wp-content\/uploads\/2024\/10\/Schermata-2024-10-05-alle-20.06.20-216x300.png 216w, https:\/\/www.fedaiisf.it\/wp-content\/uploads\/2024\/10\/Schermata-2024-10-05-alle-20.06.20-9x12.png 9w\" sizes=\"auto, (max-width: 463px) 100vw, 463px\" \/><\/p>","protected":false},"excerpt":{"rendered":"<p>Oggi (5 ottobre 2024) abbiamo partecipato al corso BLSD &#8211; PBLSD con colleghi arrivati da pi\u00f9 province. Un sabato dedicato all&#8217;insegna della formazione e della solidariet\u00e0. &#8220;Il corso \u00e8 stato condotto magistralmente dagli istruttori della RE-HEART Stefania e Antonello che ringraziamo per la preparazione e la grande professionalit\u00e0. Grazie ai colleghi che hanno partecipato, per &hellip;<\/p>","protected":false},"author":4,"featured_media":78249,"comment_status":"closed","ping_status":"closed","sticky":false,"template":"","format":"standard","meta":{"footnotes":""},"categories":[1],"tags":[45],"class_list":["post-78247","post","type-post","status-publish","format-standard","has-post-thumbnail","hentry","category-notizie","tag-fedaiisf"],"amp_enabled":true,"_links":{"self":[{"href":"https:\/\/www.fedaiisf.it\/en\/wp-json\/wp\/v2\/posts\/78247","targetHints":{"allow":["GET"]}}],"collection":[{"href":"https:\/\/www.fedaiisf.it\/en\/wp-json\/wp\/v2\/posts"}],"about":[{"href":"https:\/\/www.fedaiisf.it\/en\/wp-json\/wp\/v2\/types\/post"}],"author":[{"embeddable":true,"href":"https:\/\/www.fedaiisf.it\/en\/wp-json\/wp\/v2\/users\/4"}],"replies":[{"embeddable":true,"href":"https:\/\/www.fedaiisf.it\/en\/wp-json\/wp\/v2\/comments?post=78247"}],"version-history":[{"count":1,"href":"https:\/\/www.fedaiisf.it\/en\/wp-json\/wp\/v2\/posts\/78247\/revisions"}],"predecessor-version":[{"id":78250,"href":"https:\/\/www.fedaiisf.it\/en\/wp-json\/wp\/v2\/posts\/78247\/revisions\/78250"}],"wp:featuredmedia":[{"embeddable":true,"href":"https:\/\/www.fedaiisf.it\/en\/wp-json\/wp\/v2\/media\/78249"}],"wp:attachment":[{"href":"https:\/\/www.fedaiisf.it\/en\/wp-json\/wp\/v2\/media?parent=78247"}],"wp:term":[{"taxonomy":"category","embeddable":true,"href":"https:\/\/www.fedaiisf.it\/en\/wp-json\/wp\/v2\/categories?post=78247"},{"taxonomy":"post_tag","embeddable":true,"href":"https:\/\/www.fedaiisf.it\/en\/wp-json\/wp\/v2\/tags?post=78247"}],"curies":[{"name":"wp","href":"https:\/\/api.w.org\/{rel}","templated":true}]}}