{"id":78329,"date":"2024-10-09T18:53:11","date_gmt":"2024-10-09T16:53:11","guid":{"rendered":"https:\/\/www.fedaiisf.it\/?p=78329"},"modified":"2024-10-11T09:26:04","modified_gmt":"2024-10-11T07:26:04","slug":"cosisifa-nasce-il-network-aifa-regioni-istituzioni-sanitarie-per-linformazione-indipendente-sui-farmaci","status":"publish","type":"post","link":"https:\/\/www.fedaiisf.it\/en\/cosisifa-nasce-il-network-aifa-regioni-istituzioni-sanitarie-per-linformazione-indipendente-sui-farmaci\/","title":{"rendered":"\u201cCOSIsiFA\u201d: nasce il network AIFA-Regioni-Istituzioni sanitarie per l\u2019informazione indipendente sui farmaci"},"content":{"rendered":"<p><a href=\"https:\/\/www.aifa.gov.it\/documents\/20142\/2317348\/Comunicato_AIFA_18-2024.pdf\" target=\"_blank\" rel=\"noopener\">AIFA Comunicato Stampa n. 18\/2024<\/a><\/p>\n<p><em>Quattro le aree di intervento: pediatria, oncologia, antibiotico-resistenza, cronicit\u00e0 e polifarmacoterapia. Sito web dedicato, app, pubblicazioni scientifiche \u201ctradotte\u201d per il grande pubblico tra gli strumenti che saranno utilizzati. Formazione anche nelle scuole.<br \/>\nUno strumento web per orientare i medici nel labirinto delle interazioni tra i pazienti in politerapia, con un terzo degli anziani che assume 10 o pi\u00f9 farmaci al giorno.<\/em><\/p>\n<p><img loading=\"lazy\" decoding=\"async\" class=\"wp-image-76185 alignright\" src=\"https:\/\/www.fedaiisf.it\/wp-content\/uploads\/2024\/04\/Nistico-AIFA.png\" alt=\"\" width=\"225\" height=\"227\" srcset=\"https:\/\/www.fedaiisf.it\/wp-content\/uploads\/2024\/04\/Nistico-AIFA.png 377w, https:\/\/www.fedaiisf.it\/wp-content\/uploads\/2024\/04\/Nistico-AIFA-298x300.png 298w, https:\/\/www.fedaiisf.it\/wp-content\/uploads\/2024\/04\/Nistico-AIFA-150x150.png 150w, https:\/\/www.fedaiisf.it\/wp-content\/uploads\/2024\/04\/Nistico-AIFA-12x12.png 12w\" sizes=\"auto, (max-width: 225px) 100vw, 225px\" \/>Spezzare il monopolio dell\u2019industria farmaceutica sull\u2019informazione dei medicinali con un duplice obiettivo: veicolare verso gli operatori sanitari quelle informazioni scientifiche indispensabili al loro migliore utilizzo e portare i cittadini verso un uso pi\u00f9 appropriato dei medicinali.<\/p>\n<p>Considerata da sempre indispensabile per contrastare la spinta verso l\u2019uso di medicinali e prodotti salutistici anche per condizioni che non lo richiederebbero, l\u2019informazione indipendente sui farmaci pu\u00f2 da ora contare sul network AIFA-Regioni-Istituzioni sanitarie-Stakeholder che attraverso il progetto \u201cCOSIsiFA\u201d (Cittadini e Operatori Sanitari sempre informati sul Farmaco), della durata di almeno tre anni, si ripromette di diffondere capillarmente sul territorio nazionale notizie, informazioni, studi e dati. Senza trascurare la formazione, a cominciare da quella nelle scuole.<\/p>\n<p>L\u2019informazione indipendente \u2013 \u00e8 stato spiegato nel corso della presentazione presso la sede dell\u2019Agenzia a Roma \u2013 sar\u00e0 rivolta a operatori sanitari, pazienti, associazioni e cittadini attraverso sette canali: un sito web di informazione indipendente (<a href=\"http:\/\/www.infarmaco.it\" target=\"_blank\" rel=\"noopener\">www.infarmaco.it<\/a>) che faccia da collettore di tutte le iniziative esistenti e future; un bollettino semestrale su tematiche di interesse come pediatria, oncologia, antibiotico-resistenza, cronicit\u00e0 e polifarmacoterapia; produzione di news e newsletter settimanali che rendano fruibile ai pi\u00f9 la letteratura scientifica; la produzione di almeno 12 rivisitazioni di studi gi\u00e0 pubblicati su temi specifici ma di interesse generale; eventi formativi sia in presenza che a distanza, coinvolgendo anche le scuole; sviluppo della comunicazione tramite social network; sviluppo di una app per l\u2019informazione rapida e personalizzata sui farmaci.<\/p>\n<p>Per la predisposizione di contenuti e strumenti comunicativi sono stati formati 9 gruppi di lavoro, che lavoreranno comunque interagendo e connettendosi tra loro. Quattro di questi \u201cwork package\u201d si occuperanno della produzione dei contenuti dell\u2019informazione scientifica su quattro aree di intervento: pediatria, oncologia, antibiotico-resistenza, cronicit\u00e0 e polifarmacoterapia, problema sempre pi\u00f9 sentito nella popolazione anziana alle prese in circa il 30% dei casi con la difficile interazione dell\u2019assunzione quotidiana di 10 o pi\u00f9 farmaci.<br \/>\nGli altri 5 gruppi di lavoro si occuperanno invece della messa a punto degli strumenti informativi e della loro capillare diffusione attraverso: bollettino-newsletter-website; social e app; formazione; revisioni sistematiche degli studi; formazione specifica nelle scuole.<\/p>\n<p>I materiali informativi prodotti dai gruppi di lavoro di contenuto e le revisioni sistematiche saranno disseminati <img loading=\"lazy\" decoding=\"async\" class=\"wp-image-78331 alignleft\" src=\"https:\/\/www.fedaiisf.it\/wp-content\/uploads\/2024\/10\/AIFA-immagine.png\" alt=\"\" width=\"378\" height=\"255\" srcset=\"https:\/\/www.fedaiisf.it\/wp-content\/uploads\/2024\/10\/AIFA-immagine.png 601w, https:\/\/www.fedaiisf.it\/wp-content\/uploads\/2024\/10\/AIFA-immagine-300x202.png 300w, https:\/\/www.fedaiisf.it\/wp-content\/uploads\/2024\/10\/AIFA-immagine-18x12.png 18w\" sizes=\"auto, (max-width: 378px) 100vw, 378px\" \/>prevalentemente in modalit\u00e0 on-line direttamente sul sito web del progetto che conterr\u00e0, suddivise in apposite sezioni, il bollettino bimestrale (18 numeri nei tre anni), le newsletter settimanali (150 nei tre anni), le news dalla letteratura, le schede Horizon sui nuovi farmaci e qualsiasi altro materiale prodotto dai diversi gruppi di lavoro. Il sito, inoltre, avr\u00e0 una sezione dedicata all\u2019accesso diretto a tutti i prodotti e i servizi indipendenti sul farmaco gi\u00e0 realizzati e disponibili (bollettini, banche dati sul farmaco, siti istituzionali e altro ancora), che verranno cos\u00ec ricondotti in un unico luogo a vantaggio degli utilizzatori. Le notizie contenute nel sito saranno rapidamente rintracciabili dall\u2019utente interessato grazie a un sistema di ricerca indicizzato.<br \/>\nUn modo per mettere anche ordine al grande proliferare in Italia di iniziative e produzioni di materiali vari a livello locale, che spesso non trovano poi adeguati canali di diffusione.<\/p>\n<p><strong>L\u2019informazione indipendente in Pediatria, Oncologia, antibiotico-resistenza, cronicit\u00e0 e polifarmacoterapia<\/strong><\/p>\n<p><strong>In ambito pediatrico<\/strong> il gruppo di lavoro specifico punter\u00e0 a produrre schede informative relative ai farmaci per i pi\u00f9 piccoli e alle nuove strategie terapeutiche in ambito pediatrico e delle malattie rare. Previste giornate di formazione e corsi rivolti ad operatori sanitari e cittadini.<\/p>\n<p>Per quanto concerne l\u2019<strong>oncologia<\/strong> l\u2019informazione sar\u00e0 mirata soprattutto all\u2019aggiornamento relativo a nuove entit\u00e0 terapeutiche o farmaci con nuova indicazione, per fornire uno strumento atto a definire un utilizzo appropriato e sicuro dei farmaci di nuova rimborsabilit\u00e0, tenendo conto delle opzioni terapeutiche gi\u00e0 presenti sul mercato e delle popolazioni target delle indicazioni d\u2019uso rimborsate. Previsti anche in questo caso corsi e formazione.<\/p>\n<p>Con 11mila morti l\u2019anno causati da <strong>infezioni batteriche resistenti agli antibiotici<\/strong> l\u2019Italia \u00e8 maglia nera in Europa. Un problema di un uso non solo eccessivo, ma anche inadeguato degli antibiotici, riduce il numero di quelli veramente efficaci, aumentando quindi il circolo vizioso delle difficolt\u00e0 di trattamento. Il problema va quindi affrontato in modo multidisciplinare e multi-strategico. Il gruppo di lavoro istituito su quella che la Commissione Ue ha definito la terza emergenza sanitaria del Continente si inserisce all\u2019interno di un network che ha come scopo quello di formare e informare cittadini e operatori sanitari sul buon uso degli antibiotici a livello territoriale e ospedaliero con il fine ultimo di contrastare il fenomeno. \u00a0Per farlo \u00e8 prevista la produzione di vari materiali informativi sull\u2019uso appropriato degli antibiotici ospedalieri e su quelli usati nel territorio, con report regionali semestrali sull\u2019andamento delle antibiotico-resistenze.<\/p>\n<p><img loading=\"lazy\" decoding=\"async\" class=\"wp-image-78333 alignright\" src=\"https:\/\/www.fedaiisf.it\/wp-content\/uploads\/2024\/10\/medico-computer-Farmacovigilanza-AIC.jpg\" alt=\"\" width=\"323\" height=\"215\" srcset=\"https:\/\/www.fedaiisf.it\/wp-content\/uploads\/2024\/10\/medico-computer-Farmacovigilanza-AIC.jpg 1800w, https:\/\/www.fedaiisf.it\/wp-content\/uploads\/2024\/10\/medico-computer-Farmacovigilanza-AIC-300x200.jpg 300w, https:\/\/www.fedaiisf.it\/wp-content\/uploads\/2024\/10\/medico-computer-Farmacovigilanza-AIC-1024x683.jpg 1024w, https:\/\/www.fedaiisf.it\/wp-content\/uploads\/2024\/10\/medico-computer-Farmacovigilanza-AIC-768x512.jpg 768w, https:\/\/www.fedaiisf.it\/wp-content\/uploads\/2024\/10\/medico-computer-Farmacovigilanza-AIC-1536x1024.jpg 1536w, https:\/\/www.fedaiisf.it\/wp-content\/uploads\/2024\/10\/medico-computer-Farmacovigilanza-AIC-18x12.jpg 18w\" sizes=\"auto, (max-width: 323px) 100vw, 323px\" \/>Se la presenza di due o pi\u00f9 patologie caratterizza gi\u00e0 il 75% dei sessantacinquenni, tale condizione sembra colpire gli ultraottantenni nella loro quasi totalit\u00e0. La diretta conseguenza di tale fenomeno \u00e8 l&#8217;utilizzo di un elevato numero di farmaci per trattare queste patologie. Dai dati del Rapporto AIFA sull\u2019uso dei farmaci negli anziani, risulta che nel corso del 2019 la quasi totalit\u00e0 della popolazione ultrasessantacinquenne ha ricevuto almeno una prescrizione farmaceutica (98%), con lievi differenze tra aree geografiche, con consumi giornalieri pari a tre dosi per ciascun cittadino. In questo scenario, la <strong>polifarmacoterapia<\/strong>, definita come l\u2019utilizzo contemporaneo di pi\u00f9 medicinali (in letteratura si considera l\u2019esposizione a 5 o pi\u00f9 farmaci contemporaneamente), \u00e8 un problema di salute pubblica, perch\u00e9 come noto \u00e8 associata a una riduzione dell\u2019aderenza terapeutica, nonch\u00e9 a un aumento del rischio di interazioni tra farmaci. Per affrontare il problema il gruppo di lavoro specifico produrr\u00e0 materiale informativo ponendo particolare attenzione a: interazioni tra farmaci e rischio iatrogeno; inappropriatezza prescrittiva; aderenza terapeutica; cascata prescrittiva; problemi di applicazione delle linee guida; riconciliazione-revisione terapeutica e deprescribing; coinvolgimento attivo del paziente, del caregiver e dei familiari nelle decisioni. Previsti anche eventi formativi a distanza.<\/p>\n<p>A supporto delle attivit\u00e0 di informazione, formazione e valutazione dell\u2019appropriatezza prescrittiva nei pazienti cronici esposti alla polifarmacoterapia sar\u00e0 messo a disposizione della rete dei gruppi di lavoro e delle regioni partecipanti INTERCheck-WEB <a href=\"http:\/\/www.intercheckweb.it\/\" target=\"\" rel=\"noopener\">(www.intercheckweb.it<\/a>). Si tratta di uno strumento di supporto alla prescrizione sviluppato dall&#8217;Istituto di Ricerche Farmacologiche Mario Negri IRCCS con l\u2019obiettivo di fornire a medici e farmacisti informazioni per bilanciare rischi e benefici di una terapia attraverso una valutazione che considera diversi aspetti della farmacologia, risultando per questo particolarmente adatto a valutare i pazienti sottoposti a numerosi trattamenti farmacologici.<\/p>\n<p><strong>Nistic\u00f2: \u201cUn\u2019occasione per riequilibrare l\u2019informazione sui farmaci sbilanciata sul marketing\u201d<\/strong><\/p>\n<p>\u201c<em>Le aziende farmaceutiche investono ingenti risorse &#8211;\u00a0circa 30 miliardi di dollari all\u2019anno soltanto negli USA \u2013 nelle attivit\u00e0 di promozione rivolte al medico, ma agiscono anche indirettamente sui cittadini attraverso campagne di marketing farmaceutico per stimolare bisogni di salute che non sempre necessitano dei farmaci<\/em>\u201d, spiega il <strong>Presidente di AIFA, Robert Nistic\u00f2<\/strong>. \u201c<em>Anche le pubblicazioni scientifiche sui nuovi farmaci &#8211;\u00a0<\/em>prosegue<em> &#8211;\u00a0tendono sempre a enfatizzare i dati di efficacia mettendo in secondo piano i rischi. Per non parlare dell\u2019informazione spesso priva di qualsiasi scientificit\u00e0 veicolata dai social e dalla rete in genere. <\/em>Per questo\u00a0&#8211;\u00a0<em>conclude Nistic\u00f2<\/em>\u00a0&#8211;\u00a0<em>il progetto<\/em> \u201c<em>COSIsiFa<\/em>\u201d <em>rappresenta una splendida opportunit\u00e0 per controbilanciare l\u2019informazione scientifica sui farmaci e sul loro corretto uso. Basti pensare al fenomeno delle politerapie che arrivano a contare 10 farmaci assunti giornalmente dai nostri anziani. Un problema che va affrontato fornendo strumenti anche di intelligenza artificiale che consentano al medico di orientarsi tra i numerosi rischi di interazione tra i vari medicinali. Magari per decidere alla fine di derubricarne qualcuno dal ricettario<\/em>\u201d.<\/p>\n<p>\u201c<em>Il network per l\u2019informazione farmaceutica indipendente ha tutte le potenzialit\u00e0 per risolvere le maggiori <img loading=\"lazy\" decoding=\"async\" class=\"wp-image-75971 alignleft\" src=\"https:\/\/www.fedaiisf.it\/wp-content\/uploads\/2024\/04\/PL-Russo-AIFA-1.jpg\" alt=\"\" width=\"249\" height=\"249\" srcset=\"https:\/\/www.fedaiisf.it\/wp-content\/uploads\/2024\/04\/PL-Russo-AIFA-1.jpg 800w, https:\/\/www.fedaiisf.it\/wp-content\/uploads\/2024\/04\/PL-Russo-AIFA-1-300x300.jpg 300w, https:\/\/www.fedaiisf.it\/wp-content\/uploads\/2024\/04\/PL-Russo-AIFA-1-150x150.jpg 150w, https:\/\/www.fedaiisf.it\/wp-content\/uploads\/2024\/04\/PL-Russo-AIFA-1-768x768.jpg 768w, https:\/\/www.fedaiisf.it\/wp-content\/uploads\/2024\/04\/PL-Russo-AIFA-1-12x12.jpg 12w\" sizes=\"auto, (max-width: 249px) 100vw, 249px\" \/>criticit\u00e0 che oggi riscontriamo nella comunicazione sui medicinali<\/em>\u201d, commenta il <strong>Direttore Tecnico Scientifico di AIFA, Pierluigi Russo<\/strong>. \u201c<em>E per garantire la completa indipendenza dell\u2019informazione prodotta tutte le persone coinvolte nel progetto e gli autori dei materiali dovranno sottoscrivere annualmente una dichiarazione sui conflitti d\u2019interesse, che sar\u00e0 resa pubblica nel sito del progetto. Ogni articolo, derivante dalla letteratura, inoltre avr\u00e0 al piede eventuali informazioni relative ai finanziamenti degli studi o alla presenza di conflitti d\u2019interesse<\/em>\u201d, conclude Russo.<\/p>\n<p>Ma il progetto non punta solo sull\u2019informazione. \u201c<em>Al giorno d\u2019oggi <\/em>&#8211;\u00a0afferma <strong>Anna Rosa Marra, responsabile dell\u2019Area Vigilanza Post-Marketing dell\u2019AIFA<\/strong> che ha promosso per conto dell\u2019Agenzia l\u2019iniziativa &#8211;\u00a0<em>\u00e8 impensabile realizzare un progetto di informazione indipendente sul farmaco senza affiancarlo a un\u2019attivit\u00e0 di formazione sulla metodologia della ricerca clinica e sui processi di valutazione, approvazione e monitoraggio post-marketing dei farmaci. Mentre l\u2019informazione, infatti, consente la semplice disseminazione delle informazioni, la formazione consente di fornire uno strumento di possibile applicazione pratica delle informazioni ricevute, con il duplice ruolo di rinforzare le informazioni pi\u00f9 importanti e, attraverso i casi e le storie, declinarle nella realt\u00e0 quotidiana<\/em>\u201d.<\/p>\n<p><small>AIFA &#8211; Pubblicato il: 09 ottobre 2024<\/small><\/p>\n<p><a href=\"https:\/\/infarmaco.it\/wp-content\/uploads\/2024\/10\/elenco-regioni-centri-cosisifa.pdf\" target=\"_blank\" rel=\"noopener\">I partecipanti<\/a><\/p>\n<p><img loading=\"lazy\" decoding=\"async\" class=\"wp-image-911 alignright\" src=\"https:\/\/www.fedaiisf.it\/wp-content\/uploads\/2014\/07\/soldi3.jpg\" alt=\"\" width=\"146\" height=\"97\" srcset=\"https:\/\/www.fedaiisf.it\/wp-content\/uploads\/2014\/07\/soldi3.jpg 500w, https:\/\/www.fedaiisf.it\/wp-content\/uploads\/2014\/07\/soldi3-300x200.jpg 300w, https:\/\/www.fedaiisf.it\/wp-content\/uploads\/2014\/07\/soldi3-274x183.jpg 274w, https:\/\/www.fedaiisf.it\/wp-content\/uploads\/2014\/07\/soldi3-364x245.jpg 364w, https:\/\/www.fedaiisf.it\/wp-content\/uploads\/2014\/07\/soldi3-80x54.jpg 80w, https:\/\/www.fedaiisf.it\/wp-content\/uploads\/2014\/07\/soldi3-130x87.jpg 130w, https:\/\/www.fedaiisf.it\/wp-content\/uploads\/2014\/07\/soldi3-359x240.jpg 359w, https:\/\/www.fedaiisf.it\/wp-content\/uploads\/2014\/07\/soldi3-85x57.jpg 85w, https:\/\/www.fedaiisf.it\/wp-content\/uploads\/2014\/07\/soldi3-546x365.jpg 546w, https:\/\/www.fedaiisf.it\/wp-content\/uploads\/2014\/07\/soldi3-266x179.jpg 266w, https:\/\/www.fedaiisf.it\/wp-content\/uploads\/2014\/07\/soldi3-165x109.jpg 165w, https:\/\/www.fedaiisf.it\/wp-content\/uploads\/2014\/07\/soldi3-347x233.jpg 347w, https:\/\/www.fedaiisf.it\/wp-content\/uploads\/2014\/07\/soldi3-112x75.jpg 112w, https:\/\/www.fedaiisf.it\/wp-content\/uploads\/2014\/07\/soldi3-179x120.jpg 179w, https:\/\/www.fedaiisf.it\/wp-content\/uploads\/2014\/07\/soldi3-170x113.jpg 170w, https:\/\/www.fedaiisf.it\/wp-content\/uploads\/2014\/07\/soldi3-81x55.jpg 81w, https:\/\/www.fedaiisf.it\/wp-content\/uploads\/2014\/07\/soldi3-765x510.jpg 765w\" sizes=\"auto, (max-width: 146px) 100vw, 146px\" \/>Note: <em>Il progetto prevede una durata minima di tre anni e viene sostenuto da 5<\/em><em> milioni di euro derivanti dai fondi regionali di farmacovigilanza gestiti da Aifa<\/em><\/p>\n<p>&nbsp;<\/p>\n<hr \/>\n<p><strong><span style=\"font-size: 14pt;\">Precari Aifa: \u201cDisoccupati da mesi, ma con Legge di bilancio si pu\u00f2 sanare la situazione\u201d<\/span><\/strong><\/p>\n<p><a href=\"https:\/\/www.rifday.it\/2024\/10\/09\/precari-aifa-disoccupati-da-mesi-ma-con-legge-di-bilancio-si-puo-sanare-la-situazione\/\" target=\"_blank\" rel=\"noopener\">Rifday &#8211; 10 ottobre 2024<\/a><\/p>\n<p><img loading=\"lazy\" decoding=\"async\" class=\"wp-image-78358 alignright\" src=\"https:\/\/www.fedaiisf.it\/wp-content\/uploads\/2024\/10\/Screenshot-2024-10-10-alle-19.41.11.png\" alt=\"\" width=\"436\" height=\"207\" srcset=\"https:\/\/www.fedaiisf.it\/wp-content\/uploads\/2024\/10\/Screenshot-2024-10-10-alle-19.41.11.png 1408w, https:\/\/www.fedaiisf.it\/wp-content\/uploads\/2024\/10\/Screenshot-2024-10-10-alle-19.41.11-300x143.png 300w, https:\/\/www.fedaiisf.it\/wp-content\/uploads\/2024\/10\/Screenshot-2024-10-10-alle-19.41.11-1024x487.png 1024w, https:\/\/www.fedaiisf.it\/wp-content\/uploads\/2024\/10\/Screenshot-2024-10-10-alle-19.41.11-768x365.png 768w, https:\/\/www.fedaiisf.it\/wp-content\/uploads\/2024\/10\/Screenshot-2024-10-10-alle-19.41.11-18x9.png 18w\" sizes=\"auto, (max-width: 436px) 100vw, 436px\" \/>Roma, 10 ottobre \u2013 La presentazione ieri a Roma di COSIsiFA, il progetto lanciato dall\u2019Aifa con la costituzione di un network con le Regioni e altre istituzioni sanitarie di informazione indipendente sui farmaci, coinvolgendo professionisti, popolazione generale e scuola, per contribuire a riequilibrare la \u201cnarrazione\u201d sui farmaci, spesso troppo sbilanciata a favore del marketing, ha fornito ai lavoratori precari dell\u2019Aifa ai quali alla fine dello scorso anno non \u00e8 stato rinnovato il contratto di lavoro di rilanciare la loro protesta con una manifestazione davanti alla sede dell\u2019agenzia di via del Tritone, tenutasi in concomitanza con l\u2019evento istituzionale.<\/p>\n<p>I precari hanno manifestato indossando maschere bianche, dietro un imponente striscione, per dare visibilit\u00e0 a una situazione che con il passare del tempo ovviamente si fa sempre pi\u00f9\u00a0 difficile e che <em>\u201ctutti devono sapere\u201d<\/em>. Lo stato di disoccupazione dura infatti ormai da molti mesi, nonostante le\u00a0 tante promesse (<em>\u201csvanite\u201d<\/em>) e gli ordini del giorno della Camera dei deputati (<em>\u201cignorati\u201d<\/em>). Da qui la decisione di ribadire pubblicamente, una volta di pi\u00f9, la loro drammatica condizione: <em>\u201cfamiglie spezzate, vite stravolte, ambizioni calpestate dall\u2019immobilismo istituzionale\u201d.<\/em><\/p>\n<p>Ricordando di aver sopportato per anni contratti precari, \u201c<em>aggrappandoci alla speranza di una stabilizzazione, come \u00e8 gi\u00e0 accaduto in altri enti statali\u201d,<\/em> i precari Aifa sono tornati a chiedere risposte<em> \u201calla vigilia della stesura della legge di Bilancio da cui dovrebbe emergere, secondo le parole del sottosegretario alla Salute Gemmato, interrogato dal deputato Marco Furfaro, un pacchetto di norme che preveda la nostra riammissione e un percorso di stabilizzazione\u201d<\/em>.<\/p>\n<p><em>\u201cLe nostre competenze, pagate dallo Stato, oggi vengono rigettate dallo stesso Stato che si rifiuta di valorizzarle\u201d<\/em>\u00a0 sottolineano i precari, ricordando ancora una volta all\u2019amministrazione di Aifa e al Governo la loro ferma determinazione \u201c<em>a non arretrare di un passo e a difendere ad oltranza\u201d<\/em> il loro diritto di lavoratori.<\/p>\n<p>&nbsp;<\/p>","protected":false},"excerpt":{"rendered":"<p>AIFA Comunicato Stampa n. 18\/2024 Quattro le aree di intervento: pediatria, oncologia, antibiotico-resistenza, cronicit\u00e0 e polifarmacoterapia. Sito web dedicato, app, pubblicazioni scientifiche \u201ctradotte\u201d per il grande pubblico tra gli strumenti che saranno utilizzati. Formazione anche nelle scuole. Uno strumento web per orientare i medici nel labirinto delle interazioni tra i pazienti in politerapia, con un &hellip;<\/p>","protected":false},"author":4,"featured_media":78334,"comment_status":"closed","ping_status":"closed","sticky":false,"template":"","format":"standard","meta":{"footnotes":""},"categories":[16],"tags":[49],"class_list":["post-78329","post","type-post","status-publish","format-standard","has-post-thumbnail","hentry","category-primo-piano","tag-aifa"],"amp_enabled":true,"_links":{"self":[{"href":"https:\/\/www.fedaiisf.it\/en\/wp-json\/wp\/v2\/posts\/78329","targetHints":{"allow":["GET"]}}],"collection":[{"href":"https:\/\/www.fedaiisf.it\/en\/wp-json\/wp\/v2\/posts"}],"about":[{"href":"https:\/\/www.fedaiisf.it\/en\/wp-json\/wp\/v2\/types\/post"}],"author":[{"embeddable":true,"href":"https:\/\/www.fedaiisf.it\/en\/wp-json\/wp\/v2\/users\/4"}],"replies":[{"embeddable":true,"href":"https:\/\/www.fedaiisf.it\/en\/wp-json\/wp\/v2\/comments?post=78329"}],"version-history":[{"count":9,"href":"https:\/\/www.fedaiisf.it\/en\/wp-json\/wp\/v2\/posts\/78329\/revisions"}],"predecessor-version":[{"id":78359,"href":"https:\/\/www.fedaiisf.it\/en\/wp-json\/wp\/v2\/posts\/78329\/revisions\/78359"}],"wp:featuredmedia":[{"embeddable":true,"href":"https:\/\/www.fedaiisf.it\/en\/wp-json\/wp\/v2\/media\/78334"}],"wp:attachment":[{"href":"https:\/\/www.fedaiisf.it\/en\/wp-json\/wp\/v2\/media?parent=78329"}],"wp:term":[{"taxonomy":"category","embeddable":true,"href":"https:\/\/www.fedaiisf.it\/en\/wp-json\/wp\/v2\/categories?post=78329"},{"taxonomy":"post_tag","embeddable":true,"href":"https:\/\/www.fedaiisf.it\/en\/wp-json\/wp\/v2\/tags?post=78329"}],"curies":[{"name":"wp","href":"https:\/\/api.w.org\/{rel}","templated":true}]}}