{"id":78509,"date":"2024-10-17T06:30:38","date_gmt":"2024-10-17T04:30:38","guid":{"rendered":"https:\/\/www.fedaiisf.it\/?p=78509"},"modified":"2024-10-16T19:31:04","modified_gmt":"2024-10-16T17:31:04","slug":"abolizione-test-dingresso-a-medicina-anelli-il-numero-programmato-resta","status":"publish","type":"post","link":"https:\/\/www.fedaiisf.it\/en\/abolizione-test-dingresso-a-medicina-anelli-il-numero-programmato-resta\/","title":{"rendered":"Abolizione test d&#8217;ingresso a medicina. Anelli: \u201cIl numero programmato resta&#8221;"},"content":{"rendered":"<h4 class=\"entry-title\">Test medicina, Anelli (FNOMCeO): \u201cIl numero programmato resta, buona notizia ma riflettere sui numeri\u201d<\/h4>\n<p>AUTORE: <a href=\"https:\/\/portale.fnomceo.it\/test-medicina-anelli-fnomceo-il-numero-programmato-resta-buona-notizia-ma-riflettere-sui-numeri\/\" target=\"_blank\" rel=\"noopener\">UFFICIO STAMPA FNOMCEO <time class=\"value updated\" datetime=\"2024-10-16\">16\/10\/2024<\/time><\/a><\/p>\n<p><em>\u201cL\u2019abolizione del test di accesso a Medicina non toglier\u00e0 il numero programmato: questa \u00e8 sicuramente una buona notizia perch\u00e9 abbiamo bisogno di programmare il fabbisogno dei futuri <\/em><em>medici\u201d.<\/em><\/p>\n<p><img loading=\"lazy\" decoding=\"async\" class=\"wp-image-63685 alignright\" src=\"https:\/\/www.fedaiisf.it\/wp-content\/uploads\/2022\/04\/filippo_anelli-fnomceo.jpg_1617133993.jpeg\" alt=\"\" width=\"286\" height=\"215\" srcset=\"https:\/\/www.fedaiisf.it\/wp-content\/uploads\/2022\/04\/filippo_anelli-fnomceo.jpg_1617133993.jpeg 1000w, https:\/\/www.fedaiisf.it\/wp-content\/uploads\/2022\/04\/filippo_anelli-fnomceo.jpg_1617133993-300x225.jpeg 300w, https:\/\/www.fedaiisf.it\/wp-content\/uploads\/2022\/04\/filippo_anelli-fnomceo.jpg_1617133993-768x576.jpeg 768w\" sizes=\"auto, (max-width: 286px) 100vw, 286px\" \/>Thus the President of the <strong>FNOMCeO<\/strong>, la Federazione degli Ordini dei Medici Chirurghi e degli Odontoiatri, Filippo <strong>Rings<\/strong>,\u00a0<a href=\"https:\/\/youtu.be\/_NTlDamihP4\" target=\"_blank\" rel=\"noopener\" data-saferedirecturl=\"https:\/\/www.google.com\/url?q=https:\/\/youtu.be\/_NTlDamihP4&amp;source=gmail&amp;ust=1729164301056000&amp;usg=AOvVaw0lLZ4Y6lrPobM_tnI3tpEf\">he declares<\/a> to\u00a0<strong><em>FNOMCeO Tg Sanit\u00e0<\/em><\/strong>\u00a0dopo il via libera della 7\u00aa Commissione del Senato (Cultura, Istruzione)\u00a0sul disegno di legge delega che rivede le modalit\u00e0 di accesso ai corsi di laurea in medicina e chirurgia, odontoiatria e protesi dentaria e medicina veterinaria. La riforma prevede l\u2019abolizione del numero chiuso al primo semestre, consentendo l\u2019iscrizione aperta per tutti gli aspiranti medici senza sostenere i test d\u2019ingresso.<\/p>\n<p>Il proseguimento degli studi al secondo semestre sar\u00e0 condizionato dal conseguimento di tutti gli esami previsti per il primo semestre e dalla posizione nella graduatoria di merito nazionale.<\/p>\n<p>Resta quindi il numero programmato, anche se calibrato, secondo la\u00a0<strong>FNOMCeO<\/strong>, su cifre pi\u00f9 elevate rispetto ai fabbisogni.<\/p>\n<p>\u201c<em>I numeri che in questo momento circolano<\/em>\u00a0\u2013 prosegue infatti\u00a0<strong>Rings<\/strong>\u00a0\u2013 non<em>\u00a0sono coerenti con il numero dei medici che andr\u00e0 in pensione. Forse dovremmo fare tutti una maggiore riflessione per evitare domani la pletora medica e dovremmo tutti quanti provare a riflettere sul valore che dieci anni di formazione hanno per un giovane medico. Tra dieci anni andranno in pensione meno di 7.000 medici e oggi noi consentiamo un accesso a medicina a oltre 20.000 ragazzi: una parte di questi probabilmente non avr\u00e0 occupazione\u201d.<\/em><\/p>\n<p>Guarda il video su Youtube:\u00a0<a href=\"https:\/\/youtu.be\/_NTlDamihP4\" target=\"_blank\" rel=\"noopener\" data-saferedirecturl=\"https:\/\/www.google.com\/url?q=https:\/\/youtu.be\/_NTlDamihP4&amp;source=gmail&amp;ust=1729164301056000&amp;usg=AOvVaw0lLZ4Y6lrPobM_tnI3tpEf\">https:\/\/youtu.be\/_NTlDamihP4<\/a><\/p>\n<p>Scarica il video:\u00a0<a href=\"https:\/\/we.tl\/t-X77AsoszaY\" target=\"_blank\" rel=\"noopener\" data-saferedirecturl=\"https:\/\/www.google.com\/url?q=https:\/\/we.tl\/t-X77AsoszaY&amp;source=gmail&amp;ust=1729164301056000&amp;usg=AOvVaw0a3VRLHNkcmcSczpozpehe\">https:\/\/we.tl\/t-X77AsoszaY<\/a>\u00a0 or\u00a0\u00a0<a href=\"https:\/\/fnomceo-my.sharepoint.com\/:v:\/g\/personal\/m_molinari_fnomceo_it\/Een9cMvUelpCpi6c9ZhUKtQBGTuKlhLy39F4mE5aZTHHDg?e=8xPcSD\" target=\"_blank\" rel=\"noopener\" data-saferedirecturl=\"https:\/\/www.google.com\/url?q=https:\/\/fnomceo-my.sharepoint.com\/:v:\/g\/personal\/m_molinari_fnomceo_it\/Een9cMvUelpCpi6c9ZhUKtQBGTuKlhLy39F4mE5aZTHHDg?e%3D8xPcSD&amp;source=gmail&amp;ust=1729164301056000&amp;usg=AOvVaw3BugYeZqs9mETYOgL_O5Z5\">\u00a0Anellitestmedicina.mp4<\/a><\/p>\n<p>FNOMCeO Press Office<br \/>\ninformazione@fnomceo.it<br \/>\n16 ottobre 2024<\/p>\n<p>Related news: <a href=\"https:\/\/www.studenti.it\/test-medicina-2025-e-ufficiale-addio-al-numero-chiuso.html\" target=\"_blank\" rel=\"noopener\">Test medicina 2025, \u00e8 ufficiale: addio al numero chiuso<\/a><\/p>","protected":false},"excerpt":{"rendered":"<p>Test medicina, Anelli (FNOMCeO): \u201cIl numero programmato resta, buona notizia ma riflettere sui numeri\u201d AUTORE: UFFICIO STAMPA FNOMCEO 16\/10\/2024 \u201cL\u2019abolizione del test di accesso a Medicina non toglier\u00e0 il numero programmato: questa \u00e8 sicuramente una buona notizia perch\u00e9 abbiamo bisogno di programmare il fabbisogno dei futuri medici\u201d. Cos\u00ec il Presidente della FNOMCeO, la Federazione degli &hellip;<\/p>","protected":false},"author":4,"featured_media":78515,"comment_status":"closed","ping_status":"closed","sticky":false,"template":"","format":"standard","meta":{"footnotes":""},"categories":[1],"tags":[41,79],"class_list":["post-78509","post","type-post","status-publish","format-standard","has-post-thumbnail","hentry","category-notizie","tag-leggisentenze","tag-ssn"],"amp_enabled":true,"_links":{"self":[{"href":"https:\/\/www.fedaiisf.it\/en\/wp-json\/wp\/v2\/posts\/78509","targetHints":{"allow":["GET"]}}],"collection":[{"href":"https:\/\/www.fedaiisf.it\/en\/wp-json\/wp\/v2\/posts"}],"about":[{"href":"https:\/\/www.fedaiisf.it\/en\/wp-json\/wp\/v2\/types\/post"}],"author":[{"embeddable":true,"href":"https:\/\/www.fedaiisf.it\/en\/wp-json\/wp\/v2\/users\/4"}],"replies":[{"embeddable":true,"href":"https:\/\/www.fedaiisf.it\/en\/wp-json\/wp\/v2\/comments?post=78509"}],"version-history":[{"count":5,"href":"https:\/\/www.fedaiisf.it\/en\/wp-json\/wp\/v2\/posts\/78509\/revisions"}],"predecessor-version":[{"id":78514,"href":"https:\/\/www.fedaiisf.it\/en\/wp-json\/wp\/v2\/posts\/78509\/revisions\/78514"}],"wp:featuredmedia":[{"embeddable":true,"href":"https:\/\/www.fedaiisf.it\/en\/wp-json\/wp\/v2\/media\/78515"}],"wp:attachment":[{"href":"https:\/\/www.fedaiisf.it\/en\/wp-json\/wp\/v2\/media?parent=78509"}],"wp:term":[{"taxonomy":"category","embeddable":true,"href":"https:\/\/www.fedaiisf.it\/en\/wp-json\/wp\/v2\/categories?post=78509"},{"taxonomy":"post_tag","embeddable":true,"href":"https:\/\/www.fedaiisf.it\/en\/wp-json\/wp\/v2\/tags?post=78509"}],"curies":[{"name":"wp","href":"https:\/\/api.w.org\/{rel}","templated":true}]}}