{"id":78648,"date":"2024-10-25T17:02:38","date_gmt":"2024-10-25T15:02:38","guid":{"rendered":"https:\/\/www.fedaiisf.it\/?p=78648"},"modified":"2024-10-25T17:10:58","modified_gmt":"2024-10-25T15:10:58","slug":"inaugurata-a-napoli-la-xvi-edizione-di-pharmexpo","status":"publish","type":"post","link":"https:\/\/www.fedaiisf.it\/en\/inaugurata-a-napoli-la-xvi-edizione-di-pharmexpo\/","title":{"rendered":"Inaugurata a Napoli la XVI edizione di Pharmexpo"},"content":{"rendered":"<p><em>Si apre oggi Pharmexpo, la fiera B2B (business to business in italiano commercio interaziendale) del settore farmaceutico, alla Mostra d&#8217;Oltremare di Napoli. Riportiamo il comunicato che ci hanno inviato.<\/em><\/p>\n<hr \/>\n<h4 style=\"text-align: center;\"><strong>Inaugurata a Napoli la XVI edizione di Pharmexpo<\/strong><\/h4>\n<p style=\"text-align: center;\"><span style=\"font-size: 14pt;\">Fascione: &#8220;Settore fondamentale per la Regione Campania&#8221;<\/span><\/p>\n<p style=\"text-align: center;\"><span style=\"font-size: 14pt;\">Santagada: &#8220;Il Comune di Napoli punta sull&#8217;offerta fieristica&#8221;<\/span><\/p>\n<p style=\"text-align: justify;\">Napoli, 25 ottobre &#8211; \u00c8 stata inaugurata oggi, nella Mostra d&#8217;Oltremare di Napoli, la XVI edizione di <strong>Pharmexpo<\/strong>, il pi\u00f9 grande Salone dell&#8217;industria farmaceutica nel Centro Sud Italia, organizzato da <strong>Progecta<\/strong> in collaborazione con l&#8217;Ordine dei Farmacisti e con Federfarma. Quest&#8217;anno sono attesi in fiera oltre 10mila farmacisti e sono presenti 265 espositori, per un&#8217;industria, quella farmaceutica, che vale circa 51 miliardi di euro, 11 miliardi in pi\u00f9 rispetto al 2021.<\/p>\n<p>L&#8217;evento, in programma fino al 27 ottobre, \u00e8 stato aperto da un convegno, moderato da <strong>Fabrizio Cantella<\/strong>, direttore di Progecta, a cui hanno partecipato <strong>Valeria Fascione<\/strong>, assessora all&#8217;Innovazione della Regione Campania, <strong>Vincenzo Santagada<\/strong>, assessore alla Salute del Comune di Napoli e presidente dell&#8217;Ordine dei farmacisti della provincia di Napoli, <strong>Ugo Trama<\/strong>, responsabile Politica del Farmaco e Dispositivi della direzione generale Salute della Regione Campania, <strong>Riccardo Iorio<\/strong>, presidente di Federfarma Napoli, e <strong>Pierluigi Petrone<\/strong>, presidente di Assoram, vicepresidente di Farmindustria e dell&#8217;Unione Industriali di Napoli.<\/p>\n<p><img loading=\"lazy\" decoding=\"async\" class=\"size-full wp-image-78651 aligncenter\" src=\"https:\/\/www.fedaiisf.it\/wp-content\/uploads\/2024\/10\/Screenshot-2024-10-25-alle-16.53.46.png\" alt=\"\" width=\"1172\" height=\"620\" srcset=\"https:\/\/www.fedaiisf.it\/wp-content\/uploads\/2024\/10\/Screenshot-2024-10-25-alle-16.53.46.png 1172w, https:\/\/www.fedaiisf.it\/wp-content\/uploads\/2024\/10\/Screenshot-2024-10-25-alle-16.53.46-300x159.png 300w, https:\/\/www.fedaiisf.it\/wp-content\/uploads\/2024\/10\/Screenshot-2024-10-25-alle-16.53.46-1024x542.png 1024w, https:\/\/www.fedaiisf.it\/wp-content\/uploads\/2024\/10\/Screenshot-2024-10-25-alle-16.53.46-768x406.png 768w, https:\/\/www.fedaiisf.it\/wp-content\/uploads\/2024\/10\/Screenshot-2024-10-25-alle-16.53.46-18x10.png 18w\" sizes=\"auto, (max-width: 1172px) 100vw, 1172px\" \/><\/p>\n<p>&#8220;Quello farmaceutico \u2013 ha detto Fascione &#8211; \u00e8 uno dei settori pi\u00f9 importanti della Campania, ci sono grandi aziende farmaceutiche che hanno investito qui, anche in ricerca e in innovazione. <strong>La Regione \u00e8 al fianco di Pharmexpo<\/strong>, una community sempre pi\u00f9 di rilievo anche per le politiche sanitarie regionali&#8221;.<\/p>\n<p>Santagada, portando i saluti del sindaco Gaetano Manfredi, ha rimarcato come la citt\u00e0 di Napoli stia &#8220;investendo molto sull&#8217;offerta fieristica. Abbiamo un nuovo progetto per <strong>rilanciare sempre di pi\u00f9 la Mostra d&#8217;Oltremare<\/strong>, uno dei poli pi\u00f9 importanti della nostra citt\u00e0. Bisogna rilanciarlo, riorganizzarlo. Nel 2025 ci saranno importanti novit\u00e0&#8221;. Per l&#8217;Ordine dei Farmacisti, Pharmexpo \u00e8 &#8220;un appuntamento importante, che coinvolge non solo gli stakeholder del territorio, ma professionisti e aziende di tutto il Paese. Questo evento \u2013 ha proseguito Santagada &#8211; deve crescere ancora di pi\u00f9, con l&#8217;obiettivo di diventare un polo di attrazione per tutto il Mediterraneo&#8221;.<\/p>\n<p>Un&#8217;analisi ha riguardato anche il numero di persone che scelgono di non curarsi, ormai in costante <img loading=\"lazy\" decoding=\"async\" class=\"wp-image-69039 alignleft\" src=\"https:\/\/www.fedaiisf.it\/wp-content\/uploads\/2022\/11\/santagada-ass-napoli.png\" alt=\"\" width=\"153\" height=\"237\" srcset=\"https:\/\/www.fedaiisf.it\/wp-content\/uploads\/2022\/11\/santagada-ass-napoli.png 585w, https:\/\/www.fedaiisf.it\/wp-content\/uploads\/2022\/11\/santagada-ass-napoli-193x300.png 193w\" sizes=\"auto, (max-width: 153px) 100vw, 153px\" \/>aumento. &#8220;Oggi \u2013 ha detto Santagada \u2013<strong> un anziano su quattro rinuncia alle cure<\/strong>. Lo fa per diversi motivi, tra cui la logistica&#8221;. Sul punto, Trama ha spiegato: &#8220;In una regione come la Campania, che pu\u00f2 vedere molte volte l&#8217;abbandono alle cure per criticit\u00e0 anche socio economiche, avere pi\u00f9 operatori sanitari che ti riconducono una corretta prestazione sanitaria \u00e8 un valore aggiunto&#8221;. Da riconoscere, pertanto, &#8220;la <strong>centralit\u00e0 del farmacista nel sistema sanitario<\/strong> <strong>national<\/strong>: non parliamo pi\u00f9 soltanto del professionista del farmaco \u2013 ha precisato Trama -, ma di un operatore sanitario integrato in un team multidisciplinare che pu\u00f2 dare un maggiore contributo nell&#8217;assistenza sanitaria&#8221;.<\/p>\n<p>&#8220;<strong>La farmacia \u00e8 capillare<\/strong>: solo a Napoli e provincia \u2013 ha evidenziato Iorio \u2013 siamo a 822 farmacie, quindi si pu\u00f2 ben capire che siamo ad ogni angolo di strada e che ogni cittadino almeno una volta al mese entra in una farmacia. Questo fa capire l&#8217;importanza del nostro ruolo e anche quello che possiamo comunicare alle persone&#8221;.<\/p>\n<p><a href=\"https:\/\/www.pharmexpo.it\/wp-content\/uploads\/2024\/10\/PHARMEXPO2024_Programma22.pdf\" target=\"_blank\" rel=\"noopener\">Plan<\/a><\/p>\n<div><\/div>\n<p><img loading=\"lazy\" decoding=\"async\" class=\"alignnone size-full wp-image-78652\" src=\"https:\/\/www.fedaiisf.it\/wp-content\/uploads\/2024\/10\/Screenshot-2024-10-25-alle-16.55.56.png\" alt=\"\" width=\"1072\" height=\"620\" srcset=\"https:\/\/www.fedaiisf.it\/wp-content\/uploads\/2024\/10\/Screenshot-2024-10-25-alle-16.55.56.png 1072w, https:\/\/www.fedaiisf.it\/wp-content\/uploads\/2024\/10\/Screenshot-2024-10-25-alle-16.55.56-300x174.png 300w, https:\/\/www.fedaiisf.it\/wp-content\/uploads\/2024\/10\/Screenshot-2024-10-25-alle-16.55.56-1024x592.png 1024w, https:\/\/www.fedaiisf.it\/wp-content\/uploads\/2024\/10\/Screenshot-2024-10-25-alle-16.55.56-768x444.png 768w, https:\/\/www.fedaiisf.it\/wp-content\/uploads\/2024\/10\/Screenshot-2024-10-25-alle-16.55.56-18x10.png 18w\" sizes=\"auto, (max-width: 1072px) 100vw, 1072px\" \/><\/p>","protected":false},"excerpt":{"rendered":"<p>Si apre oggi Pharmexpo, la fiera B2B (business to business in italiano commercio interaziendale) del settore farmaceutico, alla Mostra d&#8217;Oltremare di Napoli. Riportiamo il comunicato che ci hanno inviato. Inaugurata a Napoli la XVI edizione di Pharmexpo Fascione: &#8220;Settore fondamentale per la Regione Campania&#8221; Santagada: &#8220;Il Comune di Napoli punta sull&#8217;offerta fieristica&#8221; Napoli, 25 ottobre &hellip;<\/p>","protected":false},"author":4,"featured_media":78650,"comment_status":"closed","ping_status":"closed","sticky":false,"template":"","format":"standard","meta":{"footnotes":""},"categories":[1],"tags":[227],"class_list":["post-78648","post","type-post","status-publish","format-standard","has-post-thumbnail","hentry","category-notizie","tag-comunicato"],"amp_enabled":true,"_links":{"self":[{"href":"https:\/\/www.fedaiisf.it\/en\/wp-json\/wp\/v2\/posts\/78648","targetHints":{"allow":["GET"]}}],"collection":[{"href":"https:\/\/www.fedaiisf.it\/en\/wp-json\/wp\/v2\/posts"}],"about":[{"href":"https:\/\/www.fedaiisf.it\/en\/wp-json\/wp\/v2\/types\/post"}],"author":[{"embeddable":true,"href":"https:\/\/www.fedaiisf.it\/en\/wp-json\/wp\/v2\/users\/4"}],"replies":[{"embeddable":true,"href":"https:\/\/www.fedaiisf.it\/en\/wp-json\/wp\/v2\/comments?post=78648"}],"version-history":[{"count":9,"href":"https:\/\/www.fedaiisf.it\/en\/wp-json\/wp\/v2\/posts\/78648\/revisions"}],"predecessor-version":[{"id":78660,"href":"https:\/\/www.fedaiisf.it\/en\/wp-json\/wp\/v2\/posts\/78648\/revisions\/78660"}],"wp:featuredmedia":[{"embeddable":true,"href":"https:\/\/www.fedaiisf.it\/en\/wp-json\/wp\/v2\/media\/78650"}],"wp:attachment":[{"href":"https:\/\/www.fedaiisf.it\/en\/wp-json\/wp\/v2\/media?parent=78648"}],"wp:term":[{"taxonomy":"category","embeddable":true,"href":"https:\/\/www.fedaiisf.it\/en\/wp-json\/wp\/v2\/categories?post=78648"},{"taxonomy":"post_tag","embeddable":true,"href":"https:\/\/www.fedaiisf.it\/en\/wp-json\/wp\/v2\/tags?post=78648"}],"curies":[{"name":"wp","href":"https:\/\/api.w.org\/{rel}","templated":true}]}}