{"id":78734,"date":"2024-10-28T12:22:59","date_gmt":"2024-10-28T11:22:59","guid":{"rendered":"https:\/\/www.fedaiisf.it\/?p=78734"},"modified":"2024-10-28T12:25:44","modified_gmt":"2024-10-28T11:25:44","slug":"sindacati-della-medicina-convenzionata-verso-la-protesta-unitaria-con-la-medicina-dipendente","status":"publish","type":"post","link":"https:\/\/www.fedaiisf.it\/en\/sindacati-della-medicina-convenzionata-verso-la-protesta-unitaria-con-la-medicina-dipendente\/","title":{"rendered":"Sindacati della medicina convenzionata verso la protesta unitaria con la medicina dipendente"},"content":{"rendered":"<p align=\"center\"><img loading=\"lazy\" decoding=\"async\" class=\"size-full wp-image-78737 aligncenter\" src=\"https:\/\/www.fedaiisf.it\/wp-content\/uploads\/2024\/10\/comunicato-stampa-fimg-.png\" alt=\"\" width=\"1208\" height=\"353\" srcset=\"https:\/\/www.fedaiisf.it\/wp-content\/uploads\/2024\/10\/comunicato-stampa-fimg-.png 1208w, https:\/\/www.fedaiisf.it\/wp-content\/uploads\/2024\/10\/comunicato-stampa-fimg--300x88.png 300w, https:\/\/www.fedaiisf.it\/wp-content\/uploads\/2024\/10\/comunicato-stampa-fimg--1024x299.png 1024w, https:\/\/www.fedaiisf.it\/wp-content\/uploads\/2024\/10\/comunicato-stampa-fimg--768x224.png 768w, https:\/\/www.fedaiisf.it\/wp-content\/uploads\/2024\/10\/comunicato-stampa-fimg--18x5.png 18w\" sizes=\"auto, (max-width: 1208px) 100vw, 1208px\" \/><\/p>\n<p align=\"center\"><a href=\"https:\/\/www.fimmg.org\/index.php?action=pages&amp;m=view&amp;p=32830&amp;lang=it\" target=\"_blank\" rel=\"noopener\">Joint press release<\/a><\/p>\n<p style=\"text-align: justify;\" align=\"center\">Dopo mesi nei quali si sono moltiplicate le richieste d\u2019attenzione e i campanelli d\u2019allarme per una situazione non pi\u00f9 sostenibile, tanto per i medici che per i pazienti, FIMMG, FIMP, FMT, SMI, SNAMI e il SUMAI Assoprof non vedono oggi altra soluzione che avviarsi verso una protesta unitaria dei medici convenzionati con il Servizio sanitario nazionale che solidifichi e renda univoco il disagio dei professionisti gi\u00e0 espresso dalla area della dipendenza medica e infermieristica.<\/p>\n<p style=\"text-align: justify;\">\u00abA fronte di un grave disagio e di una profonda sofferenza manifestata dall\u2019intera categoria, nella Legge di Bilancio perdura da parte dei decisori politici l\u2019assenza di iniziative volte a stanziare risorse aggiuntive per il raggiungimento degli obiettivi di politica sanitaria. Questo, nonostante gli sforzi e le necessit\u00e0 rappresentate pi\u00f9 volte dallo stesso Ministro della Salute con richieste di stanziamenti pi\u00f9 significativi sui professionisti\u00bb.<\/p>\n<p style=\"text-align: justify;\">Di qui la possibilit\u00e0 che nei prossimi giorni tutte le OOSS dell\u2019intersindacale convenzionata possano decidere di unirsi alla protesta dei medici dipendenti.<\/p>\n<p style=\"text-align: justify;\">Da parte dei sindacati, a tutela dei lavoratori ma anche della salute dei cittadini, si pone infatti l\u2019imperativo di esprimere con la massima forza possibile il proprio dissenso per una Legge di Bilancio che stanzia per gli operatori della sanit\u00e0 risorse inadeguate, addirittura del tutto assenti per la medicina convenzionata, nonostante la riforma preveda il potenziamento della medicina territoriale \u2013 dimenticata persino in prospettiva 2026 sotto forma di possibili incentivi, detassazioni e decontribuzioni, a differenza dei dipendenti, utili a sostenere lo sforzo assistenziale prodotto dai singoli medici, che pagano in proprio i fattori di produzione o subiscono la differenza di retribuzione con i colleghi con i quali lavorano fianco a fianco tutti i giorni per 365 giorni all\u2019anno.<\/p>\n<p style=\"text-align: justify;\">Alla mancanza di risorse, per le organizzazioni sindacali della medicina generale e per la specialistica ambulatoriale, si aggiunge la beffa del finanziamento delle borse per le Scuole di Specializzazione meno richieste. Sono dimenticati investimenti sul Corso di Formazione Specifica in Medicina Generale che gi\u00e0 da anni ha un tasso di copertura delle borse tra i pi\u00f9 bassi con una remunerazione per ogni singola borsa di studio che \u00e8 inferiore alla met\u00e0 di quanto previsto per le borse universitarie.<\/p>\n<p style=\"text-align: justify;\">Un dato che si traduce di fatto nella scelta di disinvestire nel futuro della medicina generale e della specialistica ambulatoriale pubblica e, in assoluto, nell&#8217;assistenza primaria che il Servizio sanitario nazionale deve garantire ai cittadini, vista anche la grave carenza di medici di famiglia e di specialisti ambulatoriali che \u00e8 ormai emergenza in tutta Italia.<\/p>\n<p>Roma 25 ottobre 2024<\/p>\n<hr \/>\n<p>Related news: <a href=\"https:\/\/www.snami.org\/wp-content\/uploads\/Format-Comunicato.pdf\" target=\"_blank\" rel=\"noopener\">Lo SNAMI proclama ufficialmente lo <strong>STATO DI AGITAZIONE<\/strong> della categoria<\/a><\/p>\n<p class=\"entry-title\"><a href=\"https:\/\/portale.fnomceo.it\/medici-preoccupazione-fnomceo-per-protesta-generale-anelli-lintento-e-la-difesa-del-ssn-la-sanita-si-ferma-un-giorno-per-non-fermarsi-per-sempre\/\" target=\"_blank\" rel=\"noopener\">Medici, \u201cpreoccupazione\u201d FNOMCeO per protesta generale. Anelli: \u201cL\u2019intento \u00e8 la difesa del SSN, la sanit\u00e0 si ferma un giorno per non fermarsi per sempre, Governo intervenga e aumenti le risorse\u201d<\/a><\/p>\n<p>&nbsp;<\/p>","protected":false},"excerpt":{"rendered":"<p>Comunicato stampa congiunto Dopo mesi nei quali si sono moltiplicate le richieste d\u2019attenzione e i campanelli d\u2019allarme per una situazione non pi\u00f9 sostenibile, tanto per i medici che per i pazienti, FIMMG, FIMP, FMT, SMI, SNAMI e il SUMAI Assoprof non vedono oggi altra soluzione che avviarsi verso una protesta unitaria dei medici convenzionati con &hellip;<\/p>","protected":false},"author":4,"featured_media":78741,"comment_status":"closed","ping_status":"closed","sticky":false,"template":"","format":"standard","meta":{"footnotes":""},"categories":[1],"tags":[227,79],"class_list":["post-78734","post","type-post","status-publish","format-standard","has-post-thumbnail","hentry","category-notizie","tag-comunicato","tag-ssn"],"amp_enabled":true,"_links":{"self":[{"href":"https:\/\/www.fedaiisf.it\/en\/wp-json\/wp\/v2\/posts\/78734","targetHints":{"allow":["GET"]}}],"collection":[{"href":"https:\/\/www.fedaiisf.it\/en\/wp-json\/wp\/v2\/posts"}],"about":[{"href":"https:\/\/www.fedaiisf.it\/en\/wp-json\/wp\/v2\/types\/post"}],"author":[{"embeddable":true,"href":"https:\/\/www.fedaiisf.it\/en\/wp-json\/wp\/v2\/users\/4"}],"replies":[{"embeddable":true,"href":"https:\/\/www.fedaiisf.it\/en\/wp-json\/wp\/v2\/comments?post=78734"}],"version-history":[{"count":7,"href":"https:\/\/www.fedaiisf.it\/en\/wp-json\/wp\/v2\/posts\/78734\/revisions"}],"predecessor-version":[{"id":78743,"href":"https:\/\/www.fedaiisf.it\/en\/wp-json\/wp\/v2\/posts\/78734\/revisions\/78743"}],"wp:featuredmedia":[{"embeddable":true,"href":"https:\/\/www.fedaiisf.it\/en\/wp-json\/wp\/v2\/media\/78741"}],"wp:attachment":[{"href":"https:\/\/www.fedaiisf.it\/en\/wp-json\/wp\/v2\/media?parent=78734"}],"wp:term":[{"taxonomy":"category","embeddable":true,"href":"https:\/\/www.fedaiisf.it\/en\/wp-json\/wp\/v2\/categories?post=78734"},{"taxonomy":"post_tag","embeddable":true,"href":"https:\/\/www.fedaiisf.it\/en\/wp-json\/wp\/v2\/tags?post=78734"}],"curies":[{"name":"wp","href":"https:\/\/api.w.org\/{rel}","templated":true}]}}