{"id":78744,"date":"2024-10-29T05:51:38","date_gmt":"2024-10-29T04:51:38","guid":{"rendered":"https:\/\/www.fedaiisf.it\/?p=78744"},"modified":"2024-10-28T19:53:03","modified_gmt":"2024-10-28T18:53:03","slug":"bilancio-positivo-per-pharmexpo-25-di-visitatori-per-il-salone-dellindustria-farmaceutica","status":"publish","type":"post","link":"https:\/\/www.fedaiisf.it\/en\/bilancio-positivo-per-pharmexpo-25-di-visitatori-per-il-salone-dellindustria-farmaceutica\/","title":{"rendered":"Bilancio positivo per Pharmexpo +25% di visitatori per il Salone dell&#8217;Industria Farmaceutica"},"content":{"rendered":"<p style=\"font-weight: 400; text-align: justify;\"><em>Napoli, 28 ottobre<\/em>\u00a0&#8211; Bilancio positivo per la\u00a0<strong>sedicesima edizione di Pharmexpo<\/strong>, il salone dell&#8217;industria farmaceutica organizzato da\u00a0<strong>Progecta<\/strong>\u00a0&#8211; in collaborazione con l&#8217;Ordine dei Farmacisti e con Federfarma -, l&#8217;unica rassegna del Centrosud Italia che promuove l&#8217;incontro tra farmacisti, medici, operatori sanitari e aziende del settore. La manifestazione B2B, che si \u00e8 tenuta dal 25 al 27 ottobre nella Mostra d&#8217;Oltremare di Napoli, ha fatto registrare la presenza di\u00a0<strong>oltre 270 aziende espositrici e 11.400 visitatori, il 25% in pi\u00f9 dello scorso anno.<\/strong><\/p>\n<p style=\"font-weight: 400; text-align: justify;\"><img loading=\"lazy\" decoding=\"async\" class=\"size-full wp-image-78650 alignright\" src=\"https:\/\/www.fedaiisf.it\/wp-content\/uploads\/2024\/10\/pharmezpo-2024.jpeg\" alt=\"\" width=\"299\" height=\"168\" srcset=\"https:\/\/www.fedaiisf.it\/wp-content\/uploads\/2024\/10\/pharmezpo-2024.jpeg 299w, https:\/\/www.fedaiisf.it\/wp-content\/uploads\/2024\/10\/pharmezpo-2024-18x10.jpeg 18w\" sizes=\"auto, (max-width: 299px) 100vw, 299px\" \/>&#8220;Il bilancio \u2013 afferma\u00a0<strong>Fabrizio Cantella, direttore di Progecta<\/strong>\u00a0&#8211; \u00e8 estremamente positivo: per tre giorni i padiglioni di Pharmexpo hanno pullulato di visitatori, con moltissimi farmacisti che hanno visitato le oltre 270 aziende espositrici. Napoli \u00e8 una citt\u00e0 che in questo momento attrae e Pharmexpo risponde sempre molto bene a quelle che sono le continue sfide a cui \u00e8 sottoposto il mondo della farmacia. I temi al centro della 16esima edizione di Pharmexpo, come la prevenzione, la farmacia dei servizi, confermano quanto oggi la farmacia, in Italia, possa essere considerata il primo presidio sanitario al servizio del cittadino&#8221;.<\/p>\n<p style=\"font-weight: 400; text-align: justify;\">La manifestazione \u00e8 stata inaugurata alla presenza di\u00a0<strong>Valeria Fascione<\/strong>, assessora all&#8217;Innovazione della Regione Campania,\u00a0<strong>Vincenzo Santagada<\/strong>, assessore alla Salute del Comune di Napoli e presidente dell&#8217;Ordine dei farmacisti della provincia di Napoli,\u00a0<strong>Ugo Trama<\/strong>, responsabile Politica del Farmaco e Dispositivi della direzione generale Salute della Regione Campania,\u00a0<strong>Riccardo Iorio<\/strong>, presidente di Federfarma Napoli, e\u00a0<strong>Pierluigi Petrone,<\/strong>\u00a0presidente di Assoram, vicepresidente di Farmindustria e dell&#8217;Unione Industriali di Napoli.<\/p>\n<p style=\"font-weight: 400; text-align: justify;\">Durante i tre giorni di Pharmexpo sono stati organizzati\u00a0<strong>20 eventi &#8211; tra convegni, premiazioni e appuntamenti formativi, anche con crediti E.C.M.<\/strong>\u00a0&#8211;\u00a0<strong>tesi ad approfondire le sfide del presente e quelle del futuro.<\/strong>Dalla necessit\u00e0 che il farmacista sia anche un capace manager della sua azienda, alla centralit\u00e0 della farmacia dei servizi nel Servizio Sanitario Nazionale. E, ancora, la prevenzione, le strategie di difesa dai virus influenzali, la telemedicina, la farmacia digitale il mondo del gluten free \u2013 ospitato negli stand di Enjoy Gluten Free &#8211; e della dieta aproteica.<\/p>\n<p style=\"font-weight: 400; text-align: justify;\"><img loading=\"lazy\" decoding=\"async\" class=\"wp-image-61237 alignleft\" src=\"https:\/\/www.fedaiisf.it\/wp-content\/uploads\/2021\/11\/comunicato-stampa-pharmexpo.png\" alt=\"\" width=\"298\" height=\"158\" srcset=\"https:\/\/www.fedaiisf.it\/wp-content\/uploads\/2021\/11\/comunicato-stampa-pharmexpo.png 848w, https:\/\/www.fedaiisf.it\/wp-content\/uploads\/2021\/11\/comunicato-stampa-pharmexpo-300x159.png 300w, https:\/\/www.fedaiisf.it\/wp-content\/uploads\/2021\/11\/comunicato-stampa-pharmexpo-768x407.png 768w\" sizes=\"auto, (max-width: 298px) 100vw, 298px\" \/>Soddisfazione \u00e8 stata espressa anche da\u00a0<strong>Angioletto De Negri<\/strong>, patron di Progecta: &#8220;Bene la crescita costante di Pharmexpo. L&#8217;obiettivo di Progecta, azienda leader del settore nel Centrosud, \u00e8 tenere insieme tutte le iniziative fieristiche che si fregia di organizzare a Napoli, capitale del Mezzogiorno, in un Sud che rimorchia l&#8217;economia nazionale. Noi oggi siamo gli angeli custodi degli imprenditori, che in numero sempre maggiore scelgo di investire nel nostro territorio.<\/p>\n<p style=\"font-weight: 400; text-align: justify;\">Ci auguriamo che anche le istituzioni si rendano sempre pi\u00f9 conto dell&#8217;importanza di ci\u00f2 che viene fatto a Napoli per tutto il Mediterraneo: il Sud conta ed \u00e8 quello che vuole comunicare Progecta. Sono felice, inoltre, che gli spazi che ci ospitano, quelli della Mostra d&#8217;Oltremare, siano al centro di un progetto di rilancio del Comune di Napoli. Qui, ogni anno, potrebbero essere organizzate anche 60 o 70 fiere di grande livello e quest&#8217;area espositiva merita di portare in alto il lustro della sua storia&#8221;.<\/p>\n<p style=\"font-weight: 400; text-align: justify;\"><strong>Pharmexpo d\u00e0 appuntamento al prossimo anno: la XVII edizione del Salone si terr\u00e0 a Napoli dal 24 al 26 ottobre 2025.<\/strong><\/p>\n<p>Comunicato Pharmexpo &#8211; 28 ottobre 2024<\/p>\n<p style=\"font-weight: 400;\">","protected":false},"excerpt":{"rendered":"<p>Napoli, 28 ottobre\u00a0&#8211; Bilancio positivo per la\u00a0sedicesima edizione di Pharmexpo, il salone dell&#8217;industria farmaceutica organizzato da\u00a0Progecta\u00a0&#8211; in collaborazione con l&#8217;Ordine dei Farmacisti e con Federfarma -, l&#8217;unica rassegna del Centrosud Italia che promuove l&#8217;incontro tra farmacisti, medici, operatori sanitari e aziende del settore. La manifestazione B2B, che si \u00e8 tenuta dal 25 al 27 ottobre &hellip;<\/p>","protected":false},"author":4,"featured_media":78745,"comment_status":"closed","ping_status":"closed","sticky":false,"template":"","format":"standard","meta":{"footnotes":""},"categories":[1],"tags":[227],"class_list":["post-78744","post","type-post","status-publish","format-standard","has-post-thumbnail","hentry","category-notizie","tag-comunicato"],"amp_enabled":true,"_links":{"self":[{"href":"https:\/\/www.fedaiisf.it\/en\/wp-json\/wp\/v2\/posts\/78744","targetHints":{"allow":["GET"]}}],"collection":[{"href":"https:\/\/www.fedaiisf.it\/en\/wp-json\/wp\/v2\/posts"}],"about":[{"href":"https:\/\/www.fedaiisf.it\/en\/wp-json\/wp\/v2\/types\/post"}],"author":[{"embeddable":true,"href":"https:\/\/www.fedaiisf.it\/en\/wp-json\/wp\/v2\/users\/4"}],"replies":[{"embeddable":true,"href":"https:\/\/www.fedaiisf.it\/en\/wp-json\/wp\/v2\/comments?post=78744"}],"version-history":[{"count":4,"href":"https:\/\/www.fedaiisf.it\/en\/wp-json\/wp\/v2\/posts\/78744\/revisions"}],"predecessor-version":[{"id":78749,"href":"https:\/\/www.fedaiisf.it\/en\/wp-json\/wp\/v2\/posts\/78744\/revisions\/78749"}],"wp:featuredmedia":[{"embeddable":true,"href":"https:\/\/www.fedaiisf.it\/en\/wp-json\/wp\/v2\/media\/78745"}],"wp:attachment":[{"href":"https:\/\/www.fedaiisf.it\/en\/wp-json\/wp\/v2\/media?parent=78744"}],"wp:term":[{"taxonomy":"category","embeddable":true,"href":"https:\/\/www.fedaiisf.it\/en\/wp-json\/wp\/v2\/categories?post=78744"},{"taxonomy":"post_tag","embeddable":true,"href":"https:\/\/www.fedaiisf.it\/en\/wp-json\/wp\/v2\/tags?post=78744"}],"curies":[{"name":"wp","href":"https:\/\/api.w.org\/{rel}","templated":true}]}}