{"id":78792,"date":"2024-10-31T18:13:57","date_gmt":"2024-10-31T17:13:57","guid":{"rendered":"https:\/\/www.fedaiisf.it\/?p=78792"},"modified":"2024-10-31T18:34:01","modified_gmt":"2024-10-31T17:34:01","slug":"patto-per-il-digitale-e-lintelligenza-artificiale-siglato-da-sanofi-e-le-strutture-sindacali-patto-per-mantenere-la-centralita-umana","status":"publish","type":"post","link":"https:\/\/www.fedaiisf.it\/en\/patto-per-il-digitale-e-lintelligenza-artificiale-siglato-da-sanofi-e-le-strutture-sindacali-patto-per-mantenere-la-centralita-umana\/","title":{"rendered":"\u201cPatto per il digitale e l\u2019intelligenza artificiale\u201d siglato da Sanofi e le strutture sindacali. Patto per mantenere la centralit\u00e0 umana"},"content":{"rendered":"<h4 style=\"text-align: center;\">Comunicato Stampa Filctem GIGL &#8211; Femca CISL &#8211; UILtec<a href=\"https:\/\/www.filctemcgil.it\/images\/comunicati_stampa\/241031_CS_Sanofi_IA.pdf\" target=\"_blank\" rel=\"noopener\"><img loading=\"lazy\" decoding=\"async\" class=\"size-full wp-image-78793 aligncenter\" src=\"https:\/\/www.fedaiisf.it\/wp-content\/uploads\/2024\/10\/Screenshot-2024-10-31-alle-18.05.16.png\" alt=\"\" width=\"1826\" height=\"464\" srcset=\"https:\/\/www.fedaiisf.it\/wp-content\/uploads\/2024\/10\/Screenshot-2024-10-31-alle-18.05.16.png 1826w, https:\/\/www.fedaiisf.it\/wp-content\/uploads\/2024\/10\/Screenshot-2024-10-31-alle-18.05.16-300x76.png 300w, https:\/\/www.fedaiisf.it\/wp-content\/uploads\/2024\/10\/Screenshot-2024-10-31-alle-18.05.16-1024x260.png 1024w, https:\/\/www.fedaiisf.it\/wp-content\/uploads\/2024\/10\/Screenshot-2024-10-31-alle-18.05.16-768x195.png 768w, https:\/\/www.fedaiisf.it\/wp-content\/uploads\/2024\/10\/Screenshot-2024-10-31-alle-18.05.16-1536x390.png 1536w, https:\/\/www.fedaiisf.it\/wp-content\/uploads\/2024\/10\/Screenshot-2024-10-31-alle-18.05.16-18x5.png 18w\" sizes=\"auto, (max-width: 1826px) 100vw, 1826px\" \/>Intelligenza digitale in Sanofi. Patto per mantenere la centralit\u00e0 umana<\/a><\/h4>\n<p style=\"text-align: justify;\">Workshop presso il centro congressi Cavour a Roma, sul \u201c<strong>Patto per il digitale e l\u2019intelligenza artificiale<\/strong>\u201d siglato da Sanofi e le strutture sindacali territoriali di Milano e Assolombarda sullo sviluppo dei sistemi digitali e di intelligenza artificiale nei processi aziendali. Si tratta del primo nel suo genere in Italia. Il contenuto \u00e8 stato approfondito ieri con il coordinamento sindacale nazionale e le Segreterie nazionali di Filctem, Femca e Uiltec. Anche grazie a uno specifico percorso formativo, strutturato insieme al Politecnico di Milano, il progetto supporta la trasformazione digitale, promuovendo un uso etico e responsabile dell&#8217;intelligenza artificiale.<\/p>\n<p style=\"text-align: justify;\">\u00a0Questo patto segna un passo importante nel percorso di trasformazione digitale dell\u2019azienda ed evidenzia l&#8217;impegno di Sanofi nell&#8217;uso dell&#8217;intelligenza artificiale (IA) per migliorare il benessere delle comunit\u00e0 e delle persone affette da patologie. \u00c8 noto che l\u2019IA consente infatti un significativo sviluppo della ricerca di nuove molecole e facilita i processi organizzativi.<\/p>\n<p style=\"text-align: justify;\">\u00a0Il patto rappresenta il culmine di un percorso articolato e stimolante, iniziato con la creazione di un Osservatorio digitale aziendale, istituito per monitorare congiuntamente il progresso della sua realizzazione in azienda e l\u2019impatto sulle modalit\u00e0 di lavoro. Nel piano sono stati offerti moltissimi corsi pratici per l&#8217;utilizzo quotidiano degli strumenti di intelligenza artificiale.<\/p>\n<p style=\"text-align: justify;\">\u00a0Il \u201cPatto per il digitale e l\u2019IA\u201d si inserisce all\u2019interno di una strategia pi\u00f9 ampia di Sanofi, che punta a diventare la prima azienda biofarmaceutica ad adottare l\u2019IA su larga scala. In particolare, nel campo dell\u2019<em>Immunoscience<\/em>, l&#8217;obiettivo \u00e8 quello di estendere i benefici della medicina di precisione a un numero crescente di pazienti, accelerando la scoperta e l\u2019accesso a nuove soluzioni di salute e ottimizzando non solo i processi di produzione e distribuzione, ma tutte le procedure aziendali.<\/p>\n<p style=\"text-align: justify;\">\u00a0Le segreterie nazionali Filctem Femca e Uiltec stanno seguendo questo percorso con grande interesse e attenzione e ne hanno chiesto la condivisione dei contenuti con tutti i siti presenti in Italia, cos\u00ec da favorire la comprensione delle opportunit\u00e0 e delle necessit\u00e0 che l\u2019uso dell\u2019AI impone in termini di trasformazione delle competenze, ma anche di impegno etico comune, perch\u00e9 non si prescinda mai dalla centralit\u00e0 umana.<\/p>\n<p style=\"text-align: justify;\">Ne consegue, ribadiscono per le Segreterie Nazionali,<strong> Aldo Zago, Lorenzo Zoli e Daniele Bailo<\/strong>, That<em> \u201cquesto \u00e8 per noi un osservatorio importante per monitorare lo sviluppo e l\u2019impatto dell\u2019intelligenza artificiale, peraltro gi\u00e0 visibile non solo nel mondo del lavoro. Questo confronto \u00e8 utile anche per eventuali considerazioni da adottare nel prossimo rinnovo del Contratto Nazionale, che gi\u00e0 contiene un capitolo dedicato. Per la natura stessa del tema, dovremo tuttavia seguirne l\u2019evoluzione e aggiornarlo agli scenari futuri\u201d<\/em>.<\/p>\n<p><a href=\"https:\/\/www.filctemcgil.it\/images\/comunicati_stampa\/241031_CS_Sanofi_IA.pdf\" target=\"_blank\" rel=\"noopener\">Press release<\/a><\/p>\n<hr \/>\n<p>Related news: <a href=\"https:\/\/www.fortuneita.com\/2023\/01\/25\/pharma-le-nuove-professioni-nellera-dellintelligenza-artificiale-video\/\" target=\"_blank\" rel=\"noopener\">Pharma, le nuove professioni nell\u2019era dell\u2019intelligenza artificiale<\/a><\/p>\n<p><a href=\"https:\/\/tesi.luiss.it\/40104\/1\/265221_ROSSI_SARA.pdf\" target=\"_blank\" rel=\"noopener\">Sara Rossi: Intelligenza Artificiale: un&#8217;opportunit\u00e0 o una minaccia?<\/a><\/p>\n<p>Note<\/p>\n<p><em>For <b>Giancarlo Lombardo<\/b>, <b>Rino Fresca <\/b>And <b>Fabio Pennati<\/b> rispettivamente segretario territoriale Filctem-Cgil, segretario territoriale Femca-Cisl e segretario territoriale Uiltec-Uil \u201cl\u2019inclusione e la formazione continua dei lavoratori sono fondamentali per affrontare le sfide della digitalizzazione. L\u2019accordo con Sanofi dimostra che \u00e8 possibile mettere le persone al centro, assicurando che le nuove tecnologie siano al servizio della collettivit\u00e0. I principi guida del patto riflettono un impegno condiviso per un uso etico e inclusivo delle tecnologie digitali e dell\u2019IA, garantendo che siano impiegate in modo responsabile, equo e rispettoso della dignit\u00e0 umana, tutelando l\u2019inclusivit\u00e0 e il benessere di tutti\u201d (Fonte <a href=\"https:\/\/www.sanita24.ilsole24ore.com\/art\/imprese-e-mercato\/2024-10-29\/sanofi-firmato-patto-il-digitale-e-l-intelligenza-artificiale-assolombarda-e-sindacati-171208.php?uuid=AGfLTFp\" target=\"_blank\" rel=\"noopener\">The sun 24 hours<\/a>)<\/em><\/p>\n<p>&nbsp;<\/p>","protected":false},"excerpt":{"rendered":"<p>Comunicato Stampa Filctem GIGL &#8211; Femca CISL &#8211; UILtecIntelligenza digitale in Sanofi. Patto per mantenere la centralit\u00e0 umana Workshop presso il centro congressi Cavour a Roma, sul \u201cPatto per il digitale e l\u2019intelligenza artificiale\u201d siglato da Sanofi e le strutture sindacali territoriali di Milano e Assolombarda sullo sviluppo dei sistemi digitali e di intelligenza artificiale &hellip;<\/p>","protected":false},"author":4,"featured_media":78794,"comment_status":"closed","ping_status":"closed","sticky":false,"template":"","format":"standard","meta":{"footnotes":""},"categories":[1],"tags":[52],"class_list":["post-78792","post","type-post","status-publish","format-standard","has-post-thumbnail","hentry","category-notizie","tag-sanofi"],"amp_enabled":true,"_links":{"self":[{"href":"https:\/\/www.fedaiisf.it\/en\/wp-json\/wp\/v2\/posts\/78792","targetHints":{"allow":["GET"]}}],"collection":[{"href":"https:\/\/www.fedaiisf.it\/en\/wp-json\/wp\/v2\/posts"}],"about":[{"href":"https:\/\/www.fedaiisf.it\/en\/wp-json\/wp\/v2\/types\/post"}],"author":[{"embeddable":true,"href":"https:\/\/www.fedaiisf.it\/en\/wp-json\/wp\/v2\/users\/4"}],"replies":[{"embeddable":true,"href":"https:\/\/www.fedaiisf.it\/en\/wp-json\/wp\/v2\/comments?post=78792"}],"version-history":[{"count":5,"href":"https:\/\/www.fedaiisf.it\/en\/wp-json\/wp\/v2\/posts\/78792\/revisions"}],"predecessor-version":[{"id":78799,"href":"https:\/\/www.fedaiisf.it\/en\/wp-json\/wp\/v2\/posts\/78792\/revisions\/78799"}],"wp:featuredmedia":[{"embeddable":true,"href":"https:\/\/www.fedaiisf.it\/en\/wp-json\/wp\/v2\/media\/78794"}],"wp:attachment":[{"href":"https:\/\/www.fedaiisf.it\/en\/wp-json\/wp\/v2\/media?parent=78792"}],"wp:term":[{"taxonomy":"category","embeddable":true,"href":"https:\/\/www.fedaiisf.it\/en\/wp-json\/wp\/v2\/categories?post=78792"},{"taxonomy":"post_tag","embeddable":true,"href":"https:\/\/www.fedaiisf.it\/en\/wp-json\/wp\/v2\/tags?post=78792"}],"curies":[{"name":"wp","href":"https:\/\/api.w.org\/{rel}","templated":true}]}}