{"id":79073,"date":"2024-11-19T17:01:46","date_gmt":"2024-11-19T16:01:46","guid":{"rendered":"https:\/\/www.fedaiisf.it\/?p=79073"},"modified":"2024-11-19T19:25:46","modified_gmt":"2024-11-19T18:25:46","slug":"anaao-assomed-cimo-fesmed-e-nursing-up-confermano-lon-sciopero-per-il-20-novembre","status":"publish","type":"post","link":"https:\/\/www.fedaiisf.it\/en\/anaao-assomed-cimo-fesmed-e-nursing-up-confermano-lon-sciopero-per-il-20-novembre\/","title":{"rendered":"ANAAO ASSOMED, CIMO-FESMED E NURSING UP confermano lo sciopero per il 20 novembre"},"content":{"rendered":"<h3>CONFERMATO LO SCIOPERO DEL 20\/11. \u201cProtestiamo per ridare dignit\u00e0 e valore al nostro lavoro&#8221;.<\/h3>\n<p>Maggioranza e opposizione lavorino insieme per disegnare il SSN del futuro<\/p>\n<p style=\"text-align: center;\"><strong>COMUNICATO STAMPA ANAAO ASSOMED, CIMO-FESMED E NURSING UP<\/strong><\/p>\n<p><strong>Medici, dirigenti sanitari, infermieri e professionisti sanitari confermano lo sciopero del 20 novembre<\/strong><\/p>\n<p>\u201cLo sciopero \u00e8 la forma pi\u00f9 estrema di protesta che un sindacato ha a disposizione. E quando parliamo di uno <img loading=\"lazy\" decoding=\"async\" class=\"wp-image-79075 alignright\" src=\"https:\/\/www.fedaiisf.it\/wp-content\/uploads\/2024\/11\/Schermata-2024-11-19-alle-16.46.51.png\" alt=\"\" width=\"299\" height=\"201\" srcset=\"https:\/\/www.fedaiisf.it\/wp-content\/uploads\/2024\/11\/Schermata-2024-11-19-alle-16.46.51.png 364w, https:\/\/www.fedaiisf.it\/wp-content\/uploads\/2024\/11\/Schermata-2024-11-19-alle-16.46.51-300x202.png 300w, https:\/\/www.fedaiisf.it\/wp-content\/uploads\/2024\/11\/Schermata-2024-11-19-alle-16.46.51-18x12.png 18w\" sizes=\"auto, (max-width: 299px) 100vw, 299px\" \/>sciopero che riguarda la sanit\u00e0, e che ha quindi inevitabilmente un impatto sui malati (anche se le urgenze sono sempre garantite), astenersi per un giorno dal lavoro \u00e8 a maggior ragione una decisione che non si prende a cuor leggero. Dinanzi allo stato in cui oggi versa non solo il Servizio Sanitario Nazionale ma anche la professione e lo status di medici, dirigenti sanitari, specializzandi, infermieri e altri professionisti sanitari, \u00e8 inevitabile dover alzare la voce e pretendere di essere ascoltati, perch\u00e9 \u00e8 da noi che dipende la tutela della salute dei cittadini, e senza di noi \u00e8 la salute dei cittadini ad essere a rischio\u201d, dichiarano Pierino Di Silverio, Segretario Anaao Assomed, Guido Quici, Presidente Cimo-Fesmed, e Antonio De Palma, Presidente Nursing Up.<\/p>\n<p>\u201cNon sono solo i finanziamenti insufficienti per la sanit\u00e0 a spingerci ad incrociare le braccia; non \u00e8 solo il mancato rispetto dei contratti, o l\u2019assenza di un piano straordinario di assunzioni, o la mancata defiscalizzazione delle nostre indennit\u00e0 di specificit\u00e0 a farci scendere in piazza; quello che noi chiediamo, oltre a tutto questo, \u00e8 ridare dignit\u00e0 e valore al nostro lavoro\u201d.<\/p>\n<p>\u201cSe i giovani professionisti scappano in massa all\u2019estero, e si \u00e8 costretti ad andare in capo al mondo per cercare colleghi disposti a prendere il loro posto nei nostri ospedali, \u00e8 perch\u00e9 non sono pi\u00f9 disposti ad accettare di lavorare in queste condizioni\u201d, spiegano Di Silverio, Quici e De Palma.<\/p>\n<p>\u201cNessuno vuole pi\u00f9 lavorare sapendo di rischiare quotidianamente una denuncia, un insulto, un calcio o una manganellata. Nessuno \u00e8 pi\u00f9 disposto a rinunciare a ferie, riposi, malattie per garantire i servizi. Nessuno intende pi\u00f9 lavorare in un\u2019emergenza ormai cronica, la cui fine neanche si intravede\u201d.<\/p>\n<p>\u201cProtestiamo allora \u2013 aggiungono i leader dei sindacati &#8211; per avere un giusto riconoscimento per le nostre <img loading=\"lazy\" decoding=\"async\" class=\"size-full wp-image-78639 alignleft\" src=\"https:\/\/www.fedaiisf.it\/wp-content\/uploads\/2024\/10\/Schermata-2024-10-24-alle-19.13.51.png\" alt=\"\" width=\"366\" height=\"245\" srcset=\"https:\/\/www.fedaiisf.it\/wp-content\/uploads\/2024\/10\/Schermata-2024-10-24-alle-19.13.51.png 366w, https:\/\/www.fedaiisf.it\/wp-content\/uploads\/2024\/10\/Schermata-2024-10-24-alle-19.13.51-300x201.png 300w, https:\/\/www.fedaiisf.it\/wp-content\/uploads\/2024\/10\/Schermata-2024-10-24-alle-19.13.51-18x12.png 18w\" sizes=\"auto, (max-width: 366px) 100vw, 366px\" \/>professioni, certo, anche economico\u201d.<\/p>\n<p>\u201cProtestiamo per far conoscere ai cittadini le vere cause dei disservizi che subiscono, e per chiedere a tutta la politica, di maggioranza e di opposizione, di lavorare insieme per disegnare il Servizio Sanitario Nazionale del futuro, partendo da una visione e da una prospettiva a lungo termine che oggi \u00e8 del tutto assente\u201d.<\/p>\n<p>\u201cProtestiamo per chiedere di ripristinare la centralit\u00e0 del medico, del dirigente sanitario, dell&#8217;infermiere, del professionista sanitario e degli specializzandi in qualunque decisione che riguardi i pazienti, scardinando quindi mentalit\u00e0 aziendaliste ed economicistiche che non possono coniugarsi in modo efficace con la tutela della salute\u201d.<\/p>\n<p>\u201cNoi \u2013 dichiarano Di Silverio, Quici e De Palma -, pur rappresentando solo una parte del mondo medico, sanitario, degli infermieri e delle altre professioni che operano in sanit\u00e0, ci stiamo mettendo la faccia, mobilitando gli iscritti alle nostre sigle e utilizzando tutti gli strumenti a nostra disposizione per cercare di cambiare le cose\u201d.<\/p>\n<p>\u201cCerto \u00e8 che, se riusciremo a portare a casa anche solo una piccola parte delle nostre richieste, i benefici ricadranno non solo su tutto il personale sanitario ma su tutti i cittadini, che potranno contare su una sanit\u00e0 pubblica efficiente e su professionisti preparati e motivati\u201d, concludono.<\/p>\n<hr \/>\n<h3>Sciopero 20 novembre di 24\u00a0ore.\u00a0I servizi a rischio e quelli garantiti<\/h3>\n<p><strong>COMUNICATO STAMPA ANAAO ASSOMED &#8211; CIMO-FESMED &#8211; NURSING UP<\/strong><\/p>\n<p><img loading=\"lazy\" decoding=\"async\" class=\"wp-image-79076 alignright\" src=\"https:\/\/www.fedaiisf.it\/wp-content\/uploads\/2024\/11\/Schermata-2024-11-19-alle-16.50.18.png\" alt=\"\" width=\"339\" height=\"228\" srcset=\"https:\/\/www.fedaiisf.it\/wp-content\/uploads\/2024\/11\/Schermata-2024-11-19-alle-16.50.18.png 364w, https:\/\/www.fedaiisf.it\/wp-content\/uploads\/2024\/11\/Schermata-2024-11-19-alle-16.50.18-300x202.png 300w, https:\/\/www.fedaiisf.it\/wp-content\/uploads\/2024\/11\/Schermata-2024-11-19-alle-16.50.18-18x12.png 18w\" sizes=\"auto, (max-width: 339px) 100vw, 339px\" \/>SCIOPERO MEDICI, DIRIGENTI SANITARI, INFERMIERI E ALTRE PROFESSIONI SANITARIE<br \/>\n1,2 milioni di prestazioni a rischio il 20 novembre, 15 mila gli interventi chirurgici a rischio rinvio, 100 mila le visite specialistiche.<br \/>\nA rischio i servizi assistenziali e le prestazioni infermieristiche ed ostetriche, anche a domicilio.<\/p>\n<p><strong>MANIFESTAZIONE A ROMA IN P.ZZA SS APOSTOLI ORE 12.00<\/strong><\/p>\n<p><a href=\"https:\/\/www.anaao.it\/content.php?cont=41596\" target=\"_blank\" rel=\"noopener\">Roma 19 novembre 2024<\/a> &#8211; Sono 1,2 milioni le prestazioni sanitarie che potrebbero saltare per lo sciopero nazionale di 24 ore dei medici, dirigenti sanitari, infermieri e altre professioni sanitarie indetto per mercoled\u00ec 20 novembre. A rischio tutti i servizi, compresi gli esami di laboratorio, gli interventi chirurgici (circa 15mila quelli programmati che potrebbero essere rinviati), le visite specialistiche (100 mila), i servizi assistenziali e le prestazioni infermieristiche ed ostetriche, anche a domicilio, e gli esami radiografici (50mila). Saranno in ogni caso garantite le prestazioni d&#8217;urgenza.<\/p>\n<p>Lo sciopero, proclamato dai medici e dirigenti sanitari di Anaao Assomed e Cimo-Fesmed e dagli infermieri ed altre professioni sanitarie del Nursing Up, al quale hanno aderito anche numerose altre sigle, inizia alle 00.00 del 20 novembre e coinvolger\u00e0 un numero massivo di professionisti.<\/p>\n<p>Allo sciopero possono aderire, nel rispetto delle rispettive norme di regolamentazione del diritto di sciopero, tutti i medici, dirigenti sanitari, tecnici e amministrativi in servizio con rapporto a tempo determinato o indeterminato presso le Aziende ed Enti del SSN, compresi gli IRCCS, IZS, Arpa, oppure dipendenti delle <img loading=\"lazy\" decoding=\"async\" class=\"wp-image-79003 alignleft\" src=\"https:\/\/www.fedaiisf.it\/wp-content\/uploads\/2024\/11\/sciopero-medici-di-spalle.png\" alt=\"\" width=\"338\" height=\"190\" srcset=\"https:\/\/www.fedaiisf.it\/wp-content\/uploads\/2024\/11\/sciopero-medici-di-spalle.png 1024w, https:\/\/www.fedaiisf.it\/wp-content\/uploads\/2024\/11\/sciopero-medici-di-spalle-300x169.png 300w, https:\/\/www.fedaiisf.it\/wp-content\/uploads\/2024\/11\/sciopero-medici-di-spalle-768x432.png 768w, https:\/\/www.fedaiisf.it\/wp-content\/uploads\/2024\/11\/sciopero-medici-di-spalle-18x10.png 18w, https:\/\/www.fedaiisf.it\/wp-content\/uploads\/2024\/11\/sciopero-medici-di-spalle-390x220.png 390w\" sizes=\"auto, (max-width: 338px) 100vw, 338px\" \/>strutture di carattere privato e\/o religioso che intrattengono un rapporto di convenzione e\/o di accreditamento con il SSN. Possono aderire anche i medici specializzandi assunti con il cosiddetto Decreto Calabria.<\/p>\n<p>Pu\u00f2 scioperare anche il personale medico universitario che svolge attivit\u00e0 assistenziale presso una Azienda Ospedaliera Universitaria.<\/p>\n<p>Sempre nel rispetto delle rispettive norme di regolamentazione del diritto di sciopero, possono aderire tutti gli infermieri, le ostetriche, ed il resto del personale sanitario non medico afferente alle qualifiche contrattuali del comparto della sanit\u00e0, operanti nelle ASL, nelle Aziende Ospedaliere e negli enti della sanit\u00e0 pubblica italiana, compresi i territori delle province autonome di Trento e Bolzano.<\/p>\n<p>Questi i principali motivi della protesta:<\/p>\n<ul>\n<li><strong>al finanziamento dei contratti di lavoro, compreso quello dei colleghi dell\u2019ospedalit\u00e0 privata, vengono assegnate risorse\u00a0 assolutamente insufficienti;<\/strong><\/li>\n<li><strong>mancata detassazione di una parte della retribuzione;<\/strong><\/li>\n<li><strong>mancata attuazione della normativa sulla depenalizzazione dell\u2019atto medico e sanitario;<\/strong><\/li>\n<li><strong>esiguo ed intempestivo incremento dell\u2019indennit\u00e0 di specificit\u00e0 infermieristica, non viene prevista la sua estensione alle Ostetriche.<\/strong><\/li>\n<li><strong>assenza di risorse per l\u2019immediata assunzione di personale<\/strong><\/li>\n<li><strong>mancata introduzione di norme che impegnino i Ministeri competenti alla immediata attivazione di Presidi di Pubblica Sicurezza negli ospedali italiani al fine di renderli luoghi sicuri per il personale che vi opera<\/strong><\/li>\n<li><strong>mancata riforma delle cure ospedaliere e territoriali<\/strong><\/li>\n<li><strong>mancata contrattualizzazione degli specializzandi di area medica e sanitaria, e mancata previsione di retribuzione anche per quelli di area non medica.<\/strong><\/li>\n<li><strong>mancato inserimento delle professioni assistenziali tra quelle a carattere usurante, con relativa ammissione ai benefici d legge.<\/strong><\/li>\n<li><strong>Mancata introduzione di norme atte a sospendere , l\u2019attuazione dell\u2019Accordo Stato Regioni sulla figura dell\u2019assistente infermiere.<\/strong><\/li>\n<li><strong>Mancata introduzione di norme per il superamento delle disposizioni vigenti, e per la concreta abolizione del vincolo di esclusivit\u00e0 per gli infermieri ed i professionisti sanitari ex legge n 43\/2006<\/strong><\/li>\n<\/ul>\n<p>I leader delle Associazioni \u2013 Pierino Di Silverio per l\u2019Anaao Assomed, Guido Quici per la Cimo-Fesmed e Antonio del Palma per il Nursing Up &#8211; parteciperanno alla manifestazione prevista mercoled\u00ec 20 novembre a Roma in Piazza SS Apostoli alle ore 12.00.<\/p>\n<p>Related news: <a href=\"https:\/\/portale.fnomceo.it\/sciopero-medici-anche-la-fnomceo-domani-in-piazza-santi-apostoli-per-portare-il-suo-sostegno-anelli-espressione-del-disagio-dei-medici-esasperati-da-mancanza-di-risposte\/\" target=\"_blank\" rel=\"noopener\">Sciopero medici, anche la FNOMCeO domani in Piazza Santi Apostoli per portare il suo sostegno. Anelli: \u201cEspressione del disagio dei medici, esasperati da mancanza di risposte\u201d<\/a><\/p>","protected":false},"excerpt":{"rendered":"<p>CONFERMATO LO SCIOPERO DEL 20\/11. \u201cProtestiamo per ridare dignit\u00e0 e valore al nostro lavoro&#8221;. Maggioranza e opposizione lavorino insieme per disegnare il SSN del futuro COMUNICATO STAMPA ANAAO ASSOMED, CIMO-FESMED E NURSING UP Medici, dirigenti sanitari, infermieri e professionisti sanitari confermano lo sciopero del 20 novembre \u201cLo sciopero \u00e8 la forma pi\u00f9 estrema di protesta &hellip;<\/p>","protected":false},"author":4,"featured_media":79078,"comment_status":"closed","ping_status":"closed","sticky":false,"template":"","format":"standard","meta":{"footnotes":""},"categories":[1],"tags":[44,79],"class_list":["post-79073","post","type-post","status-publish","format-standard","has-post-thumbnail","hentry","category-notizie","tag-sindacati","tag-ssn"],"amp_enabled":true,"_links":{"self":[{"href":"https:\/\/www.fedaiisf.it\/en\/wp-json\/wp\/v2\/posts\/79073","targetHints":{"allow":["GET"]}}],"collection":[{"href":"https:\/\/www.fedaiisf.it\/en\/wp-json\/wp\/v2\/posts"}],"about":[{"href":"https:\/\/www.fedaiisf.it\/en\/wp-json\/wp\/v2\/types\/post"}],"author":[{"embeddable":true,"href":"https:\/\/www.fedaiisf.it\/en\/wp-json\/wp\/v2\/users\/4"}],"replies":[{"embeddable":true,"href":"https:\/\/www.fedaiisf.it\/en\/wp-json\/wp\/v2\/comments?post=79073"}],"version-history":[{"count":6,"href":"https:\/\/www.fedaiisf.it\/en\/wp-json\/wp\/v2\/posts\/79073\/revisions"}],"predecessor-version":[{"id":79093,"href":"https:\/\/www.fedaiisf.it\/en\/wp-json\/wp\/v2\/posts\/79073\/revisions\/79093"}],"wp:featuredmedia":[{"embeddable":true,"href":"https:\/\/www.fedaiisf.it\/en\/wp-json\/wp\/v2\/media\/79078"}],"wp:attachment":[{"href":"https:\/\/www.fedaiisf.it\/en\/wp-json\/wp\/v2\/media?parent=79073"}],"wp:term":[{"taxonomy":"category","embeddable":true,"href":"https:\/\/www.fedaiisf.it\/en\/wp-json\/wp\/v2\/categories?post=79073"},{"taxonomy":"post_tag","embeddable":true,"href":"https:\/\/www.fedaiisf.it\/en\/wp-json\/wp\/v2\/tags?post=79073"}],"curies":[{"name":"wp","href":"https:\/\/api.w.org\/{rel}","templated":true}]}}