{"id":79096,"date":"2024-11-21T06:09:57","date_gmt":"2024-11-21T05:09:57","guid":{"rendered":"https:\/\/www.fedaiisf.it\/?p=79096"},"modified":"2024-11-20T20:11:46","modified_gmt":"2024-11-20T19:11:46","slug":"tessera-sanitaria-digitale-sullapp-io-ma-anche-la-patente","status":"publish","type":"post","link":"https:\/\/www.fedaiisf.it\/en\/tessera-sanitaria-digitale-sullapp-io-ma-anche-la-patente\/","title":{"rendered":"Tessera sanitaria digitale sull&#8217;app IO. Ma anche la patente"},"content":{"rendered":"<h3 class=\"Title\">Tessera sanitaria in versione digitale dall\u2019app IO, pi\u00f9 di 90mila quelle gi\u00e0 attivate<\/h3>\n<p><a href=\"https:\/\/www.federfarma.it\/Edicola\/Filodiretto\/VediNotizia.aspx?id=26610\" target=\"_blank\" rel=\"noopener\">Federfarma 20\/11\/2024<\/a><\/p>\n<p>Sono gi\u00e0 pi\u00f9 di 100mila i cittadini che hanno risposto alla notifica arrivata tramite app IO per attivare la tessera sanitaria e la patente di guida in versione digitale. Ci si prepara, cos\u00ec, a quello che accadr\u00e0 <img loading=\"lazy\" decoding=\"async\" class=\"wp-image-79098 alignleft\" src=\"https:\/\/www.fedaiisf.it\/wp-content\/uploads\/2024\/11\/Portafoglio-IO-documenti-digitali-IT-Wallet-app-IO.jpg.webp\" alt=\"\" width=\"315\" height=\"205\" srcset=\"https:\/\/www.fedaiisf.it\/wp-content\/uploads\/2024\/11\/Portafoglio-IO-documenti-digitali-IT-Wallet-app-IO.jpg.webp 1570w, https:\/\/www.fedaiisf.it\/wp-content\/uploads\/2024\/11\/Portafoglio-IO-documenti-digitali-IT-Wallet-app-IO.jpg-300x195.webp 300w, https:\/\/www.fedaiisf.it\/wp-content\/uploads\/2024\/11\/Portafoglio-IO-documenti-digitali-IT-Wallet-app-IO.jpg-1024x665.webp 1024w, https:\/\/www.fedaiisf.it\/wp-content\/uploads\/2024\/11\/Portafoglio-IO-documenti-digitali-IT-Wallet-app-IO.jpg-768x499.webp 768w, https:\/\/www.fedaiisf.it\/wp-content\/uploads\/2024\/11\/Portafoglio-IO-documenti-digitali-IT-Wallet-app-IO.jpg-1536x998.webp 1536w, https:\/\/www.fedaiisf.it\/wp-content\/uploads\/2024\/11\/Portafoglio-IO-documenti-digitali-IT-Wallet-app-IO.jpg-18x12.webp 18w\" sizes=\"auto, (max-width: 315px) 100vw, 315px\" \/>presumibilmente nella prima met\u00e0 del 2025, quando ci sar\u00e0 l\u2019implementazione del vero e proprio portafoglio digitale, l\u2019IT-Wallet.<\/p>\n<p>Secondo l\u2019ultimo aggiornamento, a fronte di circa 300mila notifiche inviate, poco pi\u00f9 di 90.500 cittadini hanno scaricato la versione digitale della tessera sanitaria e quasi 85.500 hanno scaricato la patente di guida.<\/p>\n<p>Nei prossimi giorni \u00e8 previsto un incremento delle notifiche che raggiungeranno fino a un milione di cittadini, per poi arrivare a tutti, dal 4 dicembre. In questa fase, le versioni digitali potranno essere usate come quelle cartacee. In farmacia, ad esempio, potr\u00e0 essere esibita la tessera sanitaria digitale.<\/p>\n<p>L\u2019uso online, invece, per transazioni e accesso a vario titolo sar\u00e0 disponibile dal 2025, quando si passer\u00e0 al portafoglio digitale IT-Wallet.<\/p>\n<hr \/>\n<p>In questa prima fase potranno essere caricate la tessera sanitaria, la carta europea per la disabilit\u00e0 e la patente. In futuro &#8211; a partire dal <strong>2025 <\/strong>&#8211; si potranno caricare anche la tessera elettorale, il passaporto, i titoli di studio, eccetera.<\/p>\n<p>Per effettuare il caricamento dei documenti sar\u00e0 necessaria la gi\u00e0 menzionata app Io, disponibile sui principali store. Ad essa si accede utilizzando lo <a href=\"https:\/\/www.ilgiornale.it\/news\/cittadini\/dallo-spid-it-wallet-ecco-cosa-cambier-nel-2024-2260740.html\" data-ga4-click-event-target=\"internal\" target=\"_blank\" rel=\"noopener\">Spid <\/a>(Sistema pubblico di identit\u00e0 digitale) o la Cie (Carta di identit\u00e0 elettronica). Ci\u00f2 comunque dovrebbe cambiare nel prossimo futuro, poich\u00e9 It Wallet diventer\u00e0 un&#8217;app <strong>a s\u00e9 stante<\/strong>.<\/p>\n<p>Oltre che conservare i documenti, It Wallet permetter\u00e0 di effettuare dei <strong>pagamenti digitali<\/strong>. Per riuscirci, il sistema si appogger\u00e0 a <strong>PagoPA<\/strong>, gi\u00e0 presente all&#8217;interno di Io. Non \u00e8 da escludere, inoltre, che in futuro vengano resi possibili anche pagamenti pi\u00f9 all&#8217;avanguardia, come quelli con <a href=\"https:\/\/www.ilgiornale.it\/news\/economia\/milanese-satispay-supera-miliardo-valutazione-e-diventa-2070994.html\" data-ga4-click-event-target=\"internal\" target=\"_blank\" rel=\"noopener\">Satispay<\/a>, con QR code o simili.<\/p>\n<p>I documenti conservati all&#8217;interno del portafoglio digitale, \u00e8 fondamentale ricordarlo, avranno un pieno valore legale: potranno essere esibiti su richiesta delle <strong>Forze dell&#8217;ordine<\/strong>, per accedere al proprio <strong>Fascicolo sanitario nazionale<\/strong> o per <strong>prenotare visite<\/strong>.<\/p>\n<p>Nel 2026, poi, il portafoglio digitale sar\u00e0 integrato con l&#8217;<strong>Eudi Wallet <\/strong>(European Digital Identity Wallet), ossia la sua versione europea.<\/p>\n<hr \/>\n<p>Government<\/p>\n<p><strong><span style=\"font-size: 14pt;\">IT-Wallet: tre documenti digitali su app IO per i primi 50.000 cittadini<\/span><\/strong><\/p>\n<p><span style=\"font-size: 14pt;\">Butti: \u201cDopo due anni di lavoro, oggi il primo passo verso la realizzazione del Sistema IT-Wallet\u201d<\/span><\/p>\n<p><a href=\"https:\/\/innovazione.gov.it\/notizie\/articoli\/it-wallet-tre-documenti-digitali-su-app-io-per-i-primi-50-000-cittadini\/\" target=\"_blank\" rel=\"noopener\">Governo &#8211; 23 ottobre 2024<\/a><\/p>\n<p>In attesa della piena operativit\u00e0 del Sistema di portafoglio digitale italiano, <strong>Sistema IT-Wallet<\/strong>, inizia <img loading=\"lazy\" decoding=\"async\" class=\"wp-image-79103 alignright\" src=\"https:\/\/www.fedaiisf.it\/wp-content\/uploads\/2024\/11\/Screenshot-2024-11-20-alle-17.59.40.png\" alt=\"\" width=\"213\" height=\"454\" srcset=\"https:\/\/www.fedaiisf.it\/wp-content\/uploads\/2024\/11\/Screenshot-2024-11-20-alle-17.59.40.png 424w, https:\/\/www.fedaiisf.it\/wp-content\/uploads\/2024\/11\/Screenshot-2024-11-20-alle-17.59.40-141x300.png 141w, https:\/\/www.fedaiisf.it\/wp-content\/uploads\/2024\/11\/Screenshot-2024-11-20-alle-17.59.40-6x12.png 6w\" sizes=\"auto, (max-width: 213px) 100vw, 213px\" \/>il rilascio pubblico di <strong>Documenti su IO<\/strong>, la nuova funzionalit\u00e0 che permette ai cittadini di aggiungere al <strong>Portafoglio di app IO,<\/strong> l\u2019app dei servizi pubblici, la versione digitale della Patente di guida, della Tessera Sanitaria &#8211; Tessera Europea di Assicurazione Malattia e della Carta Europea della Disabilit\u00e0.<\/p>\n<p>I tre documenti digitali potranno essere utilizzati in sostituzione dei corrispettivi documenti fisici e nello specifico, in questa prima fase, <strong>solo per contesti di verifica dal vivo:<\/strong><\/p>\n<ul>\n<li>there <strong>Patente di guida<\/strong> potr\u00e0 essere utilizzata solo in Italia per dimostrare di essere abilitato alla guida in caso di controlli delle forze dell\u2019ordine;<\/li>\n<li>there <strong>Tessera Sanitaria &#8211; Tessera Europea di Assicurazione Malattia<\/strong>permetter\u00e0 di accedere alle prestazioni fornite dal Servizio Sanitario Nazionale;<\/li>\n<li>there <strong>Carta Europea della Disabilit\u00e0<\/strong> avr\u00e0 i medesimi usi gi\u00e0 previsti con la versione del documento fisico.<\/li>\n<\/ul>\n<p>La funzionalit\u00e0 <strong>Documenti su IO<\/strong> \u00e8 stata sperimentata nei mesi scorsi da un gruppo tecnico di valutazione, composto da addetti ai lavori e che ne ha valutato l\u2019efficacia generale. A partire da oggi sar\u00e0 progressivamente estesa ai cittadini italiani l&#8217;opportunit\u00e0 di avere accesso ai documenti, conferendo cos\u00ec piena validit\u00e0 legale alle versioni digitali dei documenti.<\/p>\n<p>Il rilascio per i cittadini vedr\u00e0 un <strong>calendario di abilitazione:<\/strong><\/p>\n<ul>\n<li><em>dal 23 ottobre 50.000 cittadini;<\/em><\/li>\n<li><em>dal 6 novembre 250.000;<\/em><\/li>\n<li><em>dal 30 novembre 1.000.000;<\/em><\/li>\n<li><em>dal 4 dicembre per tutti gli utenti dell\u2019app IO.<\/em><\/li>\n<\/ul>\n<p>Nel rispetto della tutela della privacy e della normativa sulla protezione dei dati personali, gli utenti, all&#8217;interno delle prime tre finestre temporali di abilitazione sopracitate, saranno selezionati con <img loading=\"lazy\" decoding=\"async\" class=\"wp-image-79100 alignleft\" src=\"https:\/\/www.fedaiisf.it\/wp-content\/uploads\/2024\/11\/Screenshot-2024-11-20-alle-18.19.43.png\" alt=\"\" width=\"190\" height=\"405\" srcset=\"https:\/\/www.fedaiisf.it\/wp-content\/uploads\/2024\/11\/Screenshot-2024-11-20-alle-18.19.43.png 424w, https:\/\/www.fedaiisf.it\/wp-content\/uploads\/2024\/11\/Screenshot-2024-11-20-alle-18.19.43-141x300.png 141w, https:\/\/www.fedaiisf.it\/wp-content\/uploads\/2024\/11\/Screenshot-2024-11-20-alle-18.19.43-6x12.png 6w\" sizes=\"auto, (max-width: 190px) 100vw, 190px\" \/>criterio randomico all\u2019interno della base utenti dell&#8217;app IO.<\/p>\n<p>Con Documenti su IO, la sicurezza e la protezione dei dati dei cittadini sono sempre garantiti e l\u2019identit\u00e0 \u00e8 sempre verificata grazie all\u2019autenticazione con CIE o SPID. Inoltre, si tratta di uno strumento non obbligatorio; i cittadini sono liberi di continuare a usare esclusivamente i documenti fisici.<\/p>\n<p><em>\u201cDopo due anni di lavoro costante e discreto, il governo ha mosso il primo passo verso la realizzazione del Sistema IT-Wallet, una rivoluzione digitale che ho fortemente sostenuto fin dal mio insediamento e che andr\u00e0 a regime nel 2025. Con l\u2019introduzione dell\u2019IT-Wallet, e anticipando i tempi del regolamento europeo EIDAS 2, l\u2019Italia intraprende un percorso ambizioso verso l\u2019evoluzione dei servizi digitali. Questo strumento offrir\u00e0 ai cittadini nuove opportunit\u00e0 per l\u2019utilizzo della loro identit\u00e0 digitale, garantendo al tempo stesso massima sicurezza e tutela dei dati personali.\u201d<\/em> ha dichiarato il <strong>Sottosegretario alla Presidenza del Consiglio con delega all\u2019innovazione tecnologica Alessio Butti.<\/strong><\/p>\n<p>La realizzazione del progetto \u00e8 stata resa possibile grazie alla collaborazione tra il <strong>Dipartimento per la trasformazione digitale della Presidenza del Consiglio dei ministri,<\/strong> in qualit\u00e0 di amministrazione titolare, <strong>PagoPA S.p.A.,<\/strong> gestore dell&#8217;app IO e IT-Wallet provider pubblico, l\u2019<strong>Istituto Poligrafico e Zecca dello Stato,<\/strong> societ\u00e0 responsabile dell\u2019emissione digitale dei documenti, e gli enti che forniscono i dati necessari alla creazione delle attestazioni e dei documenti digitali di propria competenza, <strong>MIT &#8211; Direzione generale per la Motorizzazione, MEF &#8211; Ragioneria Generale dello Stato e l\u2019Istituto Nazionale di Previdenza Sociale,<\/strong> oltre a pi\u00f9 di quindici altre amministrazioni che, a vario titolo, hanno partecipato attivamente, facilitando la realizzazione dell\u2019iniziativa.<\/p>\n<p><a href=\"https:\/\/io.italia.it\/documenti-su-io\/\" target=\"_blank\" rel=\"noopener\">Documenti su IO<\/a><\/p>","protected":false},"excerpt":{"rendered":"<p>Tessera sanitaria in versione digitale dall\u2019app IO, pi\u00f9 di 90mila quelle gi\u00e0 attivate Federfarma 20\/11\/2024 Sono gi\u00e0 pi\u00f9 di 100mila i cittadini che hanno risposto alla notifica arrivata tramite app IO per attivare la tessera sanitaria e la patente di guida in versione digitale. Ci si prepara, cos\u00ec, a quello che accadr\u00e0 presumibilmente nella prima &hellip;<\/p>","protected":false},"author":4,"featured_media":58607,"comment_status":"closed","ping_status":"closed","sticky":false,"template":"","format":"standard","meta":{"footnotes":""},"categories":[1],"tags":[79],"class_list":["post-79096","post","type-post","status-publish","format-standard","has-post-thumbnail","hentry","category-notizie","tag-ssn"],"amp_enabled":true,"_links":{"self":[{"href":"https:\/\/www.fedaiisf.it\/en\/wp-json\/wp\/v2\/posts\/79096","targetHints":{"allow":["GET"]}}],"collection":[{"href":"https:\/\/www.fedaiisf.it\/en\/wp-json\/wp\/v2\/posts"}],"about":[{"href":"https:\/\/www.fedaiisf.it\/en\/wp-json\/wp\/v2\/types\/post"}],"author":[{"embeddable":true,"href":"https:\/\/www.fedaiisf.it\/en\/wp-json\/wp\/v2\/users\/4"}],"replies":[{"embeddable":true,"href":"https:\/\/www.fedaiisf.it\/en\/wp-json\/wp\/v2\/comments?post=79096"}],"version-history":[{"count":4,"href":"https:\/\/www.fedaiisf.it\/en\/wp-json\/wp\/v2\/posts\/79096\/revisions"}],"predecessor-version":[{"id":79104,"href":"https:\/\/www.fedaiisf.it\/en\/wp-json\/wp\/v2\/posts\/79096\/revisions\/79104"}],"wp:featuredmedia":[{"embeddable":true,"href":"https:\/\/www.fedaiisf.it\/en\/wp-json\/wp\/v2\/media\/58607"}],"wp:attachment":[{"href":"https:\/\/www.fedaiisf.it\/en\/wp-json\/wp\/v2\/media?parent=79096"}],"wp:term":[{"taxonomy":"category","embeddable":true,"href":"https:\/\/www.fedaiisf.it\/en\/wp-json\/wp\/v2\/categories?post=79096"},{"taxonomy":"post_tag","embeddable":true,"href":"https:\/\/www.fedaiisf.it\/en\/wp-json\/wp\/v2\/tags?post=79096"}],"curies":[{"name":"wp","href":"https:\/\/api.w.org\/{rel}","templated":true}]}}