{"id":79199,"date":"2024-11-28T17:34:17","date_gmt":"2024-11-28T16:34:17","guid":{"rendered":"https:\/\/www.fedaiisf.it\/?p=79199"},"modified":"2024-12-01T19:02:34","modified_gmt":"2024-12-01T18:02:34","slug":"il-consiglio-regionale-della-campania-approva-allunanimita-listituzione-del-registro-regionale-degli-informatori-scientifici-del-farmaco-e-del-parafarmaco","status":"publish","type":"post","link":"https:\/\/www.fedaiisf.it\/en\/il-consiglio-regionale-della-campania-approva-allunanimita-listituzione-del-registro-regionale-degli-informatori-scientifici-del-farmaco-e-del-parafarmaco\/","title":{"rendered":"Il Consiglio Regionale della Campania approva all&#8217;unanimit\u00e0 l&#8217;istituzione del Registro Regionale degli Informatori Scientifici del Farmaco e del Parafarmaco"},"content":{"rendered":"<p>Il Consiglio Regionale della Campania, presieduto da Gennaro Oliviero, si \u00e8 riunito oggi, 28 novembre <img loading=\"lazy\" decoding=\"async\" class=\"wp-image-79205 alignright\" src=\"https:\/\/www.fedaiisf.it\/wp-content\/uploads\/2024\/11\/Screenshot-2024-11-28-alle-17.38.18.png\" alt=\"\" width=\"252\" height=\"180\" srcset=\"https:\/\/www.fedaiisf.it\/wp-content\/uploads\/2024\/11\/Screenshot-2024-11-28-alle-17.38.18.png 1164w, https:\/\/www.fedaiisf.it\/wp-content\/uploads\/2024\/11\/Screenshot-2024-11-28-alle-17.38.18-300x214.png 300w, https:\/\/www.fedaiisf.it\/wp-content\/uploads\/2024\/11\/Screenshot-2024-11-28-alle-17.38.18-1024x730.png 1024w, https:\/\/www.fedaiisf.it\/wp-content\/uploads\/2024\/11\/Screenshot-2024-11-28-alle-17.38.18-768x548.png 768w, https:\/\/www.fedaiisf.it\/wp-content\/uploads\/2024\/11\/Screenshot-2024-11-28-alle-17.38.18-18x12.png 18w\" sizes=\"auto, (max-width: 252px) 100vw, 252px\" \/>2024 dalle ore 15 alle 17, per l\u2019esame, fra l&#8217;altro, della proposta di legge &#8220;<a href=\"https:\/\/www.cr.campania.it\/crccmsintegrationservices\/rest\/services\/documentale\/prendiDocumentoStampa?id=227537\" target=\"_blank\" rel=\"noopener\">Istituzione del Registro regionale degli informatori scientifici del farmaco e del parafarmaco<\/a>&#8220;.<\/p>\n<p>La proposta di legge \u00e8 stata approvata all&#8217;unanimit\u00e0.<\/p>\n<p>Le modalit\u00e0 di iscrizione al Registro regionale sono definite con apposito regolamento regionale ed \u00e8 predisposto dalla Direzione generale tutela salute e coordinamento del sistema sanitario regionale, sentite le Associazioni di informatori scientifici maggiormente rappresentative sul territorio nazionale.<\/p>\n<p>Firmatari della proposta di legge, depositata il primo luglio scorso col n. 376, sono stati i consiglieri Vincenzo Alaia, Francesco Iovino, Luigi Abbate, Vincenzo Santangelo.<\/p>\n<p>&#8220;Un importante passo avanti nel segno della ricerca e della trasparenza nella nostra Regione e per la valorizzazione della categoria&#8221; ha dichiarato Alaia all&#8217;<a href=\"https:\/\/www.ansa.it\/campania\/notizie\/assemblea_informa\/2024\/11\/28\/informatori-scientifici-farmaco-campania-ha-registro-regionale_01aa380a-b923-4f6f-ac4e-83bf45479155.html\" target=\"_blank\" rel=\"noopener\">HANDLE\u00a0<\/a><\/p>\n<p><img loading=\"lazy\" decoding=\"async\" class=\"alignnone size-full wp-image-79178\" src=\"https:\/\/www.fedaiisf.it\/wp-content\/uploads\/2024\/11\/cornice-relazione-isf-campania.png\" alt=\"\" width=\"706\" height=\"929\" srcset=\"https:\/\/www.fedaiisf.it\/wp-content\/uploads\/2024\/11\/cornice-relazione-isf-campania.png 706w, https:\/\/www.fedaiisf.it\/wp-content\/uploads\/2024\/11\/cornice-relazione-isf-campania-228x300.png 228w, https:\/\/www.fedaiisf.it\/wp-content\/uploads\/2024\/11\/cornice-relazione-isf-campania-9x12.png 9w\" sizes=\"auto, (max-width: 706px) 100vw, 706px\" \/><\/p>\n<p><img loading=\"lazy\" decoding=\"async\" class=\"alignnone size-full wp-image-79174\" src=\"https:\/\/www.fedaiisf.it\/wp-content\/uploads\/2024\/11\/PdL-Campania-Registro-ISF.png\" alt=\"\" width=\"690\" height=\"954\" srcset=\"https:\/\/www.fedaiisf.it\/wp-content\/uploads\/2024\/11\/PdL-Campania-Registro-ISF.png 690w, https:\/\/www.fedaiisf.it\/wp-content\/uploads\/2024\/11\/PdL-Campania-Registro-ISF-217x300.png 217w, https:\/\/www.fedaiisf.it\/wp-content\/uploads\/2024\/11\/PdL-Campania-Registro-ISF-9x12.png 9w\" sizes=\"auto, (max-width: 690px) 100vw, 690px\" \/><\/p>\n<p>L&#8217;attivit\u00e0 di Informazione Scientifica sul Farmaco nel territorio della Regione Campania \u00e8 disciplinata dalla\u00a0<a href=\"https:\/\/www.regione.campania.it\/assets\/documents\/legge-8-del-27-06-2011-farmaco-doc-leggi-regionali.pdf\" target=\"_blank\" rel=\"noopener\">Legge Regionale n. 8 del 27\/06\/2011<\/a>.<\/p>\n<p>&nbsp;<\/p>","protected":false},"excerpt":{"rendered":"<p>Il Consiglio Regionale della Campania, presieduto da Gennaro Oliviero, si \u00e8 riunito oggi, 28 novembre 2024 dalle ore 15 alle 17, per l\u2019esame, fra l&#8217;altro, della proposta di legge &#8220;Istituzione del Registro regionale degli informatori scientifici del farmaco e del parafarmaco&#8220;. La proposta di legge \u00e8 stata approvata all&#8217;unanimit\u00e0. Le modalit\u00e0 di iscrizione al Registro &hellip;<\/p>","protected":false},"author":4,"featured_media":79203,"comment_status":"closed","ping_status":"closed","sticky":false,"template":"","format":"standard","meta":{"footnotes":""},"categories":[16],"tags":[45,21,41],"class_list":["post-79199","post","type-post","status-publish","format-standard","has-post-thumbnail","hentry","category-primo-piano","tag-fedaiisf","tag-informatori-scientifici","tag-leggisentenze"],"amp_enabled":true,"_links":{"self":[{"href":"https:\/\/www.fedaiisf.it\/en\/wp-json\/wp\/v2\/posts\/79199","targetHints":{"allow":["GET"]}}],"collection":[{"href":"https:\/\/www.fedaiisf.it\/en\/wp-json\/wp\/v2\/posts"}],"about":[{"href":"https:\/\/www.fedaiisf.it\/en\/wp-json\/wp\/v2\/types\/post"}],"author":[{"embeddable":true,"href":"https:\/\/www.fedaiisf.it\/en\/wp-json\/wp\/v2\/users\/4"}],"replies":[{"embeddable":true,"href":"https:\/\/www.fedaiisf.it\/en\/wp-json\/wp\/v2\/comments?post=79199"}],"version-history":[{"count":8,"href":"https:\/\/www.fedaiisf.it\/en\/wp-json\/wp\/v2\/posts\/79199\/revisions"}],"predecessor-version":[{"id":79213,"href":"https:\/\/www.fedaiisf.it\/en\/wp-json\/wp\/v2\/posts\/79199\/revisions\/79213"}],"wp:featuredmedia":[{"embeddable":true,"href":"https:\/\/www.fedaiisf.it\/en\/wp-json\/wp\/v2\/media\/79203"}],"wp:attachment":[{"href":"https:\/\/www.fedaiisf.it\/en\/wp-json\/wp\/v2\/media?parent=79199"}],"wp:term":[{"taxonomy":"category","embeddable":true,"href":"https:\/\/www.fedaiisf.it\/en\/wp-json\/wp\/v2\/categories?post=79199"},{"taxonomy":"post_tag","embeddable":true,"href":"https:\/\/www.fedaiisf.it\/en\/wp-json\/wp\/v2\/tags?post=79199"}],"curies":[{"name":"wp","href":"https:\/\/api.w.org\/{rel}","templated":true}]}}