{"id":79209,"date":"2024-11-28T19:50:58","date_gmt":"2024-11-28T18:50:58","guid":{"rendered":"https:\/\/www.fedaiisf.it\/?p=79209"},"modified":"2024-12-02T19:49:15","modified_gmt":"2024-12-02T18:49:15","slug":"fusione-angelini-recordati","status":"publish","type":"post","link":"https:\/\/www.fedaiisf.it\/en\/fusione-angelini-recordati\/","title":{"rendered":"Fusione Angelini Recordati?"},"content":{"rendered":"<p>L&#8217;indiscrezioni emerse dalle dichiarazioni di <strong>Sergio Domp\u00e8<\/strong>, Ceo di <strong>Domp\u00e8 Farmaceutica<\/strong>, che a Reuters ha dichiarato che il fondo <strong>Cvc, <\/strong>azionista di maggioranza di Recordati<strong>,<\/strong>\u00a0\u00e8 in contatto con aziende italiane per la possibile cessione di Recordati, gruppo farmaceutico di cui possiede il 51,8%.<\/p>\n<p><strong><img loading=\"lazy\" decoding=\"async\" class=\"wp-image-78013 alignright\" src=\"https:\/\/www.fedaiisf.it\/wp-content\/uploads\/2024\/09\/marullo-ceo-angelini.png\" alt=\"\" width=\"217\" height=\"163\" srcset=\"https:\/\/www.fedaiisf.it\/wp-content\/uploads\/2024\/09\/marullo-ceo-angelini.png 1440w, https:\/\/www.fedaiisf.it\/wp-content\/uploads\/2024\/09\/marullo-ceo-angelini-300x225.png 300w, https:\/\/www.fedaiisf.it\/wp-content\/uploads\/2024\/09\/marullo-ceo-angelini-1024x768.png 1024w, https:\/\/www.fedaiisf.it\/wp-content\/uploads\/2024\/09\/marullo-ceo-angelini-768x576.png 768w, https:\/\/www.fedaiisf.it\/wp-content\/uploads\/2024\/09\/marullo-ceo-angelini-16x12.png 16w\" sizes=\"auto, (max-width: 217px) 100vw, 217px\" \/>Bloomberg<\/strong>, ha aggiunto successivamente che<strong> Angelini \u00e8 una delle societ\u00e0 in contatto con il fondo.<\/strong>\u00a0Lo scorsa estate era emerso che il fondo Cvc, come detto proprietario della maggioranza del capitale della societ\u00e0 farmaceutica, stava pensando di valorizzare la propria quota in Recordati.<\/p>\n<p>Secondo indiscrezioni riportate da <a href=\"https:\/\/www.bloomberg.com\/news\/articles\/2024-11-26\/angelini-pharma-said-to-discuss-combination-with-cvc-s-recordati\" target=\"_blank\" rel=\"noopener\"><i>Bloomberg<\/i><\/a> Angelini e Recordati hanno <b>discusso la possibilit\u00e0 di un accordo <\/b>That <b>creerebbe un\u2019azienda europea<\/b> di farmaci generici di maggiori dimensioni. Allo stato attuale, Angelini sarebbe ancora in <b>disaccordo sulla valutazione e sulla strategia futura<\/b> e non c\u2019\u00e8 certezza che le trattative portino ad una transazione.<\/p>\n<p><img loading=\"lazy\" decoding=\"async\" class=\"wp-image-36534 alignleft\" src=\"https:\/\/www.fedaiisf.it\/wp-content\/uploads\/2018\/06\/CVC-acquista-Recordati.png\" alt=\"\" width=\"404\" height=\"81\" srcset=\"https:\/\/www.fedaiisf.it\/wp-content\/uploads\/2018\/06\/CVC-acquista-Recordati.png 629w, https:\/\/www.fedaiisf.it\/wp-content\/uploads\/2018\/06\/CVC-acquista-Recordati-300x60.png 300w\" sizes=\"auto, (max-width: 404px) 100vw, 404px\" \/>In particolare, i nodi da sciogliere riguardano l\u2019assetto di potere tra la famiglia <a href=\"https:\/\/www.businesspeople.it\/tag\/angelini-industries\/\" target=\"_blank\" rel=\"noopener\">Angelini<\/a> And <a href=\"https:\/\/www.businesspeople.it\/business\/finanza\/genetic-sotto-i-riflettori-cvc-lavora-alla-cessione\/\" target=\"_blank\" rel=\"noopener\">Cvc<\/a>, che ha in mano il controllo di Recordati dal 2018. Il fondo di private equity, infatti, sarebbe ormai alla ricerca di una strategia di disinvestimento, dato che il suo orizzonte temporale per l\u2019investimento si sta rapidamente esaurendo. CVC nel recente passato ha tentato l\u2019ingresso in Serie A e attualmente \u00e8 partner di Liga spagnola e Ligue 1 francese in operazioni miliardarie.<\/p>\n<p>Angelini &#8211; riferisce Il Corriere della Sera &#8211; potrebbe conferire nel perimetro di Recordati le attivit\u00e0 di Angelini Pharma<strong>\u00a0<\/strong>a fronte di un aumento di capitale dedicato\u00a0agli azionisti del gruppo farmaceutico con sede a Roma. Al contempo, Angelini e gli advisor starebbero lavorando alla formazione di\u00a0una cordata per raccogliere fino a 2 miliardi, utili a rilevare un pacchetto corposo di azioni da Cvc. A tal fine, avrebbero avuto gi\u00e0\u00a0contatti con i fondi come Kkr e Tpg.<\/p>\n<p>Recordati, con una capitalizzazione che supera i 10 miliardi di euro, ha dimostrato una solidit\u00e0 che la rende una candidata appetibile per una grande fusione. L\u2019azienda \u00e8 pronta a esplorare diverse opzioni, tra cui l\u2019<strong>ingresso di un fondo sovrano<\/strong>, come quello di Abu Dhabi, oppure l\u2019integrazione con altre realt\u00e0 farmaceutiche, sia italiane che internazionali.<\/p>\n<p>A controllare Recordati \u00e8 la cordata guidata da <b>CVC Capital Partners VII Limited<\/b> attraverso Rossini <img loading=\"lazy\" decoding=\"async\" class=\"wp-image-24990 alignright\" src=\"https:\/\/www.fedaiisf.it\/wp-content\/uploads\/2016\/03\/CVC-Capital-Partners.jpg\" alt=\"\" width=\"274\" height=\"126\" srcset=\"https:\/\/www.fedaiisf.it\/wp-content\/uploads\/2016\/03\/CVC-Capital-Partners.jpg 461w, https:\/\/www.fedaiisf.it\/wp-content\/uploads\/2016\/03\/CVC-Capital-Partners-300x138.jpg 300w\" sizes=\"auto, (max-width: 274px) 100vw, 274px\" \/>sarl con il\u00a0 51,820%, mentre il 43,162% delle azioni \u00e8 in mano al mercato e il 5,018% \u00e8 detenuto da <b>FMR LLC, cui fanno capo diverse societ\u00e0 di gestione del risparmio afferenti i gruppi Fidelity, Fiam llc e FMR Investment Management.<\/b><\/p>\n<p>In parallelo, ci sono ulteriori voci che indicano che anche altre realt\u00e0 potrebbero essere interessate a Recordati: Sergio Domp\u00e8, presidente di <strong>Domp\u00e8 Farmaceutici<\/strong>, ha dichiarato che ci sono gruppi italiani che hanno mostrato interesse per l\u2019acquisizione, anche se ha smentito qualsiasi coinvolgimento diretto della sua azienda nel dossier.<\/p>\n<p>&nbsp;<\/p>","protected":false},"excerpt":{"rendered":"<p>L&#8217;indiscrezioni emerse dalle dichiarazioni di Sergio Domp\u00e8, Ceo di Domp\u00e8 Farmaceutica, che a Reuters ha dichiarato che il fondo Cvc, azionista di maggioranza di Recordati,\u00a0\u00e8 in contatto con aziende italiane per la possibile cessione di Recordati, gruppo farmaceutico di cui possiede il 51,8%. Bloomberg, ha aggiunto successivamente che Angelini \u00e8 una delle societ\u00e0 in contatto &hellip;<\/p>","protected":false},"author":4,"featured_media":79210,"comment_status":"closed","ping_status":"closed","sticky":false,"template":"","format":"standard","meta":{"footnotes":""},"categories":[16],"tags":[53],"class_list":["post-79209","post","type-post","status-publish","format-standard","has-post-thumbnail","hentry","category-primo-piano","tag-fusioniacquisizioni"],"amp_enabled":true,"_links":{"self":[{"href":"https:\/\/www.fedaiisf.it\/en\/wp-json\/wp\/v2\/posts\/79209","targetHints":{"allow":["GET"]}}],"collection":[{"href":"https:\/\/www.fedaiisf.it\/en\/wp-json\/wp\/v2\/posts"}],"about":[{"href":"https:\/\/www.fedaiisf.it\/en\/wp-json\/wp\/v2\/types\/post"}],"author":[{"embeddable":true,"href":"https:\/\/www.fedaiisf.it\/en\/wp-json\/wp\/v2\/users\/4"}],"replies":[{"embeddable":true,"href":"https:\/\/www.fedaiisf.it\/en\/wp-json\/wp\/v2\/comments?post=79209"}],"version-history":[{"count":4,"href":"https:\/\/www.fedaiisf.it\/en\/wp-json\/wp\/v2\/posts\/79209\/revisions"}],"predecessor-version":[{"id":79217,"href":"https:\/\/www.fedaiisf.it\/en\/wp-json\/wp\/v2\/posts\/79209\/revisions\/79217"}],"wp:featuredmedia":[{"embeddable":true,"href":"https:\/\/www.fedaiisf.it\/en\/wp-json\/wp\/v2\/media\/79210"}],"wp:attachment":[{"href":"https:\/\/www.fedaiisf.it\/en\/wp-json\/wp\/v2\/media?parent=79209"}],"wp:term":[{"taxonomy":"category","embeddable":true,"href":"https:\/\/www.fedaiisf.it\/en\/wp-json\/wp\/v2\/categories?post=79209"},{"taxonomy":"post_tag","embeddable":true,"href":"https:\/\/www.fedaiisf.it\/en\/wp-json\/wp\/v2\/tags?post=79209"}],"curies":[{"name":"wp","href":"https:\/\/api.w.org\/{rel}","templated":true}]}}