{"id":79233,"date":"2024-11-30T09:10:01","date_gmt":"2024-11-30T08:10:01","guid":{"rendered":"https:\/\/www.fedaiisf.it\/?p=79233"},"modified":"2024-11-30T09:10:01","modified_gmt":"2024-11-30T08:10:01","slug":"riunione-sezione-interprovinciale-aiisf-federata-fedaiisf-di-modena-e-reggio-emilia","status":"publish","type":"post","link":"https:\/\/www.fedaiisf.it\/en\/riunione-sezione-interprovinciale-aiisf-federata-fedaiisf-di-modena-e-reggio-emilia\/","title":{"rendered":"Riunione Sezione interprovinciale AIISF, federata Fedaiisf, di Modena e Reggio Emilia"},"content":{"rendered":"<p>Venerd\u00ec 29\/11\/2024 si \u00e8 riunita la Sezione interprovinciale AIISF, federata FEEDAIISF, di Modena e Reggio Emilia. Si \u00e8 parlato delle attivit\u00e0 svolte nel 2024 e della programmazione del 2025.<\/p>\n<p><img loading=\"lazy\" decoding=\"async\" class=\"wp-image-79236 alignright\" src=\"https:\/\/www.fedaiisf.it\/wp-content\/uploads\/2024\/11\/Screenshot-2024-11-30-alle-09.01.36.png\" alt=\"\" width=\"258\" height=\"253\" srcset=\"https:\/\/www.fedaiisf.it\/wp-content\/uploads\/2024\/11\/Screenshot-2024-11-30-alle-09.01.36.png 868w, https:\/\/www.fedaiisf.it\/wp-content\/uploads\/2024\/11\/Screenshot-2024-11-30-alle-09.01.36-300x294.png 300w, https:\/\/www.fedaiisf.it\/wp-content\/uploads\/2024\/11\/Screenshot-2024-11-30-alle-09.01.36-768x752.png 768w, https:\/\/www.fedaiisf.it\/wp-content\/uploads\/2024\/11\/Screenshot-2024-11-30-alle-09.01.36-12x12.png 12w\" sizes=\"auto, (max-width: 258px) 100vw, 258px\" \/>\u00c8 stata anche occasione per scambiare gli auguri di Natale ma soprattutto per celebrare l\u2019importante traguardo della pensione raggiunto dal Collega Andrea Sorgenti Mabelli. Andrea \u00e8 stato fondamentale per la sezione di Modena: fin dai primi anni 90, ha contribuito ad agevolare il lavoro sul territorio di tutti noi ISF stipulando importanti accordi con le organizzazioni dei medici, ha tenuto viva la sezione ed organizzato le attivit\u00e0 anche nei momenti pi\u00f9 difficili dove anche il Nazionale era in gravi difficolt\u00e0.<\/p>\n<p>Rimarr\u00e0 famoso ed unico anche per le feste che organizzava per la sezione per creare momenti di divertimento e per aiutare i nuovi colleghi ad integrarsi sul territorio. Sono diversi i colleghi che devono a lui l\u2019ingresso nella nostra professione ed altri devono a lui il passaggio a condizioni migliorative ad altre aziende.<\/p>\n<p>La presidente Maria Orfello lo ha ringraziato ed omaggiato a nome di tutti i colleghi con un simbolico presente e si \u00e8 fatta promettere che tra un cantiere e l\u2019altro passer\u00e0 a trovarci<\/p>\n<p>Il direttivo della sezione interprovinciale AIISF federata FEDAIISF di Modena e Reggio Emilia<\/p>\n<p>Press release<\/p>","protected":false},"excerpt":{"rendered":"<p>Venerd\u00ec 29\/11\/2024 si \u00e8 riunita la Sezione interprovinciale AIISF, federata FEEDAIISF, di Modena e Reggio Emilia. Si \u00e8 parlato delle attivit\u00e0 svolte nel 2024 e della programmazione del 2025. \u00c8 stata anche occasione per scambiare gli auguri di Natale ma soprattutto per celebrare l\u2019importante traguardo della pensione raggiunto dal Collega Andrea Sorgenti Mabelli. Andrea \u00e8 &hellip;<\/p>","protected":false},"author":4,"featured_media":79238,"comment_status":"closed","ping_status":"closed","sticky":false,"template":"","format":"standard","meta":{"footnotes":""},"categories":[1,14],"tags":[45],"class_list":["post-79233","post","type-post","status-publish","format-standard","has-post-thumbnail","hentry","category-notizie","category-news-fedaiisf","tag-fedaiisf"],"amp_enabled":true,"_links":{"self":[{"href":"https:\/\/www.fedaiisf.it\/en\/wp-json\/wp\/v2\/posts\/79233","targetHints":{"allow":["GET"]}}],"collection":[{"href":"https:\/\/www.fedaiisf.it\/en\/wp-json\/wp\/v2\/posts"}],"about":[{"href":"https:\/\/www.fedaiisf.it\/en\/wp-json\/wp\/v2\/types\/post"}],"author":[{"embeddable":true,"href":"https:\/\/www.fedaiisf.it\/en\/wp-json\/wp\/v2\/users\/4"}],"replies":[{"embeddable":true,"href":"https:\/\/www.fedaiisf.it\/en\/wp-json\/wp\/v2\/comments?post=79233"}],"version-history":[{"count":3,"href":"https:\/\/www.fedaiisf.it\/en\/wp-json\/wp\/v2\/posts\/79233\/revisions"}],"predecessor-version":[{"id":79237,"href":"https:\/\/www.fedaiisf.it\/en\/wp-json\/wp\/v2\/posts\/79233\/revisions\/79237"}],"wp:featuredmedia":[{"embeddable":true,"href":"https:\/\/www.fedaiisf.it\/en\/wp-json\/wp\/v2\/media\/79238"}],"wp:attachment":[{"href":"https:\/\/www.fedaiisf.it\/en\/wp-json\/wp\/v2\/media?parent=79233"}],"wp:term":[{"taxonomy":"category","embeddable":true,"href":"https:\/\/www.fedaiisf.it\/en\/wp-json\/wp\/v2\/categories?post=79233"},{"taxonomy":"post_tag","embeddable":true,"href":"https:\/\/www.fedaiisf.it\/en\/wp-json\/wp\/v2\/tags?post=79233"}],"curies":[{"name":"wp","href":"https:\/\/api.w.org\/{rel}","templated":true}]}}