{"id":79417,"date":"2024-12-12T19:38:54","date_gmt":"2024-12-12T18:38:54","guid":{"rendered":"https:\/\/www.fedaiisf.it\/?p=79417"},"modified":"2024-12-25T10:39:29","modified_gmt":"2024-12-25T09:39:29","slug":"aiisf-bologna-auguri-conviviali-di-natale-ai-colleghi-e-donazione-allassociazione-agito","status":"publish","type":"post","link":"https:\/\/www.fedaiisf.it\/en\/aiisf-bologna-auguri-conviviali-di-natale-ai-colleghi-e-donazione-allassociazione-agito\/","title":{"rendered":"AIISF Bologna. Auguri conviviali di Natale ai colleghi e donazione all&#8217;Associazione AGITO"},"content":{"rendered":"<p>Siamo giunti alla fine dell\u2019anno, le feste di Natale si avvicinano ed \u00e8 anche il momento per tutti noi di pensare a che anno \u00e8 stato e ai progetti per il futuro.<\/p>\n<p><img loading=\"lazy\" decoding=\"async\" class=\"wp-image-79418 alignright\" src=\"https:\/\/www.fedaiisf.it\/wp-content\/uploads\/2024\/12\/Schermata-2024-12-12-alle-19.22.06.png\" alt=\"\" width=\"497\" height=\"273\" srcset=\"https:\/\/www.fedaiisf.it\/wp-content\/uploads\/2024\/12\/Schermata-2024-12-12-alle-19.22.06.png 1309w, https:\/\/www.fedaiisf.it\/wp-content\/uploads\/2024\/12\/Schermata-2024-12-12-alle-19.22.06-300x165.png 300w, https:\/\/www.fedaiisf.it\/wp-content\/uploads\/2024\/12\/Schermata-2024-12-12-alle-19.22.06-1024x562.png 1024w, https:\/\/www.fedaiisf.it\/wp-content\/uploads\/2024\/12\/Schermata-2024-12-12-alle-19.22.06-768x421.png 768w, https:\/\/www.fedaiisf.it\/wp-content\/uploads\/2024\/12\/Schermata-2024-12-12-alle-19.22.06-18x10.png 18w\" sizes=\"auto, (max-width: 497px) 100vw, 497px\" \/>Anche per la nostra Associazione \u00e8 l\u2019ora di bilanci e di progetti consapevoli di lavorare ogni giorno in contesti dove sono presenti malattia e dolore.<\/p>\n<p>I colleghi della sezione Aiisf-Fedaiisf di Bologna si sono incontrati per scambiarsi gli auguri e per brindare insieme.<\/p>\n<p>Come ospite speciale della serata \u00e8 stata invitata la collega Sabrina Bergonzoni, presidente di AGITO, Associazione Genitori Insieme Tumori Ossei.<\/p>\n<p>Questa Associazione si prefigge di sviluppare progetti per dare supporto ai pazienti di tutte le et\u00e0 ricoverati in ospedale in seguito ad una diagnosi di sarcoma osseo (dai doni di giocattoli, alla assistenza psicologica fino alla Pet Therapy) promuovendo campagne di informazione e di sensibilizzazione e per sostenere la ricerca scientifica.<\/p>\n<p>Insieme ai nostri pi\u00f9 sinceri auguri abbiamo consegnato a Sabrina un assegno speciale per supportare i progetti di Agito affinch\u00e9 possano realizzarsi. (<a href=\"https:\/\/www.agito.it\" target=\"_blank\" rel=\"noopener\">www.agito.it<\/a>)<\/p>\n<p>Comunicato AIISF Bologna<br \/>\n&#8211; Federata Fedaiisf &#8211;<\/p>","protected":false},"excerpt":{"rendered":"<p>Siamo giunti alla fine dell\u2019anno, le feste di Natale si avvicinano ed \u00e8 anche il momento per tutti noi di pensare a che anno \u00e8 stato e ai progetti per il futuro. Anche per la nostra Associazione \u00e8 l\u2019ora di bilanci e di progetti consapevoli di lavorare ogni giorno in contesti dove sono presenti malattia &hellip;<\/p>","protected":false},"author":4,"featured_media":79422,"comment_status":"closed","ping_status":"closed","sticky":false,"template":"","format":"standard","meta":{"footnotes":""},"categories":[14],"tags":[45],"class_list":["post-79417","post","type-post","status-publish","format-standard","has-post-thumbnail","hentry","category-news-fedaiisf","tag-fedaiisf"],"amp_enabled":true,"_links":{"self":[{"href":"https:\/\/www.fedaiisf.it\/en\/wp-json\/wp\/v2\/posts\/79417","targetHints":{"allow":["GET"]}}],"collection":[{"href":"https:\/\/www.fedaiisf.it\/en\/wp-json\/wp\/v2\/posts"}],"about":[{"href":"https:\/\/www.fedaiisf.it\/en\/wp-json\/wp\/v2\/types\/post"}],"author":[{"embeddable":true,"href":"https:\/\/www.fedaiisf.it\/en\/wp-json\/wp\/v2\/users\/4"}],"replies":[{"embeddable":true,"href":"https:\/\/www.fedaiisf.it\/en\/wp-json\/wp\/v2\/comments?post=79417"}],"version-history":[{"count":3,"href":"https:\/\/www.fedaiisf.it\/en\/wp-json\/wp\/v2\/posts\/79417\/revisions"}],"predecessor-version":[{"id":79421,"href":"https:\/\/www.fedaiisf.it\/en\/wp-json\/wp\/v2\/posts\/79417\/revisions\/79421"}],"wp:featuredmedia":[{"embeddable":true,"href":"https:\/\/www.fedaiisf.it\/en\/wp-json\/wp\/v2\/media\/79422"}],"wp:attachment":[{"href":"https:\/\/www.fedaiisf.it\/en\/wp-json\/wp\/v2\/media?parent=79417"}],"wp:term":[{"taxonomy":"category","embeddable":true,"href":"https:\/\/www.fedaiisf.it\/en\/wp-json\/wp\/v2\/categories?post=79417"},{"taxonomy":"post_tag","embeddable":true,"href":"https:\/\/www.fedaiisf.it\/en\/wp-json\/wp\/v2\/tags?post=79417"}],"curies":[{"name":"wp","href":"https:\/\/api.w.org\/{rel}","templated":true}]}}