{"id":79461,"date":"2024-12-16T06:34:43","date_gmt":"2024-12-16T05:34:43","guid":{"rendered":"https:\/\/www.fedaiisf.it\/?p=79461"},"modified":"2024-12-16T10:41:19","modified_gmt":"2024-12-16T09:41:19","slug":"palmisano-fimmg-venezia-medici-di-famiglia-punto-di-riferimento-dei-cittadini-non-capri-espiatori","status":"publish","type":"post","link":"https:\/\/www.fedaiisf.it\/en\/palmisano-fimmg-venezia-medici-di-famiglia-punto-di-riferimento-dei-cittadini-non-capri-espiatori\/","title":{"rendered":"Palmisano (Fimmg Venezia): \u00abMedici di famiglia punto di riferimento dei cittadini, non capri espiatori\u00bb"},"content":{"rendered":"<p><strong>APPROPRIATEZZA E MEDICI DI FAMIGLIA, IL SEGRETARIO PALMISANO NON CI STA: \u00abSIAMO IL RIFERIMENTO PER I CITTADINI, SOPRATTUTTO I PI\u00d9 FRAGILI, NON IL CAPRO ESPIATORIO DEI MALI DELLA SANIT\u00c0\u00bb. IL PUNTO ANCHE SULLE TRATTATIVE IN CORSO<\/strong><\/p>\n<p><a href=\"https:\/\/www.fimmgvenezia.it\/a-proposito-di-appropriatezza\" target=\"_blank\" rel=\"noopener\">Fimmg Venezia &#8211; COMUNICATO STAMPA N\u00b0 8 DEL 13.12.2024<\/a><\/p>\n<p><span class=\"\">\u00abSiamo stanchi di essere sempre il <\/span><strong>capro espiatorio<\/strong><span class=\"\"> di tutti i mali della sanit\u00e0\u00bb. Il segretario provinciale di <img loading=\"lazy\" decoding=\"async\" class=\"wp-image-79464 alignright\" src=\"https:\/\/www.fedaiisf.it\/wp-content\/uploads\/2024\/12\/palmisano-fimmg-venezia.png\" alt=\"\" width=\"268\" height=\"234\" srcset=\"https:\/\/www.fedaiisf.it\/wp-content\/uploads\/2024\/12\/palmisano-fimmg-venezia.png 336w, https:\/\/www.fedaiisf.it\/wp-content\/uploads\/2024\/12\/palmisano-fimmg-venezia-300x262.png 300w, https:\/\/www.fedaiisf.it\/wp-content\/uploads\/2024\/12\/palmisano-fimmg-venezia-14x12.png 14w\" sizes=\"auto, (max-width: 268px) 100vw, 268px\" \/>FIMMG Venezia <\/span><strong>Giuseppe Palmisano<\/strong>, durante la conferenza stampa convocata oggi, non ha nascosto <strong>l\u2019amarezza<\/strong> <span class=\"\">per le ultime dichiarazioni del direttore generale dell\u2019Ulss 3 Serenissima <\/span><strong>Edgardo Contato<\/strong><span class=\"\"> che mercoled\u00ec, tracciando il bilancio delle attivit\u00e0 svolte nel 2024 della sua azienda, \u00e8 tornato <\/span><strong>a puntare il dito<\/strong><span class=\"\"> contro i medici di Medicina Generale, <\/span><strong>\u201ccolpevoli\u201d, a suo dire<\/strong><span class=\"\">, di fare ancora <\/span><strong>troppe prescrizioni inappropriate<\/strong>, che sprecano risorse e intasano le liste d\u2019attesa.<\/p>\n<p><span class=\"\">\u00abSiamo esasperati \u2013 ha detto il dottor Palmisano \u2013 perch\u00e9 ancora una volta un tema, l\u2019appropriatezza prescrittiva di visite, esami e farmaci, <\/span><strong>per noi cruciale<\/strong> e su cui stiamo <strong>investendo tanto<\/strong><span class=\"\"> anche in termini di formazione, viene affrontato <\/span><strong>in modo superficiale<\/strong><span class=\"\">, senza nessun <\/span><strong>approfondimento serio<\/strong><span class=\"\"> dei dati. Sull\u2019appropriatezza noi medici di famiglia siamo <\/span><strong>gi\u00e0 attentissimi<\/strong> <span class=\"\">alla spesa, non si pu\u00f2 spremere pi\u00f9 di cos\u00ec, non possiamo fare <\/span><strong>altri sforzi.<\/strong> <span class=\"\">Stupisce che il direttore generale si lasci andare a una semplificazione <\/span><strong>cos\u00ec insopportabile<\/strong><span class=\"\"> And <\/span><strong>poco conciliante<\/strong><span class=\"\"> in un momento tanto delicato. Non si pu\u00f2 sparare a zero: ognuno deve assumersi <\/span><strong>le proprie responsabilit\u00e0<\/strong>\u00bb.<\/p>\n<p>A fare pressioni sui medici di Medicina Generale sono da un lato i pazienti, con i loro bisogni di salute i<strong>n continuo aumento<\/strong><span class=\"\">, dall\u2019altro il <\/span><strong>pressing anti-prescrittivo<\/strong><span class=\"\"> aziendale che mira a tagliare i costi e <\/span><strong>mina il rapporto di fiducia<\/strong> <span class=\"\">medico-paziente. \u00abI medici di famiglia \u2013 si \u00e8 chiesto il dottor Palmisano \u2013 prescriverebbero troppo\u2026. Ma a chi? Ai <\/span><strong>cittadini esasperati<\/strong> <span class=\"\">perch\u00e9 devono fare salti mortali e prove di resistenza per prenotarsi un esame! La signora Maria o il signor Mohamed devono essere certi che il loro medico <\/span><strong>sia libero<\/strong><span class=\"\"> di agire per <\/span><strong>il loro bene<\/strong><span class=\"\"> prescrivendo ci\u00f2 che ritiene necessario anche se il loro caso specifico non rientra nei protocolli\u00bb.<\/span><\/p>\n<p><span class=\"\">The <\/span><strong>sconcerto<\/strong><span class=\"\"> per queste dichiarazioni <\/span><strong>si acuisce<\/strong><span class=\"\"> perch\u00e9 si inserisce in un contesto <\/span><strong>di dialogo e confronto<\/strong><span class=\"\"> continuo con l\u2019azienda maturato negli ultimi mesi nell\u2019ambito del<\/span> <strong>tavolo tecnico<\/strong> <span class=\"\">finalizzato alla <\/span><strong>experimentation<\/strong><span class=\"\"> delle Aggregazioni Funzionali Territoriali (AFT) e delle Case della Comunit\u00e0 di prossima attuazione, al Lido e a Noale. \u00abIn questi mesi \u2013 ha sottolineato il dottor Palmisano \u2013 abbiamo dato all\u2019azienda, e continueremo a farlo, <\/span><strong>un\u2019ampia disponibilit\u00e0<\/strong> <span class=\"\">all\u2019analisi e alla risoluzione condivisa dei problemi. Ci siamo fatti in 4 e abbiamo dato tutti i segnali positivi possibili. A questo tavolo tecnico <\/span><strong>noi crediamo molto<\/strong> <span class=\"\">perch\u00e9 una riorganizzazione seria delle cure territoriali va a beneficio non solo della salute dei pazienti, ma anche del nostro lavoro quotidiano\u00bb.<\/span><\/p>\n<p><span class=\"\"><img loading=\"lazy\" decoding=\"async\" class=\"wp-image-79466 alignleft\" src=\"https:\/\/www.fedaiisf.it\/wp-content\/uploads\/2024\/12\/Schermata-2024-12-15-alle-19.29.02.png\" alt=\"\" width=\"268\" height=\"309\" srcset=\"https:\/\/www.fedaiisf.it\/wp-content\/uploads\/2024\/12\/Schermata-2024-12-15-alle-19.29.02.png 551w, https:\/\/www.fedaiisf.it\/wp-content\/uploads\/2024\/12\/Schermata-2024-12-15-alle-19.29.02-261x300.png 261w, https:\/\/www.fedaiisf.it\/wp-content\/uploads\/2024\/12\/Schermata-2024-12-15-alle-19.29.02-10x12.png 10w\" sizes=\"auto, (max-width: 268px) 100vw, 268px\" \/>Le due aree scelte sono emblematiche per la sperimentazione: rappresentano i modelli ad alta e a bassa densit\u00e0 abitativa, una zona, Noale, in cui le cure territoriali sono <\/span><strong>pi\u00f9 organizzate<\/strong><span class=\"\"> e una, l\u2019isola del Lido, in cui c\u2019\u00e8 <\/span><strong>molta dispersione<\/strong><span class=\"\"> sia di pazienti sia di ambulatori perch\u00e9 sono quasi tutti studi singoli di medici. \u00abQuesto tavolo \u2013 ha aggiunto il segretario di FIMMG Venezia \u2013 \u00e8 gi\u00e0 a buon punto: abbiamo gi\u00e0 sviscerato tanti dettagli e affrontato alcune criticit\u00e0. Ma adesso siamo a <\/span><strong>un nodo cruciale:<\/strong> <span class=\"\">la definizione della quota oraria dei colleghi a cui si chiede <\/span><strong>un\u2019ulteriore disponibilit\u00e0,<\/strong> <span class=\"\">ma che, forse \u00e8 bene ricordarlo, hanno gi\u00e0 fino a 1.600 assistiti l\u2019uno\u00bb.<\/span><\/p>\n<p><span class=\"\">Tra i nodi da sciogliere, dunque, che rallentano la trattativa, il riconoscimento di risorse destinata al <\/span><strong>personale di studio,<\/strong> <span class=\"\">infermieristico e di segreteria, e del ruolo dei medici di famiglia che nelle AFT e nelle Case della Comunit\u00e0 faranno attivit\u00e0 <\/span><strong>che vanno oltre<\/strong><span class=\"\"> le loro normali mansioni. \u00abMa se le sperimentazioni funzionano \u2013 ha spiegato il dottor Palmisano \u2013 questo significa <\/span><strong>migliori servizi<\/strong> <span class=\"\">per i cittadini e <\/span><strong>pi\u00f9 respiro<\/strong><span class=\"\"> per i colleghi che, al momento, sono <\/span><strong>soffocati<\/strong> da troppe incombenze. Per questo noi ci crediamo\u00bb.<\/p>\n<p><span class=\"\">Proprio sulle Case della Comunit\u00e0, poi, un ultimo appunto dal segretario Palmisano. \u00abNon si pu\u00f2 pensare che queste strutture da sole \u2013 ha concluso \u2013 siano <\/span><strong>la panacea di tutti i mali<\/strong><span class=\"\">. Noi da tempo ripetiamo che le Case della Comunit\u00e0 dovranno essere <\/span><strong>il risultato di un serio riassetto<\/strong><span class=\"\"> delle cure territoriali che parte dal basso, dalla periferia, dall\u2019ambulatorio del medico di famiglia che ancora lavora da solo, e, passando per le Medicine di Gruppo e le AFT, fa approdare alle Case della Comunit\u00e0 solo <\/span><strong>i problemi pi\u00f9 complessi<\/strong><span class=\"\">. Sappiamo che il tempo stringe, ma per una riorganizzazione <\/span><strong>davvero efficace<\/strong><span class=\"\"> serve il confronto, non si pu\u00f2 avere fretta\u00bb.<\/span><\/p>\n<p>Venezia Mestre, 13 Dicembre 2024<\/p>\n<p>Dottor Giuseppe Palmisano, Segretario Provinciale FIMMG Venezia<\/p>\n<hr \/>\n<p>Related news: <a href=\"https:\/\/www.fedaiisf.it\/en\/le-assicurazioni-sanitarie-in-usa-il-caso-mangione-il-presunto-assassino-del-ceo-di-united-healthcare-celebrato-come-un-eroe\/\" target=\"_blank\" rel=\"noopener\">Le assicurazioni sanitarie in USA. Il caso Mangione, il presunto assassino del CEO di United Healthcare, celebrato come un eroe<\/a><\/p>","protected":false},"excerpt":{"rendered":"<p>APPROPRIATEZZA E MEDICI DI FAMIGLIA, IL SEGRETARIO PALMISANO NON CI STA: \u00abSIAMO IL RIFERIMENTO PER I CITTADINI, SOPRATTUTTO I PI\u00d9 FRAGILI, NON IL CAPRO ESPIATORIO DEI MALI DELLA SANIT\u00c0\u00bb. IL PUNTO ANCHE SULLE TRATTATIVE IN CORSO Fimmg Venezia &#8211; COMUNICATO STAMPA N\u00b0 8 DEL 13.12.2024 \u00abSiamo stanchi di essere sempre il capro espiatorio di tutti &hellip;<\/p>","protected":false},"author":4,"featured_media":79468,"comment_status":"closed","ping_status":"closed","sticky":false,"template":"","format":"standard","meta":{"footnotes":""},"categories":[1],"tags":[26,79],"class_list":["post-79461","post","type-post","status-publish","format-standard","has-post-thumbnail","hentry","category-notizie","tag-spesa-farmaceutica","tag-ssn"],"amp_enabled":true,"_links":{"self":[{"href":"https:\/\/www.fedaiisf.it\/en\/wp-json\/wp\/v2\/posts\/79461","targetHints":{"allow":["GET"]}}],"collection":[{"href":"https:\/\/www.fedaiisf.it\/en\/wp-json\/wp\/v2\/posts"}],"about":[{"href":"https:\/\/www.fedaiisf.it\/en\/wp-json\/wp\/v2\/types\/post"}],"author":[{"embeddable":true,"href":"https:\/\/www.fedaiisf.it\/en\/wp-json\/wp\/v2\/users\/4"}],"replies":[{"embeddable":true,"href":"https:\/\/www.fedaiisf.it\/en\/wp-json\/wp\/v2\/comments?post=79461"}],"version-history":[{"count":7,"href":"https:\/\/www.fedaiisf.it\/en\/wp-json\/wp\/v2\/posts\/79461\/revisions"}],"predecessor-version":[{"id":79471,"href":"https:\/\/www.fedaiisf.it\/en\/wp-json\/wp\/v2\/posts\/79461\/revisions\/79471"}],"wp:featuredmedia":[{"embeddable":true,"href":"https:\/\/www.fedaiisf.it\/en\/wp-json\/wp\/v2\/media\/79468"}],"wp:attachment":[{"href":"https:\/\/www.fedaiisf.it\/en\/wp-json\/wp\/v2\/media?parent=79461"}],"wp:term":[{"taxonomy":"category","embeddable":true,"href":"https:\/\/www.fedaiisf.it\/en\/wp-json\/wp\/v2\/categories?post=79461"},{"taxonomy":"post_tag","embeddable":true,"href":"https:\/\/www.fedaiisf.it\/en\/wp-json\/wp\/v2\/tags?post=79461"}],"curies":[{"name":"wp","href":"https:\/\/api.w.org\/{rel}","templated":true}]}}