{"id":79529,"date":"2024-12-18T20:17:54","date_gmt":"2024-12-18T19:17:54","guid":{"rendered":"https:\/\/www.fedaiisf.it\/?p=79529"},"modified":"2024-12-21T11:45:47","modified_gmt":"2024-12-21T10:45:47","slug":"marche-rinnovato-il-direttivo-aiisf","status":"publish","type":"post","link":"https:\/\/www.fedaiisf.it\/en\/marche-rinnovato-il-direttivo-aiisf\/","title":{"rendered":"Marche. Rinnovato il Direttivo AIISF"},"content":{"rendered":"<p>A dicembre si sono svolte le elezioni del nuovo Direttivo della sezione AIISF Marche, federata Fedaiisf.<\/p>\n<p>Il Nuovo Direttivo sar\u00e0 cos\u00ec composto:<\/p>\n<ul>\n<li>Presidente : Verdolini Claudio (gi\u00e0 consigliere vecchio direttivo)<\/li>\n<li>Vice Presidente\u00a0: Tiberi Roberta<\/li>\n<li>Segretario\u00a0: Zingaretti Michel<\/li>\n<li>Tesoriere\u00a0: Itta Fabio<\/li>\n<li>Consiglieri\u00a0: Pesaro Luca, Dzeladini Nadire, Pelosi Massimiliano.<\/li>\n<\/ul>\n<p>Dal 1\u00b0 gennaio 2025 il nuovo direttivo sostituir\u00e0 quello quello uscente.<\/p>\n<div><\/div>\n<div>Comunicato Sez. AIISF Marche<br \/>\n&#8211; Federata Fedaiisf &#8211;<\/div>","protected":false},"excerpt":{"rendered":"<p>A dicembre si sono svolte le elezioni del nuovo Direttivo della sezione AIISF Marche, federata Fedaiisf. Il Nuovo Direttivo sar\u00e0 cos\u00ec composto: Presidente : Verdolini Claudio (gi\u00e0 consigliere vecchio direttivo) Vice Presidente\u00a0: Tiberi Roberta Segretario\u00a0: Zingaretti Michel Tesoriere\u00a0: Itta Fabio Consiglieri\u00a0: Pesaro Luca, Dzeladini Nadire, Pelosi Massimiliano. Dal 1\u00b0 gennaio 2025 il nuovo direttivo sostituir\u00e0 &hellip;<\/p>","protected":false},"author":4,"featured_media":79533,"comment_status":"closed","ping_status":"closed","sticky":false,"template":"","format":"standard","meta":{"footnotes":""},"categories":[14],"tags":[45],"class_list":["post-79529","post","type-post","status-publish","format-standard","has-post-thumbnail","hentry","category-news-fedaiisf","tag-fedaiisf"],"amp_enabled":true,"_links":{"self":[{"href":"https:\/\/www.fedaiisf.it\/en\/wp-json\/wp\/v2\/posts\/79529","targetHints":{"allow":["GET"]}}],"collection":[{"href":"https:\/\/www.fedaiisf.it\/en\/wp-json\/wp\/v2\/posts"}],"about":[{"href":"https:\/\/www.fedaiisf.it\/en\/wp-json\/wp\/v2\/types\/post"}],"author":[{"embeddable":true,"href":"https:\/\/www.fedaiisf.it\/en\/wp-json\/wp\/v2\/users\/4"}],"replies":[{"embeddable":true,"href":"https:\/\/www.fedaiisf.it\/en\/wp-json\/wp\/v2\/comments?post=79529"}],"version-history":[{"count":2,"href":"https:\/\/www.fedaiisf.it\/en\/wp-json\/wp\/v2\/posts\/79529\/revisions"}],"predecessor-version":[{"id":79531,"href":"https:\/\/www.fedaiisf.it\/en\/wp-json\/wp\/v2\/posts\/79529\/revisions\/79531"}],"wp:featuredmedia":[{"embeddable":true,"href":"https:\/\/www.fedaiisf.it\/en\/wp-json\/wp\/v2\/media\/79533"}],"wp:attachment":[{"href":"https:\/\/www.fedaiisf.it\/en\/wp-json\/wp\/v2\/media?parent=79529"}],"wp:term":[{"taxonomy":"category","embeddable":true,"href":"https:\/\/www.fedaiisf.it\/en\/wp-json\/wp\/v2\/categories?post=79529"},{"taxonomy":"post_tag","embeddable":true,"href":"https:\/\/www.fedaiisf.it\/en\/wp-json\/wp\/v2\/tags?post=79529"}],"curies":[{"name":"wp","href":"https:\/\/api.w.org\/{rel}","templated":true}]}}