{"id":79557,"date":"2024-12-19T12:21:53","date_gmt":"2024-12-19T11:21:53","guid":{"rendered":"https:\/\/www.fedaiisf.it\/?p=79557"},"modified":"2024-12-19T12:21:53","modified_gmt":"2024-12-19T11:21:53","slug":"in-pensione-a-64-anni","status":"publish","type":"post","link":"https:\/\/www.fedaiisf.it\/en\/in-pensione-a-64-anni\/","title":{"rendered":"In pensione a 64 anni?"},"content":{"rendered":"<h3 class=\"article-title\">In pensione a 64 anni? S\u00ec, ma solo se te la paghi tu<\/h3>\n<p>Sar\u00e0 possibile sommando pensione obbligatoria e complementare per raggiungere l\u2019importo minimo. In realt\u00e0 la Fornero verr\u00e0 peggiorata, perch\u00e9 dal 2025 questa soglia minima salir\u00e0 a 3,2 volte l\u2019assegno sociale<\/p>\n<p>Stefano Lucci per <a href=\"https:\/\/www.collettiva.it\/copertine\/welfare\/in-pensione-a-64-anni-si-ma-solo-se-te-la-paghi-tu-itdeecrq\" target=\"_blank\" rel=\"noopener\">Collettiva &#8211; 18 dicembre 2024<\/a><\/p>\n<p>Cosa non si fa per provare a far dimenticare una delle promesse elettorali su cui questo governo ha <img loading=\"lazy\" decoding=\"async\" class=\"wp-image-60689 alignright\" src=\"https:\/\/www.fedaiisf.it\/wp-content\/uploads\/2021\/10\/fornero-elsa-1200x720-1.jpeg\" alt=\"\" width=\"336\" height=\"202\" srcset=\"https:\/\/www.fedaiisf.it\/wp-content\/uploads\/2021\/10\/fornero-elsa-1200x720-1.jpeg 1200w, https:\/\/www.fedaiisf.it\/wp-content\/uploads\/2021\/10\/fornero-elsa-1200x720-1-300x180.jpeg 300w, https:\/\/www.fedaiisf.it\/wp-content\/uploads\/2021\/10\/fornero-elsa-1200x720-1-1024x614.jpeg 1024w, https:\/\/www.fedaiisf.it\/wp-content\/uploads\/2021\/10\/fornero-elsa-1200x720-1-768x461.jpeg 768w, https:\/\/www.fedaiisf.it\/wp-content\/uploads\/2021\/10\/fornero-elsa-1200x720-1-780x470.jpeg 780w\" sizes=\"auto, (max-width: 336px) 100vw, 336px\" \/>fondato molto del suo consenso: ovvero,<strong> il superamento della Fornero<\/strong> per poter andare in pensione prima. La fantasia leghista &#8211; e segnatamente del sottosegretario al lavoro Carlo Durigon &#8211; ha prodotto un emendamento alla Finanziaria in commissione Bilancio alla Camera grazie al quale si potr\u00e0 andare in pensione anticipata a 64 anni.<\/p>\n<p>Ma come? Semplice, sommando la pensione obbligatoria a quella complementareper raggiungere l\u2019importo soglia minimo che consente di andare in pensione, che per legge deve essere pari ad almeno 3 volte l\u2019assegno sociale, cio\u00e8 1.600 euro al mese. In pratica, vai in pensione prima se te la paghi da te.<\/p>\n<p>Duro il commento della segretaria confederale della Cgil <strong>Lara Ghiglione<\/strong>: \u201cInvece di rimuovere gli importi soglia, ormai irraggiungibili per la maggior parte dei lavoratori, il governo propone strade alternative che non fanno altro che aggirare il problema\u201d.<\/p>\n<p>E anzi, in qualche modo peggiorando anche la situazione, visto che<strong> i requisiti vengono ulteriormente peggiorati<\/strong>: dal 2025, infatti, per coloro che utilizzeranno questa uscita non saranno pi\u00f9 necessari 20 anni, ma ne saranno richiesti 25 e dal 2030 addirittura 30, con un importo soglia che in questo caso dovr\u00e0 raggiungere 3,2 volte l\u2019assegno sociale, ovvero 1.710 euro circa, 400 euro in pi\u00f9 rispetto all&#8217;importo soglia del 2022.<\/p>\n<p>Per la sindacalista dunque &#8220;<strong>on <\/strong><a href=\"https:\/\/www.collettiva.it\/tag\/pensioni\" target=\"_blank\" rel=\"noopener\">pensions <\/a><strong>questo governo continua sulla strada intrapresa<\/strong>. Gli emendamenti presentati dall&#8217;esecutivo alla legge di bilancio non solo non affrontano le disuguaglianze strutturali del sistema previdenziale italiano, ma certificano che nonostante le promesse di superamento della legge Fornero, sar\u00e0 questa l\u2019unica norma con cui si potr\u00e0 accedere al pensionamento oggi e in futuro&#8221;.<\/p>\n<p><img loading=\"lazy\" decoding=\"async\" class=\"wp-image-24907 alignleft\" src=\"https:\/\/www.fedaiisf.it\/wp-content\/uploads\/2016\/03\/pensioni-18-1030x615.jpg\" alt=\"\" width=\"346\" height=\"191\" srcset=\"https:\/\/www.fedaiisf.it\/wp-content\/uploads\/2016\/03\/pensioni-18-1030x615.jpg 1026w, https:\/\/www.fedaiisf.it\/wp-content\/uploads\/2016\/03\/pensioni-18-1030x615-300x166.jpg 300w, https:\/\/www.fedaiisf.it\/wp-content\/uploads\/2016\/03\/pensioni-18-1030x615-1024x566.jpg 1024w, https:\/\/www.fedaiisf.it\/wp-content\/uploads\/2016\/03\/pensioni-18-1030x615-768x424.jpg 768w, https:\/\/www.fedaiisf.it\/wp-content\/uploads\/2016\/03\/pensioni-18-1030x615-546x300.jpg 546w\" sizes=\"auto, (max-width: 346px) 100vw, 346px\" \/>Non bisogna dimenticare, infatti, che in due leggi di bilancio<strong> l\u2019esecutivo ha di fatto azzerato le poche e limitate flessibilit\u00e0 in uscita<\/strong> previste rispetto alla Fornero: <a href=\"https:\/\/www.collettiva.it\/tag\/opzione-donna\" target=\"_blank\" rel=\"noopener\">Opzione donna<\/a>, <a href=\"https:\/\/www.collettiva.it\/tag\/ape-sociale\" target=\"_blank\" rel=\"noopener\">Ape sociale<\/a> And <a href=\"http:\/\/Quota 103\" target=\"_blank\" rel=\"noopener\">Quota 103<\/a>.<\/p>\n<p>Si prosegue insomma nel\u00a0<strong>peggiorare la Monti-Fornero<\/strong>, continua Ghiglione, \u201cquella norma cos\u00ec tanto criticata negli anni che continua ad essere consolidata e applicata, senza alcun intervento strutturale per superarla\u201d.<\/p>\n<p>Di fatto, attacca la segretaria confederale Cgil, \u201cin un mercato del lavoro caratterizzato da salari bassi e carriere discontinue, soprattutto per le <a href=\"https:\/\/www.collettiva.it\/tag\/donne\" target=\"_blank\" rel=\"noopener\">women<\/a>,<strong> la platea di lavoratrici e lavoratori in grado di raggiungere l\u2019importo soglia sar\u00e0 minuscola<\/strong>. Basti pensare a quelle 4 milioni di lavoratrici in part-time che, anche nel caso raggiungano i 40 anni di contribuzione, visto l\u2019aggancio del requisito all\u2019attesa di vita, potranno accedere al pensionamento solo dopo i 71 anni di et\u00e0 e oltre&#8221;.<\/p>\n<p>D\u2019altra parte che il governo non sia interessato a <strong>costruire un sistema previdenziale equo<\/strong> lo dimostrano anche gli altri provvedimenti in materia contenuti nella legge di bilancio, come quello addirittura offensivo dell\u2019aumento\u00a0della maggiorazione sociale di 8 euro al mese.<\/p>\n<p>&#8220;<strong>Servono interventi strutturali <\/strong>per garantire pensioni dignitose a chi ha svolto lavori faticosi e a chi ha retribuzioni basse, e per riconoscere il lavoro di cura. Bisogna affrontare l\u2019emergenza salariale e lavorativa, che incide direttamente sulla sostenibilit\u00e0 previdenziale\u201d, conclude Ghiglione.<\/p>\n<p>Related news: <a href=\"https:\/\/www.ilsole24ore.com\/art\/pensioni-vecchiaia-e-anticipi-doppio-raccordo-l-integrativa-AGni7dqB?refresh_ce=1\" target=\"_blank\" rel=\"noopener\">Il Sole 24ORE. Pensioni, vecchiaia e anticipi: doppio binario a 64 anni con l\u2019integrativa<\/a><\/p>\n<hr \/>\n<p>Note:<\/p>\n<p class=\"maggiolidxp-editorial-box-paragraph text-read-paragraph\"><em>L\u2019emendamento approvato in Commissione Bilancio della Camera ed \u00e8 stato promosso dalla Lega, con la firma della deputata Tiziana Nisini. Il testo introduce nella <a href=\"https:\/\/www.leggioggi.it\/legge-di-bilancio-2025-le-misure-approvate\/\" target=\"_blank\" rel=\"noopener\">Legge di bilancio 2025<\/a> una misura <img loading=\"lazy\" decoding=\"async\" class=\"wp-image-79562 alignright\" src=\"https:\/\/www.fedaiisf.it\/wp-content\/uploads\/2024\/12\/pensione-a-64-anni-novita.jpg\" alt=\"\" width=\"312\" height=\"176\" srcset=\"https:\/\/www.fedaiisf.it\/wp-content\/uploads\/2024\/12\/pensione-a-64-anni-novita.jpg 1956w, https:\/\/www.fedaiisf.it\/wp-content\/uploads\/2024\/12\/pensione-a-64-anni-novita-300x169.jpg 300w, https:\/\/www.fedaiisf.it\/wp-content\/uploads\/2024\/12\/pensione-a-64-anni-novita-1024x576.jpg 1024w, https:\/\/www.fedaiisf.it\/wp-content\/uploads\/2024\/12\/pensione-a-64-anni-novita-768x432.jpg 768w, https:\/\/www.fedaiisf.it\/wp-content\/uploads\/2024\/12\/pensione-a-64-anni-novita-1536x865.jpg 1536w, https:\/\/www.fedaiisf.it\/wp-content\/uploads\/2024\/12\/pensione-a-64-anni-novita-18x10.jpg 18w, https:\/\/www.fedaiisf.it\/wp-content\/uploads\/2024\/12\/pensione-a-64-anni-novita-390x220.jpg 390w\" sizes=\"auto, (max-width: 312px) 100vw, 312px\" \/>che permette ai lavoratori interamente contributivi (cio\u00e8 coloro che hanno iniziato a lavorare dopo il 31 dicembre 1995) di accedere a u<strong>n pensionamento anticipato a partire dai 64 anni di et\u00e0<\/strong>, grazie all\u2019uso della <strong>previdenza complementare<\/strong>. <\/em><\/p>\n<p><em>La rendita della pensione integrativa potr\u00e0 essere utilizzata per raggiungere un importo pensionistico pari a tre volte l\u2019assegno sociale, a condizione di avere almeno 25 anni di contributi dal 2025 e <strong>30 anni a partire dal 2030<\/strong>. Inoltre, l\u2019emendamento prevede sconti per le lavoratrici con figli.<\/em><\/p>\n<p class=\"maggiolidxp-editorial-box-paragraph text-read-paragraph\"><em>Il sottosegretario al Lavoro, Claudio Durigon, ha sottolineato che questa riforma introduce per la prima volta la possibilit\u00e0 di cumulare la previdenza obbligatoria e quella complementare per anticipare la pensione.<\/em><\/p>\n<p>Inoltre, l\u2019emendamento prevede sconti per le lavoratrici con figli. A partire dal 2026, la Lega propone di estendere questa misura anche ai lavoratori con un <strong>regime mist<\/strong>o, ovvero quelli con carriera previdenziale iniziata prima del 1996, con la possibilit\u00e0 di coinvolgere circa 80.000 persone, ma con un costo potenziale superiore al miliardo di euro.<\/p>","protected":false},"excerpt":{"rendered":"<p>In pensione a 64 anni? S\u00ec, ma solo se te la paghi tu Sar\u00e0 possibile sommando pensione obbligatoria e complementare per raggiungere l\u2019importo minimo. In realt\u00e0 la Fornero verr\u00e0 peggiorata, perch\u00e9 dal 2025 questa soglia minima salir\u00e0 a 3,2 volte l\u2019assegno sociale Stefano Lucci per Collettiva &#8211; 18 dicembre 2024 Cosa non si fa per &hellip;<\/p>","protected":false},"author":4,"featured_media":79563,"comment_status":"closed","ping_status":"closed","sticky":false,"template":"","format":"standard","meta":{"footnotes":""},"categories":[1],"tags":[41],"class_list":["post-79557","post","type-post","status-publish","format-standard","has-post-thumbnail","hentry","category-notizie","tag-leggisentenze"],"amp_enabled":true,"_links":{"self":[{"href":"https:\/\/www.fedaiisf.it\/en\/wp-json\/wp\/v2\/posts\/79557","targetHints":{"allow":["GET"]}}],"collection":[{"href":"https:\/\/www.fedaiisf.it\/en\/wp-json\/wp\/v2\/posts"}],"about":[{"href":"https:\/\/www.fedaiisf.it\/en\/wp-json\/wp\/v2\/types\/post"}],"author":[{"embeddable":true,"href":"https:\/\/www.fedaiisf.it\/en\/wp-json\/wp\/v2\/users\/4"}],"replies":[{"embeddable":true,"href":"https:\/\/www.fedaiisf.it\/en\/wp-json\/wp\/v2\/comments?post=79557"}],"version-history":[{"count":6,"href":"https:\/\/www.fedaiisf.it\/en\/wp-json\/wp\/v2\/posts\/79557\/revisions"}],"predecessor-version":[{"id":79565,"href":"https:\/\/www.fedaiisf.it\/en\/wp-json\/wp\/v2\/posts\/79557\/revisions\/79565"}],"wp:featuredmedia":[{"embeddable":true,"href":"https:\/\/www.fedaiisf.it\/en\/wp-json\/wp\/v2\/media\/79563"}],"wp:attachment":[{"href":"https:\/\/www.fedaiisf.it\/en\/wp-json\/wp\/v2\/media?parent=79557"}],"wp:term":[{"taxonomy":"category","embeddable":true,"href":"https:\/\/www.fedaiisf.it\/en\/wp-json\/wp\/v2\/categories?post=79557"},{"taxonomy":"post_tag","embeddable":true,"href":"https:\/\/www.fedaiisf.it\/en\/wp-json\/wp\/v2\/tags?post=79557"}],"curies":[{"name":"wp","href":"https:\/\/api.w.org\/{rel}","templated":true}]}}