{"id":79696,"date":"2025-01-04T10:52:23","date_gmt":"2025-01-04T09:52:23","guid":{"rendered":"https:\/\/www.fedaiisf.it\/?p=79696"},"modified":"2025-01-09T19:29:35","modified_gmt":"2025-01-09T18:29:35","slug":"grave-lutto-alla-sez-aiisf-cosenza-e-venuto-a-mancare-il-giovane-collega-angelo-viafora","status":"publish","type":"post","link":"https:\/\/www.fedaiisf.it\/en\/grave-lutto-alla-sez-aiisf-cosenza-e-venuto-a-mancare-il-giovane-collega-angelo-viafora\/","title":{"rendered":"Grave lutto alla Sez. AIISF Cosenza. E&#8217; venuto a mancare il giovane collega Angelo Viafora"},"content":{"rendered":"<p><span style=\"font-size: 14pt; color: #000000;\">\u00c8 venuto a mancare, nella Sezione Provinciale AIISF di Cosenza, il giovane Collega Angelo Viafora.<\/span><\/p>\n<p><span style=\"font-size: 14pt; color: #000000;\"><img loading=\"lazy\" decoding=\"async\" class=\"wp-image-79702 alignright\" src=\"https:\/\/www.fedaiisf.it\/wp-content\/uploads\/2025\/01\/angelo-viafora-cosenza.jpg\" alt=\"\" width=\"345\" height=\"352\" srcset=\"https:\/\/www.fedaiisf.it\/wp-content\/uploads\/2025\/01\/angelo-viafora-cosenza.jpg 1077w, https:\/\/www.fedaiisf.it\/wp-content\/uploads\/2025\/01\/angelo-viafora-cosenza-295x300.jpg 295w, https:\/\/www.fedaiisf.it\/wp-content\/uploads\/2025\/01\/angelo-viafora-cosenza-1005x1024.jpg 1005w, https:\/\/www.fedaiisf.it\/wp-content\/uploads\/2025\/01\/angelo-viafora-cosenza-768x782.jpg 768w, https:\/\/www.fedaiisf.it\/wp-content\/uploads\/2025\/01\/angelo-viafora-cosenza-12x12.jpg 12w\" sizes=\"auto, (max-width: 345px) 100vw, 345px\" \/>Collega apprezzato da tutti per la sua gentilezza nel porgersi agli altri, per la sua umanit\u00e0 e per la sua disponibilit\u00e0. <\/span><\/p>\n<p><span style=\"font-size: 14pt; color: #000000;\">Professionista serio e scrupoloso, uomo benvoluto ed amato.<\/span><\/p>\n<p><span style=\"font-size: 14pt; color: #000000;\">Un triste destino ha voluto che ci lasciasse cos\u00ec precocemente.<\/span><\/p>\n<p><span style=\"font-size: 14pt; color: #000000;\">Il suo ricordo rimarr\u00e0, indelebile, nel cuore di chi lo ha conosciuto.<\/span><\/p>\n<p><span style=\"font-size: 14pt; color: #000000;\">Alla famiglia una vicinanza, con il cuore.<\/span><\/p>\n<p>Comunicato Sez. AIISF Cosenza<br \/>\n&#8211; Federata Fedaiisf &#8211;<\/p>\n<hr \/>\n<p><em>La Redazione e tutta Fedaiisf si uniscono ai colleghi di Cosenza nell&#8217;esprimere le pi\u00f9 sentite condoglianze ai familiari del caro collega Angelo Viafora<\/em><\/p>","protected":false},"excerpt":{"rendered":"<p>\u00c8 venuto a mancare, nella Sezione Provinciale AIISF di Cosenza, il giovane Collega Angelo Viafora. Collega apprezzato da tutti per la sua gentilezza nel porgersi agli altri, per la sua umanit\u00e0 e per la sua disponibilit\u00e0. Professionista serio e scrupoloso, uomo benvoluto ed amato. Un triste destino ha voluto che ci lasciasse cos\u00ec precocemente. Il &hellip;<\/p>","protected":false},"author":4,"featured_media":79701,"comment_status":"closed","ping_status":"closed","sticky":false,"template":"","format":"standard","meta":{"footnotes":""},"categories":[14,16],"tags":[45],"class_list":["post-79696","post","type-post","status-publish","format-standard","has-post-thumbnail","hentry","category-news-fedaiisf","category-primo-piano","tag-fedaiisf"],"amp_enabled":true,"_links":{"self":[{"href":"https:\/\/www.fedaiisf.it\/en\/wp-json\/wp\/v2\/posts\/79696","targetHints":{"allow":["GET"]}}],"collection":[{"href":"https:\/\/www.fedaiisf.it\/en\/wp-json\/wp\/v2\/posts"}],"about":[{"href":"https:\/\/www.fedaiisf.it\/en\/wp-json\/wp\/v2\/types\/post"}],"author":[{"embeddable":true,"href":"https:\/\/www.fedaiisf.it\/en\/wp-json\/wp\/v2\/users\/4"}],"replies":[{"embeddable":true,"href":"https:\/\/www.fedaiisf.it\/en\/wp-json\/wp\/v2\/comments?post=79696"}],"version-history":[{"count":5,"href":"https:\/\/www.fedaiisf.it\/en\/wp-json\/wp\/v2\/posts\/79696\/revisions"}],"predecessor-version":[{"id":79704,"href":"https:\/\/www.fedaiisf.it\/en\/wp-json\/wp\/v2\/posts\/79696\/revisions\/79704"}],"wp:featuredmedia":[{"embeddable":true,"href":"https:\/\/www.fedaiisf.it\/en\/wp-json\/wp\/v2\/media\/79701"}],"wp:attachment":[{"href":"https:\/\/www.fedaiisf.it\/en\/wp-json\/wp\/v2\/media?parent=79696"}],"wp:term":[{"taxonomy":"category","embeddable":true,"href":"https:\/\/www.fedaiisf.it\/en\/wp-json\/wp\/v2\/categories?post=79696"},{"taxonomy":"post_tag","embeddable":true,"href":"https:\/\/www.fedaiisf.it\/en\/wp-json\/wp\/v2\/tags?post=79696"}],"curies":[{"name":"wp","href":"https:\/\/api.w.org\/{rel}","templated":true}]}}