{"id":79910,"date":"2025-01-23T11:17:12","date_gmt":"2025-01-23T10:17:12","guid":{"rendered":"https:\/\/www.fedaiisf.it\/?p=79910"},"modified":"2025-01-23T11:21:39","modified_gmt":"2025-01-23T10:21:39","slug":"in-memoria-di-gian-paolo-brancolini","status":"publish","type":"post","link":"https:\/\/www.fedaiisf.it\/en\/in-memoria-di-gian-paolo-brancolini\/","title":{"rendered":"In memoria di Gian Paolo Brancolini"},"content":{"rendered":"<p><span style=\"font-size: 14pt; color: #000000;\">Oggi Gian Paolo avrebbe compiuto ottantanove anni. Gli auguri sarebbero arrivati, come sempre, con una telefonata, anticipando una visita nella sua bellissima casa, che sarebbe giunta nei giorni a venire.<\/span><\/p>\n<p><span style=\"font-size: 14pt; color: #000000;\"><img loading=\"lazy\" decoding=\"async\" class=\"wp-image-56449 alignright\" src=\"https:\/\/www.fedaiisf.it\/wp-content\/uploads\/2021\/02\/Brancolini.jpeg\" alt=\"\" width=\"233\" height=\"144\" srcset=\"https:\/\/www.fedaiisf.it\/wp-content\/uploads\/2021\/02\/Brancolini.jpeg 641w, https:\/\/www.fedaiisf.it\/wp-content\/uploads\/2021\/02\/Brancolini-300x185.jpeg 300w\" sizes=\"auto, (max-width: 233px) 100vw, 233px\" \/>Anno dopo anno il tono della voce si faceva sempre pi\u00f9 fievole, in contrapposizione alle considerazioni sempre pi\u00f9 acute e degne di ascolto. Perch\u00e8 Gian Paolo sapeva rendere attuali e degne di curiosit\u00e0 le sue esperienze di vita vissuta, senza mai annoiare l&#8217;interlocutore.<\/span><\/p>\n<p><span style=\"font-size: 14pt; color: #000000;\">Ogni suo scritto, fosse un articolo piuttosto che un libro, doveva essere sottoposto al mio giudizio, prima della pubblicazione. Gli sono sempre <img loading=\"lazy\" decoding=\"async\" class=\"wp-image-79921 alignleft\" src=\"https:\/\/www.fedaiisf.it\/wp-content\/uploads\/2025\/01\/Screenshot-2025-01-23-alle-10.16.15.png\" alt=\"\" width=\"206\" height=\"403\" srcset=\"https:\/\/www.fedaiisf.it\/wp-content\/uploads\/2025\/01\/Screenshot-2025-01-23-alle-10.16.15.png 466w, https:\/\/www.fedaiisf.it\/wp-content\/uploads\/2025\/01\/Screenshot-2025-01-23-alle-10.16.15-153x300.png 153w, https:\/\/www.fedaiisf.it\/wp-content\/uploads\/2025\/01\/Screenshot-2025-01-23-alle-10.16.15-6x12.png 6w\" sizes=\"auto, (max-width: 206px) 100vw, 206px\" \/>stato grato di questa benevolenza, sottolineandogli di non essere degno di questo privilegio. Lui era il Maestro, non solo per me, ma per quanti lo hanno frequentato in un lungo cammino umano e professionale.<\/span><\/p>\n<p><span style=\"font-size: 14pt; color: #000000;\">La sua ultima pubblicazione &#8220;Letture per un giorno di pioggia&#8221;, inviatami in anteprima, \u00e8 il suo testamento spirituale. Riporto<strong> l&#8217;epilogo<\/strong> del libro per i tanti che gli hanno voluto bene.<\/span><\/p>\n<p><span style=\"font-size: 14pt; color: #000000;\">Andrea Veneranda<\/span><\/p>\n<hr \/>\n<p>&nbsp;<\/p>\n<p><img loading=\"lazy\" decoding=\"async\" class=\"wp-image-79923 aligncenter\" src=\"https:\/\/www.fedaiisf.it\/wp-content\/uploads\/2025\/01\/epilogo-di-brancolini.png\" alt=\"\" width=\"413\" height=\"519\" srcset=\"https:\/\/www.fedaiisf.it\/wp-content\/uploads\/2025\/01\/epilogo-di-brancolini.png 1124w, https:\/\/www.fedaiisf.it\/wp-content\/uploads\/2025\/01\/epilogo-di-brancolini-238x300.png 238w, https:\/\/www.fedaiisf.it\/wp-content\/uploads\/2025\/01\/epilogo-di-brancolini-814x1024.png 814w, https:\/\/www.fedaiisf.it\/wp-content\/uploads\/2025\/01\/epilogo-di-brancolini-768x966.png 768w, https:\/\/www.fedaiisf.it\/wp-content\/uploads\/2025\/01\/epilogo-di-brancolini-10x12.png 10w\" sizes=\"auto, (max-width: 413px) 100vw, 413px\" \/><\/p>\n<hr \/>\n<p>Related news: <a href=\"https:\/\/www.fedaiisf.it\/en\/e-scomparso-gian-paolo-brancolini-storico-direttore-editoriale-di-algoritmi-il-bollettino-ufficiale-aiisf\/\" target=\"_blank\" rel=\"noopener\">Gian Paolo Brancolini has disappeared. Historical editorial director of Algoritmi, the official AIISF bulletin<\/a><\/p>\n<p>&nbsp;<\/p>\n<p>&nbsp;<\/p>","protected":false},"excerpt":{"rendered":"<p>Oggi Gian Paolo avrebbe compiuto ottantanove anni. Gli auguri sarebbero arrivati, come sempre, con una telefonata, anticipando una visita nella sua bellissima casa, che sarebbe giunta nei giorni a venire. Anno dopo anno il tono della voce si faceva sempre pi\u00f9 fievole, in contrapposizione alle considerazioni sempre pi\u00f9 acute e degne di ascolto. Perch\u00e8 Gian &hellip;<\/p>","protected":false},"author":4,"featured_media":79918,"comment_status":"closed","ping_status":"closed","sticky":false,"template":"","format":"standard","meta":{"footnotes":""},"categories":[1],"tags":[45],"class_list":["post-79910","post","type-post","status-publish","format-standard","has-post-thumbnail","hentry","category-notizie","tag-fedaiisf"],"amp_enabled":true,"_links":{"self":[{"href":"https:\/\/www.fedaiisf.it\/en\/wp-json\/wp\/v2\/posts\/79910","targetHints":{"allow":["GET"]}}],"collection":[{"href":"https:\/\/www.fedaiisf.it\/en\/wp-json\/wp\/v2\/posts"}],"about":[{"href":"https:\/\/www.fedaiisf.it\/en\/wp-json\/wp\/v2\/types\/post"}],"author":[{"embeddable":true,"href":"https:\/\/www.fedaiisf.it\/en\/wp-json\/wp\/v2\/users\/4"}],"replies":[{"embeddable":true,"href":"https:\/\/www.fedaiisf.it\/en\/wp-json\/wp\/v2\/comments?post=79910"}],"version-history":[{"count":11,"href":"https:\/\/www.fedaiisf.it\/en\/wp-json\/wp\/v2\/posts\/79910\/revisions"}],"predecessor-version":[{"id":79927,"href":"https:\/\/www.fedaiisf.it\/en\/wp-json\/wp\/v2\/posts\/79910\/revisions\/79927"}],"wp:featuredmedia":[{"embeddable":true,"href":"https:\/\/www.fedaiisf.it\/en\/wp-json\/wp\/v2\/media\/79918"}],"wp:attachment":[{"href":"https:\/\/www.fedaiisf.it\/en\/wp-json\/wp\/v2\/media?parent=79910"}],"wp:term":[{"taxonomy":"category","embeddable":true,"href":"https:\/\/www.fedaiisf.it\/en\/wp-json\/wp\/v2\/categories?post=79910"},{"taxonomy":"post_tag","embeddable":true,"href":"https:\/\/www.fedaiisf.it\/en\/wp-json\/wp\/v2\/tags?post=79910"}],"curies":[{"name":"wp","href":"https:\/\/api.w.org\/{rel}","templated":true}]}}