{"id":79928,"date":"2025-01-24T11:24:58","date_gmt":"2025-01-24T10:24:58","guid":{"rendered":"https:\/\/www.fedaiisf.it\/?p=79928"},"modified":"2025-01-30T11:55:09","modified_gmt":"2025-01-30T10:55:09","slug":"calabria-salvato-un-bimbo-di-due-anni-grazie-alle-manovre-di-rianimazione-lintervento-di-un-isf","status":"publish","type":"post","link":"https:\/\/www.fedaiisf.it\/en\/calabria-salvato-un-bimbo-di-due-anni-grazie-alle-manovre-di-rianimazione-lintervento-di-un-isf\/","title":{"rendered":"Calabria. Salvato un bimbo di due anni grazie alle manovre di rianimazione. L&#8217;intervento di un ISF"},"content":{"rendered":"<p>I colleghi calabresi ci segnalano l&#8217;intervento di un informatore scientifico a Cir\u00f2 Marina che ha contribuito con il pediatra Dr. Salvatore Senatore a salvare la vita ad un bimbo di due anni e tre mesi<\/p>\n<p>I fatti<\/p>\n<p><img loading=\"lazy\" decoding=\"async\" class=\"wp-image-79931 alignright\" src=\"https:\/\/www.fedaiisf.it\/wp-content\/uploads\/2025\/01\/Screenshot-2025-01-23-alle-20.39.26.png\" alt=\"\" width=\"241\" height=\"425\" srcset=\"https:\/\/www.fedaiisf.it\/wp-content\/uploads\/2025\/01\/Screenshot-2025-01-23-alle-20.39.26.png 648w, https:\/\/www.fedaiisf.it\/wp-content\/uploads\/2025\/01\/Screenshot-2025-01-23-alle-20.39.26-170x300.png 170w, https:\/\/www.fedaiisf.it\/wp-content\/uploads\/2025\/01\/Screenshot-2025-01-23-alle-20.39.26-580x1024.png 580w, https:\/\/www.fedaiisf.it\/wp-content\/uploads\/2025\/01\/Screenshot-2025-01-23-alle-20.39.26-7x12.png 7w\" sizes=\"auto, (max-width: 241px) 100vw, 241px\" \/>Testimoni raccontano che i genitori del bambino avevano portato il piccolo ad una visita dal pediatra. Il Dr. Salvatore Senatore dopo la visita constatava che il bambino era in arresto cardiorespiratorio. il pediatra ha chiamato il 118 e ha iniziato le manovre di rianimazione.<\/p>\n<p>Per accelerare i tempi ha accettato il passaggio in auto da un informatore scientifico che era nel suo studio per andare incontro all&#8217;ambulanza.<\/p>\n<p>All&#8217;altezza di Strongoli l&#8217;incontro con l&#8217;ambulanza che ha preso a bordo il bimbo che nel frattempo, grazie alle manovre di rianimazione, aveva ripreso a respirare normalmente ed \u00e8 stato trasportato all&#8217;ospedale di Crotone.<\/p>\n<p>L&#8217;episodio conferma quanto sia importante per i medici e per il personale sanitario, in genere, saper praticare le manovre di rianimazione e saper usare all&#8217;occorrenza il defibrillatore. Gli amministratori di Cir\u00f2 Marina hanno espresso la volont\u00e0 di installare defibrillatori nelle zone pi\u00f9 frequentate.<\/p>\n<p>I colleghi calabresi vogliono con questa nota ringraziare la professionalit\u00e0 e la sensibilit\u00e0 di un nostro \u201csocio\u201d per far s\u00ec che tutto sia andato bene!<\/p>\n<p>&#8220;Queste sono notizie &#8211; concludono gli ISF calabresi &#8211; che ci rendono orgogliosi del nostro lavoro e ci permettono di evidenziare all\u2019opinione pubblica la nostra utilit\u00e0 e presenza nei vari studi medici\u2026&#8221;<\/p>\n<p>Related news: <a href=\"https:\/\/www.fedaiisf.it\/en\/calabria-aiisf-crotone-catanzaro-vibo-secondo-corso-blsd-per-informatori\/#google_vignette\" target=\"_blank\" rel=\"noopener\">Calabria. AIISF Crotone Catanzaro Vibo. Secondo corso BLSD per informatori<\/a><\/p>","protected":false},"excerpt":{"rendered":"<p>I colleghi calabresi ci segnalano l&#8217;intervento di un informatore scientifico a Cir\u00f2 Marina che ha contribuito con il pediatra Dr. Salvatore Senatore a salvare la vita ad un bimbo di due anni e tre mesi I fatti Testimoni raccontano che i genitori del bambino avevano portato il piccolo ad una visita dal pediatra. Il Dr. &hellip;<\/p>","protected":false},"author":4,"featured_media":79938,"comment_status":"closed","ping_status":"closed","sticky":false,"template":"","format":"standard","meta":{"footnotes":""},"categories":[16],"tags":[45],"class_list":["post-79928","post","type-post","status-publish","format-standard","has-post-thumbnail","hentry","category-primo-piano","tag-fedaiisf"],"amp_enabled":true,"_links":{"self":[{"href":"https:\/\/www.fedaiisf.it\/en\/wp-json\/wp\/v2\/posts\/79928","targetHints":{"allow":["GET"]}}],"collection":[{"href":"https:\/\/www.fedaiisf.it\/en\/wp-json\/wp\/v2\/posts"}],"about":[{"href":"https:\/\/www.fedaiisf.it\/en\/wp-json\/wp\/v2\/types\/post"}],"author":[{"embeddable":true,"href":"https:\/\/www.fedaiisf.it\/en\/wp-json\/wp\/v2\/users\/4"}],"replies":[{"embeddable":true,"href":"https:\/\/www.fedaiisf.it\/en\/wp-json\/wp\/v2\/comments?post=79928"}],"version-history":[{"count":8,"href":"https:\/\/www.fedaiisf.it\/en\/wp-json\/wp\/v2\/posts\/79928\/revisions"}],"predecessor-version":[{"id":79939,"href":"https:\/\/www.fedaiisf.it\/en\/wp-json\/wp\/v2\/posts\/79928\/revisions\/79939"}],"wp:featuredmedia":[{"embeddable":true,"href":"https:\/\/www.fedaiisf.it\/en\/wp-json\/wp\/v2\/media\/79938"}],"wp:attachment":[{"href":"https:\/\/www.fedaiisf.it\/en\/wp-json\/wp\/v2\/media?parent=79928"}],"wp:term":[{"taxonomy":"category","embeddable":true,"href":"https:\/\/www.fedaiisf.it\/en\/wp-json\/wp\/v2\/categories?post=79928"},{"taxonomy":"post_tag","embeddable":true,"href":"https:\/\/www.fedaiisf.it\/en\/wp-json\/wp\/v2\/tags?post=79928"}],"curies":[{"name":"wp","href":"https:\/\/api.w.org\/{rel}","templated":true}]}}