{"id":80162,"date":"2025-02-11T18:24:29","date_gmt":"2025-02-11T17:24:29","guid":{"rendered":"https:\/\/www.fedaiisf.it\/?p=80162"},"modified":"2025-02-11T18:24:29","modified_gmt":"2025-02-11T17:24:29","slug":"pubblicati-i-dati-2023-su-attivita-servizi-e-strutture-del-servizio-sanitario-nazionale","status":"publish","type":"post","link":"https:\/\/www.fedaiisf.it\/en\/pubblicati-i-dati-2023-su-attivita-servizi-e-strutture-del-servizio-sanitario-nazionale\/","title":{"rendered":"Pubblicati i dati 2023 su attivit\u00e0, servizi e strutture del Servizio Sanitario Nazionale"},"content":{"rendered":"<p>Continua a crescere nel 2023 il <strong>numero di medici generici<\/strong> con anzianit\u00e0 di laurea nella fascia 0-6 anni, con un <strong>incremento percentuale del 35,8% rispetto al 2022<\/strong> e con un aumento ancor pi\u00f9 significativo considerando il biennio 2021-2023 (+154,6%).<\/p>\n<p><img loading=\"lazy\" decoding=\"async\" class=\"size-full wp-image-80164 aligncenter\" src=\"https:\/\/www.fedaiisf.it\/wp-content\/uploads\/2025\/02\/Screenshot-2025-02-11-alle-17.56.45.png\" alt=\"\" width=\"1612\" height=\"708\" srcset=\"https:\/\/www.fedaiisf.it\/wp-content\/uploads\/2025\/02\/Screenshot-2025-02-11-alle-17.56.45.png 1612w, https:\/\/www.fedaiisf.it\/wp-content\/uploads\/2025\/02\/Screenshot-2025-02-11-alle-17.56.45-300x132.png 300w, https:\/\/www.fedaiisf.it\/wp-content\/uploads\/2025\/02\/Screenshot-2025-02-11-alle-17.56.45-1024x450.png 1024w, https:\/\/www.fedaiisf.it\/wp-content\/uploads\/2025\/02\/Screenshot-2025-02-11-alle-17.56.45-768x337.png 768w, https:\/\/www.fedaiisf.it\/wp-content\/uploads\/2025\/02\/Screenshot-2025-02-11-alle-17.56.45-1536x675.png 1536w, https:\/\/www.fedaiisf.it\/wp-content\/uploads\/2025\/02\/Screenshot-2025-02-11-alle-17.56.45-18x8.png 18w\" sizes=\"auto, (max-width: 1612px) 100vw, 1612px\" \/>Queste e molte altre informazioni statistiche, relative all\u2019anno 2023, sono presenti all\u2019interno dell\u2019ultima edizione dell\u2019<strong>Annuario statistico del Servizio Sanitario Nazionale<\/strong>, realizzato dall\u2019Ufficio di Statistica del Ministero della Salute.<\/p>\n<p>La pubblicazione presenta i dati statistici sulle strutture della rete di offerta sanitaria e sui servizi connessi, sulle caratteristiche organizzative, sui fattori produttivi e i dati sull&#8217;attivit\u00e0 di assistenza territoriale e ospedaliera.<\/p>\n<p>A partire dall\u2019anno 2023, la pubblicazione \u00e8 stata arricchita da uno specifico<strong> focus sulla riforma dell\u2019assistenza territoriale<\/strong> ex Decreto del Ministero della Salute del 23 Maggio 2022, n. 77, che contiene importanti informazioni circa la distribuzione regionale della Case della Comunit\u00e0, delle Centrali Operative Territoriali e degli Ospedali di Comunit\u00e0.<\/p>\n<h4><strong>Strutture della rete di offerta<\/strong><\/h4>\n<p>Le strutture di ricovero pubbliche e private accreditate mostrano un trend lineare nel corso degli anni 2016-2023 e sono cos\u00ec ripartite:<\/p>\n<ul>\n<li><img loading=\"lazy\" decoding=\"async\" class=\"wp-image-80166 alignright\" src=\"https:\/\/www.fedaiisf.it\/wp-content\/uploads\/2025\/02\/Screenshot-2025-02-11-alle-18.07.43.png\" alt=\"\" width=\"254\" height=\"167\" srcset=\"https:\/\/www.fedaiisf.it\/wp-content\/uploads\/2025\/02\/Screenshot-2025-02-11-alle-18.07.43.png 554w, https:\/\/www.fedaiisf.it\/wp-content\/uploads\/2025\/02\/Screenshot-2025-02-11-alle-18.07.43-300x197.png 300w, https:\/\/www.fedaiisf.it\/wp-content\/uploads\/2025\/02\/Screenshot-2025-02-11-alle-18.07.43-18x12.png 18w\" sizes=\"auto, (max-width: 254px) 100vw, 254px\" \/>996 strutture dedicate ad <strong>assistenza ospedaliera<\/strong><\/li>\n<li>9.121 strutture che erogano <strong>assistenza specialistica ambulatoriale<\/strong> (+0.4 % rispetto al 2022)<\/li>\n<li>11.306 strutture che erogano <strong>assistenza territoriale residenziale o semiresidenziale<\/strong> (+1,2% rispetto al 2022)<\/li>\n<li>6.760 strutture che erogano altra <strong>assistenza territoriale<\/strong><\/li>\n<li>1.203 istituti dedicati ad <strong>assistenza riabilitativa<\/strong> (+1,9% rispetto al 2022).<\/li>\n<\/ul>\n<h4><strong>Strutture sanitarie territoriali<\/strong><\/h4>\n<p>Nel 2023 sono state censite<strong> 8.114 strutture residenziali<\/strong>, <strong>3.192 strutture di tipo semiresidenziale<\/strong>, 6.760 strutture di altro tipo (come centri di salute mentale, consultori, stabilimenti idrotermali). Con riferimento alle strutture residenziali e semiresidenziali sono stati censiti 326.575 posti, pari a 554 per 100.000 abitanti, in lieve aumento rispetto al 2022. Di questi il 70,1% sono stati dedicati all\u2019assistenza agli anziani, l\u201911,2% all\u2019assistenza psichiatrica, il 16,8% all\u2019assistenza ai disabili psichici e fisici, 1,1% ai pazienti terminali e 0.7% all\u2019assistenza di neuropsichiatria infantile e dell\u2019adolescenza.<\/p>\n<p>Nel 2023 sono state rilevate <strong>1.203 strutture riabilitative<\/strong> con 14.470 posti per l\u2019attivit\u00e0 di tipo residenziale e 13.239 per l\u2019attivit\u00e0 di tipo semiresidenziale. Nel complesso in Italia sono presenti 47 posti in strutture riabilitative ogni 100.000 abitanti.<\/p>\n<h4>Strutture di ricovero e cura<\/h4>\n<p>Il Servizio Sanitario Nazionale dispone di <strong>194.408 posti letto<\/strong> per degenza ordinaria, di cui il 21,1% nelle strutture private accreditate, 11.700 posti per day hospital, quasi totalmente pubblici (89,3%) e di 8.174 posti per day surgery in grande prevalenza pubblici (77,2 %).<\/p>\n<p>A livello nazionale sono disponibili <strong>3.6 posti letto ogni 1.000 abitanti<\/strong>, in particolare i posti letto dedicati all\u2019attivit\u00e0 per acuti sono 3,1 ogni 1.000 abitanti.<\/p>\n<p>Particolare interesse ha rivestito di recente l\u2019area dell\u2019emergenza: il 55,6 % degli ospedali pubblici risulta dotato nel 2023 di un dipartimento di emergenza e una quota sempre maggiore di strutture di ricovero pubbliche (69,5 %) \u00e8 dotata di un centro di rianimazione.<\/p>\n<p><img loading=\"lazy\" decoding=\"async\" class=\"wp-image-80168 alignleft\" src=\"https:\/\/www.fedaiisf.it\/wp-content\/uploads\/2025\/02\/Screenshot-2025-02-11-alle-18.04.36.png\" alt=\"\" width=\"253\" height=\"102\" srcset=\"https:\/\/www.fedaiisf.it\/wp-content\/uploads\/2025\/02\/Screenshot-2025-02-11-alle-18.04.36.png 436w, https:\/\/www.fedaiisf.it\/wp-content\/uploads\/2025\/02\/Screenshot-2025-02-11-alle-18.04.36-300x121.png 300w, https:\/\/www.fedaiisf.it\/wp-content\/uploads\/2025\/02\/Screenshot-2025-02-11-alle-18.04.36-18x7.png 18w\" sizes=\"auto, (max-width: 253px) 100vw, 253px\" \/>Nel complesso, nel 2023 sono state effettuate nelle strutture pubbliche e private accreditate poco pi\u00f9 di <strong>48 milioni di giornate di degenza<\/strong> e un ammontare totale di ricoveri per acuti in regime ordinario di circa 5.443.848 giornate<\/p>\n<p>Dagli indicatori emerge un assestamento della degenza media (pari nei reparti pubblici a 7,6 giorni) e del tasso di utilizzo (pari al 79,9% valore medio nazionale), sia nei reparti per acuti che in quelli dedicati all\u2019attivit\u00e0 di riabilitazione e lungodegenza, osservando la stessa tendenza tra istituti pubblici e istituti privati accreditati.<\/p>\n<h4><strong>Focus Riforma dell&#8217;Assistenza territoriale<\/strong><\/h4>\n<p>Il focus riassume, per l\u2019anno 2023, la distribuzione regionale relativa alla numerosit\u00e0 di <strong>Case della Comunit\u00e0 <\/strong>(CdC),<strong> Centrali Operative Territoriali<\/strong> (COT) e <strong>Community hospitals <\/strong>(OdC). I dati, seppur non popolati da tutte le regioni, sono affiancate a un confronto con gli stessi dati relativi all\u2019anno 2024. I risultati di questo focus preliminare possono essere racchiusi nei seguenti <em>highlights<\/em>:<\/p>\n<ul>\n<li>nell\u2019anno 2023 tre regioni hanno valorizzato la modalit\u00e0 Casa della Comunit\u00e0 all\u2019interno del quadro G del modello STS11 per un totale di 127 Case della Comunit\u00e0. L\u2019Emilia Romagna \u00e8 la regione con il numero pi\u00f9 elevato di strutture (121 nel 2023 e 123 nel 2024)<\/li>\n<li>le Centrali Operative Territoriali contano nel 2024 una numerosit\u00e0 pari a 590, non evidenziando particolari trend spaziali. In particolare, si segnala un aumento notevole nelle regioni Veneto (+55), Lazio (+49) ed Emilia Romagna (+35) rispetto al 2023<\/li>\n<li>nel biennio 2023-2024 la numerosit\u00e0 assoluta degli Ospedali di Comunit\u00e0 \u00e8 pi\u00f9 che raddoppiata, passando da 57 nel 2023 a 120 nel 2024 L\u2019ampiezza degli OdC denota una certa disomogeneit\u00e0 regionale.<\/li>\n<\/ul>\n<p class=\"p1\"><b>L\u2019assistenza farmaceutica convenzionata <\/b>consiste nella fornitura di specialit\u00e0 <img loading=\"lazy\" decoding=\"async\" class=\"wp-image-63129 alignright\" src=\"https:\/\/www.fedaiisf.it\/wp-content\/uploads\/2022\/03\/ricetta-ambulatorio.jpeg\" alt=\"\" width=\"269\" height=\"179\" srcset=\"https:\/\/www.fedaiisf.it\/wp-content\/uploads\/2022\/03\/ricetta-ambulatorio.jpeg 1536w, https:\/\/www.fedaiisf.it\/wp-content\/uploads\/2022\/03\/ricetta-ambulatorio-300x200.jpeg 300w, https:\/\/www.fedaiisf.it\/wp-content\/uploads\/2022\/03\/ricetta-ambulatorio-1024x683.jpeg 1024w, https:\/\/www.fedaiisf.it\/wp-content\/uploads\/2022\/03\/ricetta-ambulatorio-768x512.jpeg 768w\" sizes=\"auto, (max-width: 269px) 100vw, 269px\" \/>medicinali e preparati galenici utili per la prevenzione o la cura delle malattie; essa rappresenta, nell\u2019ambito dei Servizi erogati dal SSN, quella pi\u00f9 suscettibile di variazione poich\u00e9 \u00e8 strettamente dipendente dalle disposizioni dettate dalle varie leggi finanziarie. <strong>In Italia nel 2023 sono state prescritte 583.284.199 ricette il cui importo totale ammonta a poco meno di 8,9 miliardi di euro<\/strong>. Il costo medio per ricetta \u00e8 invece pari a 15,23 euro. Il costo medio per ricetta risulta fortemente variabile all\u2019interno del territorio nazionale registrando il valore minimo in Calabria (5,54 euro) e quello massimo (40,16 euro) in Liguria.<\/p>\n<h4>Consult<\/h4>\n<ul>\n<li><a href=\"https:\/\/www.salute.gov.it\/portale\/documentazione\/p6_2_2_1.jsp?lingua=italiano&amp;id=3523\" target=\"_blank\" rel=\"noopener\">Annuario Statistico del Servizio Sanitario Nazionale &#8211; Anno 2023<\/a><\/li>\n<\/ul>\n<p>Source <a href=\"https:\/\/www.salute.gov.it\/portale\/news\/p3_2_1_1_1.jsp?lingua=italiano&amp;menu=notizie&amp;p=dalministero&amp;id=6738\" target=\"_blank\" rel=\"noopener\">Ministry of Health<\/a><\/p>","protected":false},"excerpt":{"rendered":"<p>Continua a crescere nel 2023 il numero di medici generici con anzianit\u00e0 di laurea nella fascia 0-6 anni, con un incremento percentuale del 35,8% rispetto al 2022 e con un aumento ancor pi\u00f9 significativo considerando il biennio 2021-2023 (+154,6%). Queste e molte altre informazioni statistiche, relative all\u2019anno 2023, sono presenti all\u2019interno dell\u2019ultima edizione dell\u2019Annuario statistico &hellip;<\/p>","protected":false},"author":4,"featured_media":80170,"comment_status":"closed","ping_status":"closed","sticky":false,"template":"","format":"standard","meta":{"footnotes":""},"categories":[1],"tags":[79],"class_list":["post-80162","post","type-post","status-publish","format-standard","has-post-thumbnail","hentry","category-notizie","tag-ssn"],"amp_enabled":true,"_links":{"self":[{"href":"https:\/\/www.fedaiisf.it\/en\/wp-json\/wp\/v2\/posts\/80162","targetHints":{"allow":["GET"]}}],"collection":[{"href":"https:\/\/www.fedaiisf.it\/en\/wp-json\/wp\/v2\/posts"}],"about":[{"href":"https:\/\/www.fedaiisf.it\/en\/wp-json\/wp\/v2\/types\/post"}],"author":[{"embeddable":true,"href":"https:\/\/www.fedaiisf.it\/en\/wp-json\/wp\/v2\/users\/4"}],"replies":[{"embeddable":true,"href":"https:\/\/www.fedaiisf.it\/en\/wp-json\/wp\/v2\/comments?post=80162"}],"version-history":[{"count":4,"href":"https:\/\/www.fedaiisf.it\/en\/wp-json\/wp\/v2\/posts\/80162\/revisions"}],"predecessor-version":[{"id":80169,"href":"https:\/\/www.fedaiisf.it\/en\/wp-json\/wp\/v2\/posts\/80162\/revisions\/80169"}],"wp:featuredmedia":[{"embeddable":true,"href":"https:\/\/www.fedaiisf.it\/en\/wp-json\/wp\/v2\/media\/80170"}],"wp:attachment":[{"href":"https:\/\/www.fedaiisf.it\/en\/wp-json\/wp\/v2\/media?parent=80162"}],"wp:term":[{"taxonomy":"category","embeddable":true,"href":"https:\/\/www.fedaiisf.it\/en\/wp-json\/wp\/v2\/categories?post=80162"},{"taxonomy":"post_tag","embeddable":true,"href":"https:\/\/www.fedaiisf.it\/en\/wp-json\/wp\/v2\/tags?post=80162"}],"curies":[{"name":"wp","href":"https:\/\/api.w.org\/{rel}","templated":true}]}}