{"id":80209,"date":"2025-02-13T19:46:53","date_gmt":"2025-02-13T18:46:53","guid":{"rendered":"https:\/\/www.fedaiisf.it\/?p=80209"},"modified":"2025-02-18T18:58:24","modified_gmt":"2025-02-18T17:58:24","slug":"marche-registro-regionale-degli-informatori-scientifici-passa-in-commissione-la-proposta-di-legge-di-gianluca-pasqui","status":"publish","type":"post","link":"https:\/\/www.fedaiisf.it\/en\/marche-registro-regionale-degli-informatori-scientifici-passa-in-commissione-la-proposta-di-legge-di-gianluca-pasqui\/","title":{"rendered":"Marche. Registro regionale degli informatori scientifici, passa in Commissione la proposta di legge di Gianluca Pasqui"},"content":{"rendered":"<p>There <a href=\"https:\/\/www.consiglio.marche.it\/banche_dati_e_documentazione\/iter_degli_atti\/pdl\/pdf\/pdl228_11.pdf\" target=\"_blank\" rel=\"noopener\">proposta di legge n. 228<\/a>, presentata dal Vice presidente del Consiglio regionale delle Marche Gianluca Pasqui, presentata il 5 ottobre 2023 ha concluso il suo iter in Commissione con un\u2019approvazione unanime. Il testo, che ora attende il passaggio in Aula, prevede l\u2019istituzione del Registro regionale degli informatori scientifici del farmaco e del parafarmaco nelle Marche.<\/p>\n<p><a href=\"https:\/\/www.radionuova.com\/2025\/02\/13\/118388\/\" target=\"_blank\" rel=\"noopener\">Radio Nuova &#8211; 13 febbraio 2025<\/a><\/p>\n<p><img loading=\"lazy\" decoding=\"async\" class=\"wp-image-80213 alignright\" src=\"https:\/\/www.fedaiisf.it\/wp-content\/uploads\/2025\/02\/Pasqui.png\" alt=\"\" width=\"215\" height=\"283\" srcset=\"https:\/\/www.fedaiisf.it\/wp-content\/uploads\/2025\/02\/Pasqui.png 365w, https:\/\/www.fedaiisf.it\/wp-content\/uploads\/2025\/02\/Pasqui-228x300.png 228w, https:\/\/www.fedaiisf.it\/wp-content\/uploads\/2025\/02\/Pasqui-9x12.png 9w\" sizes=\"auto, (max-width: 215px) 100vw, 215px\" \/>L\u2019obiettivo della legge \u00e8 garantire un costante aggiornamento scientifico agli operatori sanitari regionali, valorizzando il ruolo degli informatori scientifici e riconoscendone l\u2019importanza nel sistema sanitario. Il Registro sar\u00e0 gestito dalla Regione, che definir\u00e0 con un apposito regolamento le modalit\u00e0 di iscrizione e funzionamento.<\/p>\n<p>\u201cQuesta legge rappresenta un passo avanti per il nostro sistema sanitario \u2013 ha dichiarato Gianluca Pasqui \u2013 perch\u00e9 assicura agli operatori sanitari un\u2019informazione sempre aggiornata e qualificata. Sono orgoglioso del consenso unanime ricevuto in Commissione, segnale della sensibilit\u00e0 condivisa su un tema di grande rilevanza\u201d.<\/p>\n<p>La proposta di legge ha ottenuto il parere favorevole del Consiglio delle Autonomie Locali (Cal) e del Consiglio regionale dell\u2019Autonomia e del Lavoro (Crel), confermando il suo valore per il territorio e il mondo del lavoro.<br \/>\nLa proposta di legge non comporta nuovi o maggiori oneri per il bilancio regionale, garantendo cos\u00ec un impatto positivo senza aggravare la spesa pubblica. Con il passaggio in Aula, il provvedimento potrebbe presto diventare legge, portando un significativo beneficio a tutto il settore sanitario marchigiano.<\/p>\n<hr \/>\n<p><a href=\"https:\/\/www.consiglio.marche.it\/banche_dati_e_documentazione\/iter_degli_atti\/pdl\/pdf\/pdl228_11.pdf\" target=\"_blank\" rel=\"noopener\">Testo della Proposta<\/a>\u00a0<span style=\"font-size: 18pt; color: #ff0000;\">\u2190<\/span><\/p>\n<p><a href=\"https:\/\/www.consiglio.marche.it\/banche_dati_e_documentazione\/iter_degli_atti\/pdl\/pdf\/dospdl228_11.pdf\" target=\"_blank\" rel=\"noopener\">File<\/a><\/p>","protected":false},"excerpt":{"rendered":"<p>La proposta di legge n. 228, presentata dal Vice presidente del Consiglio regionale delle Marche Gianluca Pasqui, presentata il 5 ottobre 2023 ha concluso il suo iter in Commissione con un\u2019approvazione unanime. Il testo, che ora attende il passaggio in Aula, prevede l\u2019istituzione del Registro regionale degli informatori scientifici del farmaco e del parafarmaco nelle &hellip;<\/p>","protected":false},"author":4,"featured_media":80217,"comment_status":"closed","ping_status":"closed","sticky":false,"template":"","format":"standard","meta":{"footnotes":""},"categories":[14,16],"tags":[45,41],"class_list":["post-80209","post","type-post","status-publish","format-standard","has-post-thumbnail","hentry","category-news-fedaiisf","category-primo-piano","tag-fedaiisf","tag-leggisentenze"],"amp_enabled":true,"_links":{"self":[{"href":"https:\/\/www.fedaiisf.it\/en\/wp-json\/wp\/v2\/posts\/80209","targetHints":{"allow":["GET"]}}],"collection":[{"href":"https:\/\/www.fedaiisf.it\/en\/wp-json\/wp\/v2\/posts"}],"about":[{"href":"https:\/\/www.fedaiisf.it\/en\/wp-json\/wp\/v2\/types\/post"}],"author":[{"embeddable":true,"href":"https:\/\/www.fedaiisf.it\/en\/wp-json\/wp\/v2\/users\/4"}],"replies":[{"embeddable":true,"href":"https:\/\/www.fedaiisf.it\/en\/wp-json\/wp\/v2\/comments?post=80209"}],"version-history":[{"count":9,"href":"https:\/\/www.fedaiisf.it\/en\/wp-json\/wp\/v2\/posts\/80209\/revisions"}],"predecessor-version":[{"id":80221,"href":"https:\/\/www.fedaiisf.it\/en\/wp-json\/wp\/v2\/posts\/80209\/revisions\/80221"}],"wp:featuredmedia":[{"embeddable":true,"href":"https:\/\/www.fedaiisf.it\/en\/wp-json\/wp\/v2\/media\/80217"}],"wp:attachment":[{"href":"https:\/\/www.fedaiisf.it\/en\/wp-json\/wp\/v2\/media?parent=80209"}],"wp:term":[{"taxonomy":"category","embeddable":true,"href":"https:\/\/www.fedaiisf.it\/en\/wp-json\/wp\/v2\/categories?post=80209"},{"taxonomy":"post_tag","embeddable":true,"href":"https:\/\/www.fedaiisf.it\/en\/wp-json\/wp\/v2\/tags?post=80209"}],"curies":[{"name":"wp","href":"https:\/\/api.w.org\/{rel}","templated":true}]}}