{"id":80234,"date":"2025-02-15T11:23:22","date_gmt":"2025-02-15T10:23:22","guid":{"rendered":"https:\/\/www.fedaiisf.it\/?p=80234"},"modified":"2025-02-15T19:00:34","modified_gmt":"2025-02-15T18:00:34","slug":"robert-kennedy-jr-ha-giurato-come-nuovo-segretario-alla-salute-usa","status":"publish","type":"post","link":"https:\/\/www.fedaiisf.it\/en\/robert-kennedy-jr-ha-giurato-come-nuovo-segretario-alla-salute-usa\/","title":{"rendered":"Robert Kennedy Jr. ha giurato come nuovo Segretario alla Salute Usa"},"content":{"rendered":"<p>Il Senato degli Stati Uniti ha approvato la nomina di Robert F. Kennedy Jr. a ministro della Salute, era l&#8217;ultimo ostacolo al definitivo incarico . Si nutrivano dubbi sulla sua conferma dato che alcuni senatori repubblicani avevano espresso perplessit\u00e0 sulla nomina di un no-vax<\/p>\n<h3>Donald Trump \u00e8 molto preoccupato per la situazione della sanit\u00e0 negli Stati Uniti. Rfk Jr avr\u00e0 il compito di cambiare radicalmente il sistema.<\/h3>\n<p>THE<a href=\"https:\/\/www.italiareportusa.com\/politica\/robert-kennedy-jr-ha-giurato-come-nuovo-segretario-alla-salute-usa-nuova-vittoria-per-trump\/\" target=\"_blank\" rel=\"noopener\">talia Report USA &#8211; 14 febbraio 2025<\/a><\/p>\n<p><img loading=\"lazy\" decoding=\"async\" class=\"wp-image-79958 alignright\" src=\"https:\/\/www.fedaiisf.it\/wp-content\/uploads\/2025\/01\/Schermata-2025-01-27-alle-20.18.05.png\" alt=\"\" width=\"282\" height=\"325\" srcset=\"https:\/\/www.fedaiisf.it\/wp-content\/uploads\/2025\/01\/Schermata-2025-01-27-alle-20.18.05.png 568w, https:\/\/www.fedaiisf.it\/wp-content\/uploads\/2025\/01\/Schermata-2025-01-27-alle-20.18.05-261x300.png 261w, https:\/\/www.fedaiisf.it\/wp-content\/uploads\/2025\/01\/Schermata-2025-01-27-alle-20.18.05-10x12.png 10w\" sizes=\"auto, (max-width: 282px) 100vw, 282px\" \/>Il Senato degli Stati Uniti ha approvato la nomina di Robert F. Kennedy Jr. a ministro della Salute dell\u2019amministrazione Trump. Rfk Jr \u00e8 passato con 52 voti a favore e 48 contro. Si tratta di una vittoria per Trump e per il fronte anti-establishment statunitense, che ne apprezza da anni le posizioni no vax e contro i giganteschi interessi dell\u2019industria farmaceutica. L\u2019ex leader al Senato, Mitch McConnell, \u00e8 stato l\u2019unico repubblicano a votare contro la sua conferma.<\/p>\n<h4><span id=\"Il-blocco-trumpiano-e-maggioritario-nel-GOP\"><strong>Il blocco trumpiano \u00e8 maggioritario nel GOP<\/strong><\/span><\/h4>\n<p>Il voto del Senato ha confermato ancora una volta la forza di Trump e la compattezza del suo blocco all\u2019interno del GOP (ndr: <em>Grand Old Party, il Partito Repubblicano<\/em>) Contrariamente a quanto scritto da diversi media per settimane, sono stati confermati tutti i candidati ritenuti divisivi, come Pete Hegseth al Pentagono e Tulsi Gabbard a capo dell\u2019intelligence nazionale.<\/p>\n<h4><span id=\"Robert-F-Kennedy-Jr-pretende-trasparenza\"><strong>Robert F. Kennedy Jr pretende trasparenza\u00a0<\/strong><\/span><\/h4>\n<p>Dopo il giuramento, Kennedy Jr. ha dichiarato: \u201cIl nostro piano prevede una trasparenza radicale e il ritorno al gold standard della scienza\u201d, sottolineando la necessit\u00e0 di un cambiamento nel sistema sanitario statunitense, inviso a molti cittadini.<\/p>\n<div class=\"jeg_ad jeg_ad_article jnews_content_inline_ads\">\n<div class=\"ads-wrapper align-center\">\n<div class=\"ads_shortcode\">L\u2019avvocato aveva gi\u00e0 superato brillantemente l\u2019ostacolo della commissione Finanze. L\u2019esito in quel caso \u00e8 stato di 14-13, raccogliendo i voti di tutti i repubblicani, anche del senatore della Louisiana Bill Cassidy, che aveva precedentemente espresso dubbi sulle posizioni anti-vaccini del candidato.<\/div>\n<\/div>\n<\/div>\n<p>\u201cHo avuto conversazioni molto intense con Bobby e la Casa Bianca durante il fine settimana e anche stamattina. Voglio ringraziare in particolare il vicepresidente J.D. Vance per i suoi consigli sinceri \u2013 ha scritto Cassidy su X \u2013 Con gli impegni seri che ho ricevuto dall\u2019amministrazione e l\u2019opportunit\u00e0 di fare progressi sulle questioni su cui siamo d\u2019accordo, come l\u2019alimentazione sana e un\u2019agenda pro-americana, voter\u00f2 s\u00ec\u201d.<\/p>\n<h4><span id=\"A-Rfk-Jr-tocchera-un-compito-arduo\"><strong>A Rfk Jr toccher\u00e0 un compito arduo<\/strong><\/span><\/h4>\n<p>Trump \u00e8 molto preoccupato per la situazione della sanit\u00e0 negli Stati Uniti. \u201cGli Stati Uniti spendono pi\u00f9 soldi per l\u2019assistenza sanitaria di qualsiasi altro paese sulla Terra, ma ci ammaliamo ogni anno di pi\u00f9\u201d, ha affermato il <img loading=\"lazy\" decoding=\"async\" class=\"wp-image-751 alignleft\" src=\"https:\/\/www.fedaiisf.it\/wp-content\/uploads\/2014\/05\/medicare-fedaiisf.jpg\" alt=\"\" width=\"255\" height=\"191\" srcset=\"https:\/\/www.fedaiisf.it\/wp-content\/uploads\/2014\/05\/medicare-fedaiisf.jpg 600w, https:\/\/www.fedaiisf.it\/wp-content\/uploads\/2014\/05\/medicare-fedaiisf-300x225.jpg 300w\" sizes=\"auto, (max-width: 255px) 100vw, 255px\" \/>tycoon prima di aggiungere: \u201cNon siamo in salute come i paesi che spendono una frazione di quello che spendiamo noi, quindi c\u2019\u00e8 qualcosa che non va e lui scoprir\u00e0 che cos\u2019\u00e8\u201d.<\/p>\n<p>Qualche giorno fa, l\u2019inquilino della Casa Bianca aveva rivelato su Truth uno dei campi su cui si concentrer\u00e0 l\u2019azione di <a href=\"https:\/\/www.italiareportusa.com\/ultimissime\/presidenziali-usa-quanti-voti-sposta-kennedy-jr\/\" target=\"_blank\" rel=\"noopener\">Robert F. Kennedy Jr<\/a>: \u201cVent\u2019anni fa, l\u2019autismo nei bambini era 1 su 10.000. Ora \u00e8 1 su 34. Wow! C\u2019\u00e8 qualcosa di veramente sbagliato. Abbiamo bisogno di Bobby!!!\u201d.<\/p>\n<p>Rfk Jr ha spesso accusato i vaccini di essere tra le cause dell\u2019autismo. Durante l\u2019udienza di conferma, mostrando coraggio e coerenza, non ha fatto marcia indietro su questa posizione o su altri commenti, suscitando la preoccupazione di senatori democratici e diversi repubblicani.<\/p>\n<p>Le azioni delle aziende produttrici di vaccini sono scese. Da Moderna a BioNTech, da Novavax e Gsk, passando per Pfizer, tutte hanno registrato flessioni.<\/p>\n<h4><span id=\"Il-figlio-di-Robert-F-Kennedy-Jr-si-sposera-in-Brasile\"><strong>Il figlio di Robert F. Kennedy Jr si sposer\u00e0 in Brasile<\/strong><\/span><\/h4>\n<p>Conor Kennedy, figlio del segretario alla Salute degli Stati Uniti e pronipote dell\u2019ex presidente John Fitzgerald, <img loading=\"lazy\" decoding=\"async\" class=\"wp-image-80240 alignright\" src=\"https:\/\/www.fedaiisf.it\/wp-content\/uploads\/2025\/02\/conor-kennedy.png\" alt=\"\" width=\"280\" height=\"195\" srcset=\"https:\/\/www.fedaiisf.it\/wp-content\/uploads\/2025\/02\/conor-kennedy.png 569w, https:\/\/www.fedaiisf.it\/wp-content\/uploads\/2025\/02\/conor-kennedy-300x209.png 300w, https:\/\/www.fedaiisf.it\/wp-content\/uploads\/2025\/02\/conor-kennedy-18x12.png 18w\" sizes=\"auto, (max-width: 280px) 100vw, 280px\" \/>ha annunciato che si sposer\u00e0 il 29 novembre prossimo a San Paolo, in Brasile, con la cantante locale Giulia Be.<\/p>\n<p>A riportare la notizia \u00e8 il quotidiano <a href=\"https:\/\/www1.folha.uol.com.br\/colunas\/monicabergamo\/2025\/02\/giulia-be-e-kennedy-marcam-casamento-no-brasil-e-convidam-trump-e-musk-para-festa.shtml\" target=\"_blank\" rel=\"noopener\">Folha de Sao Paulo<\/a>, riferendo che la scelta della data, che coincide con la festa del ringraziamento negli Stati Uniti, potrebbe favorire la partecipazione di ospiti illustri come il presidente statunitense Donald Trump, il suo vice James David Vance e il magnate Elon Musk, attuale capo del dipartimento per l\u2019Efficienza del governo (Doge).<\/p>\n<p>Giulia Be \u00e8 figlia di Paulo Marinho, attuale \u201csuplente\u201d (sostituto) del senatore Flavio Bolsonaro, figlio dell\u2019ex presidente Jair Bolsonaro. Marinho si \u00e8 dichiarato elettore di Luiz Inacio Lula da Silva. Anche Conor Kennedy si era schierato con Lula, definito un \u201ceroe\u201d per il suo impegno a difesa degli ultimi.<\/p>\n<p>Related news: <a href=\"https:\/\/www.fedaiisf.it\/en\/wall-street-journal-perche-robert-f-kennedy-jr-e-pericoloso-per-la-salute\/#google_vignette\" target=\"_blank\" rel=\"noopener\">Wall Street Journal. Perch\u00e9 Robert F. Kennedy Jr \u00e8 pericoloso per la salute<\/a><\/p>","protected":false},"excerpt":{"rendered":"<p>Il Senato degli Stati Uniti ha approvato la nomina di Robert F. Kennedy Jr. a ministro della Salute, era l&#8217;ultimo ostacolo al definitivo incarico . Si nutrivano dubbi sulla sua conferma dato che alcuni senatori repubblicani avevano espresso perplessit\u00e0 sulla nomina di un no-vax Donald Trump \u00e8 molto preoccupato per la situazione della sanit\u00e0 negli &hellip;<\/p>","protected":false},"author":4,"featured_media":80238,"comment_status":"closed","ping_status":"closed","sticky":false,"template":"","format":"standard","meta":{"footnotes":""},"categories":[1],"tags":[39],"class_list":["post-80234","post","type-post","status-publish","format-standard","has-post-thumbnail","hentry","category-notizie","tag-vaccini"],"amp_enabled":true,"_links":{"self":[{"href":"https:\/\/www.fedaiisf.it\/en\/wp-json\/wp\/v2\/posts\/80234","targetHints":{"allow":["GET"]}}],"collection":[{"href":"https:\/\/www.fedaiisf.it\/en\/wp-json\/wp\/v2\/posts"}],"about":[{"href":"https:\/\/www.fedaiisf.it\/en\/wp-json\/wp\/v2\/types\/post"}],"author":[{"embeddable":true,"href":"https:\/\/www.fedaiisf.it\/en\/wp-json\/wp\/v2\/users\/4"}],"replies":[{"embeddable":true,"href":"https:\/\/www.fedaiisf.it\/en\/wp-json\/wp\/v2\/comments?post=80234"}],"version-history":[{"count":6,"href":"https:\/\/www.fedaiisf.it\/en\/wp-json\/wp\/v2\/posts\/80234\/revisions"}],"predecessor-version":[{"id":80253,"href":"https:\/\/www.fedaiisf.it\/en\/wp-json\/wp\/v2\/posts\/80234\/revisions\/80253"}],"wp:featuredmedia":[{"embeddable":true,"href":"https:\/\/www.fedaiisf.it\/en\/wp-json\/wp\/v2\/media\/80238"}],"wp:attachment":[{"href":"https:\/\/www.fedaiisf.it\/en\/wp-json\/wp\/v2\/media?parent=80234"}],"wp:term":[{"taxonomy":"category","embeddable":true,"href":"https:\/\/www.fedaiisf.it\/en\/wp-json\/wp\/v2\/categories?post=80234"},{"taxonomy":"post_tag","embeddable":true,"href":"https:\/\/www.fedaiisf.it\/en\/wp-json\/wp\/v2\/tags?post=80234"}],"curies":[{"name":"wp","href":"https:\/\/api.w.org\/{rel}","templated":true}]}}