{"id":80357,"date":"2025-02-24T17:13:04","date_gmt":"2025-02-24T16:13:04","guid":{"rendered":"https:\/\/www.fedaiisf.it\/?p=80357"},"modified":"2025-02-24T17:23:03","modified_gmt":"2025-02-24T16:23:03","slug":"aiisf-sardegna-dona-un-defibrillatore-in-memoria-di-najibe-quando-il-dolore-si-trasforma-in-speranza","status":"publish","type":"post","link":"https:\/\/www.fedaiisf.it\/en\/aiisf-sardegna-dona-un-defibrillatore-in-memoria-di-najibe-quando-il-dolore-si-trasforma-in-speranza\/","title":{"rendered":"AIISF Sardegna dona un defibrillatore in memoria di Najibe: quando il dolore si trasforma in speranza"},"content":{"rendered":"<p style=\"font-weight: 400;\">Un defibrillatore per ricordare chi non c&#8217;\u00e8 pi\u00f9 e proteggere chi resta.<br \/>\n\u00c8 questo il senso profondo della cerimonia che si \u00e8 svolta il 22 febbraio presso l&#8217;Istituto &#8220;GIUA&#8221; di Assemini, dove l&#8217;Associazione Italiana Informatori Scientifici del Farmaco e Parafarmaco (AIISF), federata Fedaiisf, ha donato un dispositivo salvavita <img loading=\"lazy\" decoding=\"async\" class=\"wp-image-80361 alignright\" src=\"https:\/\/www.fedaiisf.it\/wp-content\/uploads\/2025\/02\/AIISF-Sardegna-donaz-1.png\" alt=\"\" width=\"273\" height=\"487\" srcset=\"https:\/\/www.fedaiisf.it\/wp-content\/uploads\/2025\/02\/AIISF-Sardegna-donaz-1.png 762w, https:\/\/www.fedaiisf.it\/wp-content\/uploads\/2025\/02\/AIISF-Sardegna-donaz-1-168x300.png 168w, https:\/\/www.fedaiisf.it\/wp-content\/uploads\/2025\/02\/AIISF-Sardegna-donaz-1-574x1024.png 574w, https:\/\/www.fedaiisf.it\/wp-content\/uploads\/2025\/02\/AIISF-Sardegna-donaz-1-7x12.png 7w\" sizes=\"auto, (max-width: 273px) 100vw, 273px\" \/>in memoria di Najibe Zaher, studentessa dell&#8217;istituto, tragicamente scomparsa in un incidente stradale e figlia dell\u2019ex informatore scientifico del farmaco Omar.<\/p>\n<p style=\"font-weight: 400;\">L&#8217;aula magna dell&#8217;istituto ha accolto un momento di particolare intensit\u00e0 emotiva, con la presenza dei genitori di Najibe che hanno voluto condividere questo gesto con gli studenti delle quinte classi, proprio l\u00e0 dove la loro figlia aveva concluso il suo percorso di studi scientifici.<\/p>\n<p style=\"font-weight: 400;\">&#8220;La prevenzione e la tutela della salute sono da sempre nel DNA della nostra Associazione&#8221;, ha dichiarato ai <a href=\"https:\/\/www.videolina.it\/articolo\/tg\/2025\/02\/22\/assemini_sicurezza_stradale_nel_ricordo_di_najibe_e_un_defibrillatore_in_aula-78-1212246.html\" target=\"_blank\" rel=\"noopener\">microfoni di Videolina<\/a> <strong>Rosario Costorella<\/strong> (<em>in the picture<\/em>), vicepresidente della Sezione sarda di AIISF. &#8220;Questa donazione rappresenta perfettamente la nostra missione di essere al servizio della comunit\u00e0, non solo attraverso la nostra attivit\u00e0 professionale, ma anche con azioni concrete di solidariet\u00e0&#8221;.<\/p>\n<p style=\"font-weight: 400;\">L&#8217;iniziativa si inserisce in un pi\u00f9 ampio contesto di sensibilizzazione sull&#8217;importanza della presenza di defibrillatori sul territorio, tema su cui l&#8217;AIISF \u00e8 particolarmente attiva avendo gi\u00e0 donato altri strumenti salvavita rispettivamente al Comune di Quartu e all\u2019AOU di Sassari.<\/p>\n<p style=\"font-weight: 400;\">There <a href=\"https:\/\/www.videolina.it\/articolo\/tg\/2025\/02\/22\/assemini_sicurezza_stradale_nel_ricordo_di_najibe_e_un_defibrillatore_in_aula-78-1212246.html\" target=\"_blank\" rel=\"noopener\">copertura mediatica<\/a> dell&#8217;evento, con servizi dedicati su stampa e televisione <img loading=\"lazy\" decoding=\"async\" class=\"wp-image-80362 alignleft\" src=\"https:\/\/www.fedaiisf.it\/wp-content\/uploads\/2025\/02\/Screenshot-2025-02-24-alle-16.58.13.png\" alt=\"\" width=\"346\" height=\"211\" srcset=\"https:\/\/www.fedaiisf.it\/wp-content\/uploads\/2025\/02\/Screenshot-2025-02-24-alle-16.58.13.png 1984w, https:\/\/www.fedaiisf.it\/wp-content\/uploads\/2025\/02\/Screenshot-2025-02-24-alle-16.58.13-300x183.png 300w, https:\/\/www.fedaiisf.it\/wp-content\/uploads\/2025\/02\/Screenshot-2025-02-24-alle-16.58.13-1024x625.png 1024w, https:\/\/www.fedaiisf.it\/wp-content\/uploads\/2025\/02\/Screenshot-2025-02-24-alle-16.58.13-768x468.png 768w, https:\/\/www.fedaiisf.it\/wp-content\/uploads\/2025\/02\/Screenshot-2025-02-24-alle-16.58.13-1536x937.png 1536w, https:\/\/www.fedaiisf.it\/wp-content\/uploads\/2025\/02\/Screenshot-2025-02-24-alle-16.58.13-18x12.png 18w\" sizes=\"auto, (max-width: 346px) 100vw, 346px\" \/>regionale, ha amplificato la risonanza di un messaggio che va oltre il ricordo personale, trasformandosi in un concreto strumento di prevenzione per l&#8217;intera comunit\u00e0 scolastica.<\/p>\n<p style=\"font-weight: 400;\">\u201cIl defibrillatore installato nell&#8217;Istituto &#8220;GIUA&#8221; rappresenta ben pi\u00f9 di un semplice dispositivo medico\u201d ha ribadito Antonio Scano del Direttivo di AIISF \u201cma \u00e8 il simbolo di come il dolore possa trasformarsi in un&#8217;opportunit\u00e0 per proteggere altre vite, perpetuando cos\u00ec la memoria di Najibe attraverso un gesto che guarda al futuro\u201d.<\/p>\n<p><img loading=\"lazy\" decoding=\"async\" class=\"alignnone size-full wp-image-80363\" src=\"https:\/\/www.fedaiisf.it\/wp-content\/uploads\/2025\/02\/aiisf-sardegna-collage.png\" alt=\"\" width=\"800\" height=\"800\" srcset=\"https:\/\/www.fedaiisf.it\/wp-content\/uploads\/2025\/02\/aiisf-sardegna-collage.png 800w, https:\/\/www.fedaiisf.it\/wp-content\/uploads\/2025\/02\/aiisf-sardegna-collage-300x300.png 300w, https:\/\/www.fedaiisf.it\/wp-content\/uploads\/2025\/02\/aiisf-sardegna-collage-150x150.png 150w, https:\/\/www.fedaiisf.it\/wp-content\/uploads\/2025\/02\/aiisf-sardegna-collage-768x768.png 768w, https:\/\/www.fedaiisf.it\/wp-content\/uploads\/2025\/02\/aiisf-sardegna-collage-12x12.png 12w\" sizes=\"auto, (max-width: 800px) 100vw, 800px\" \/><\/p>\n<div style=\"width: 848px;\" class=\"wp-video\"><video class=\"wp-video-shortcode\" id=\"video-80357-1\" width=\"848\" height=\"480\" preload=\"metadata\" controls=\"controls\"><source type=\"video\/mp4\" src=\"https:\/\/www.fedaiisf.it\/wp-content\/uploads\/2025\/02\/WhatsApp-Video-2025-02-22-at-12.55.12.mp4?_=1\" \/><a href=\"https:\/\/www.fedaiisf.it\/wp-content\/uploads\/2025\/02\/WhatsApp-Video-2025-02-22-at-12.55.12.mp4\">https:\/\/www.fedaiisf.it\/wp-content\/uploads\/2025\/02\/WhatsApp-Video-2025-02-22-at-12.55.12.mp4<\/a><\/video><\/div>\n<p>Related news: <a href=\"https:\/\/www.videolina.it\/articolo\/tg\/2025\/02\/22\/assemini_sicurezza_stradale_nel_ricordo_di_najibe_e_un_defibrillatore_in_aula-78-1212246.html\" target=\"_blank\" rel=\"noopener\">ASSEMINI, SICUREZZA STRADALE NEL RICORDO DI NAJIBE E UN DEFIBRILLATORE IN AULA<\/a><\/p>","protected":false},"excerpt":{"rendered":"<p>Un defibrillatore per ricordare chi non c&#8217;\u00e8 pi\u00f9 e proteggere chi resta. \u00c8 questo il senso profondo della cerimonia che si \u00e8 svolta il 22 febbraio presso l&#8217;Istituto &#8220;GIUA&#8221; di Assemini, dove l&#8217;Associazione Italiana Informatori Scientifici del Farmaco e Parafarmaco (AIISF), federata Fedaiisf, ha donato un dispositivo salvavita in memoria di Najibe Zaher, studentessa dell&#8217;istituto, &hellip;<\/p>","protected":false},"author":4,"featured_media":80359,"comment_status":"closed","ping_status":"closed","sticky":false,"template":"","format":"standard","meta":{"footnotes":""},"categories":[1],"tags":[45],"class_list":["post-80357","post","type-post","status-publish","format-standard","has-post-thumbnail","hentry","category-notizie","tag-fedaiisf"],"amp_enabled":true,"_links":{"self":[{"href":"https:\/\/www.fedaiisf.it\/en\/wp-json\/wp\/v2\/posts\/80357","targetHints":{"allow":["GET"]}}],"collection":[{"href":"https:\/\/www.fedaiisf.it\/en\/wp-json\/wp\/v2\/posts"}],"about":[{"href":"https:\/\/www.fedaiisf.it\/en\/wp-json\/wp\/v2\/types\/post"}],"author":[{"embeddable":true,"href":"https:\/\/www.fedaiisf.it\/en\/wp-json\/wp\/v2\/users\/4"}],"replies":[{"embeddable":true,"href":"https:\/\/www.fedaiisf.it\/en\/wp-json\/wp\/v2\/comments?post=80357"}],"version-history":[{"count":6,"href":"https:\/\/www.fedaiisf.it\/en\/wp-json\/wp\/v2\/posts\/80357\/revisions"}],"predecessor-version":[{"id":80368,"href":"https:\/\/www.fedaiisf.it\/en\/wp-json\/wp\/v2\/posts\/80357\/revisions\/80368"}],"wp:featuredmedia":[{"embeddable":true,"href":"https:\/\/www.fedaiisf.it\/en\/wp-json\/wp\/v2\/media\/80359"}],"wp:attachment":[{"href":"https:\/\/www.fedaiisf.it\/en\/wp-json\/wp\/v2\/media?parent=80357"}],"wp:term":[{"taxonomy":"category","embeddable":true,"href":"https:\/\/www.fedaiisf.it\/en\/wp-json\/wp\/v2\/categories?post=80357"},{"taxonomy":"post_tag","embeddable":true,"href":"https:\/\/www.fedaiisf.it\/en\/wp-json\/wp\/v2\/tags?post=80357"}],"curies":[{"name":"wp","href":"https:\/\/api.w.org\/{rel}","templated":true}]}}