{"id":80379,"date":"2025-02-26T20:19:16","date_gmt":"2025-02-26T19:19:16","guid":{"rendered":"https:\/\/www.fedaiisf.it\/?p=80379"},"modified":"2025-02-26T20:21:43","modified_gmt":"2025-02-26T19:21:43","slug":"40-anni-di-malapsichiatria-calabrese-informatori-spacciatori-di-porcheria-psicofarmaci-con-regalie-sotto-forma-di-assegni-o-viaggi-per-intere-famiglie-e-chissa-quanto-altro-ancora","status":"publish","type":"post","link":"https:\/\/www.fedaiisf.it\/en\/40-anni-di-malapsichiatria-calabrese-informatori-spacciatori-di-porcheria-psicofarmaci-con-regalie-sotto-forma-di-assegni-o-viaggi-per-intere-famiglie-e-chissa-quanto-altro-ancora\/","title":{"rendered":"40 anni di malapsichiatria calabrese. &#8220;Informatori spacciatori di porcheria psicofarmaci con regalie sotto forma di assegni o viaggi per intere famiglie. E chiss\u00e0 quanto altro ancora&#8221;."},"content":{"rendered":"<p>L&#8217;articolo di certo Iacchit\u00e8 parla della situazione di strutture per malati mentali in Calabria su cui non entriamo per nostra non competenza.. Parlando di malaffare dichiara:<\/p>\n<p style=\"text-align: justify;\"><a href=\"https:\/\/avvocatoenricocostantini.it\/diffamazione-internet-reato\/\" target=\"_blank\" rel=\"noopener\"><img loading=\"lazy\" decoding=\"async\" class=\" wp-image-80382 alignright\" src=\"https:\/\/www.fedaiisf.it\/wp-content\/uploads\/2025\/02\/diffamazione.png\" alt=\"\" width=\"295\" height=\"189\" srcset=\"https:\/\/www.fedaiisf.it\/wp-content\/uploads\/2025\/02\/diffamazione.png 488w, https:\/\/www.fedaiisf.it\/wp-content\/uploads\/2025\/02\/diffamazione-300x192.png 300w, https:\/\/www.fedaiisf.it\/wp-content\/uploads\/2025\/02\/diffamazione-18x12.png 18w\" sizes=\"auto, (max-width: 295px) 100vw, 295px\" \/><\/a><span style=\"font-size: 14pt;\">&#8220;Gli affari non si limitano solo a quanto descritto finora. Vanno aggiunti i <strong>fornitori, coloro che spacciano (\u00e8 questo il termine pi\u00f9 adatto) le porcherie di psicofarmaci<\/strong> che vengono date ai pazienti, le regalie degli <strong>informatori scientifici<\/strong> sotto forma di assegni o viaggi per intere famiglie. E chiss\u00e0 quanto altro ancora&#8221;.<\/span><\/p>\n<p style=\"padding-left: 40px; text-align: justify;\"><em>N.d.R.: Art. 595 del codice penale, il reato di diffamazione <b>punisce \u201cChiunque, comunicando con pi\u00f9 persone, offende l&#8217;altrui reputazione\u201d <\/b>con la reclusione fino a un anno o con la multa fino a milletrentadue euro. Si distingue rispetto all&#8217;ingiuria e alla calunnia commessa rispettivamente in presenza della persona offesa. \u00a0<\/em><\/p>\n<p class=\"comma\" style=\"padding-left: 40px; text-align: justify;\"><em>Se l&#8217;offesa consiste nell&#8217;attribuzione di un fatto determinato, la pena \u00e8 della reclusione fino a due anni, ovvero della multa fino a duemilasessantacinque euro.<\/em><\/p>\n<p class=\"comma\" style=\"padding-left: 40px; text-align: justify;\"><em>Se l&#8217;offesa \u00e8 recata col mezzo della stampa [<a title=\"Reati commessi col mezzo della stampa periodica\" href=\"https:\/\/www.brocardi.it\/codice-penale\/libro-primo\/titolo-iii\/capo-i\/art57.html\" target=\"_blank\" rel=\"noopener\">57<\/a>&#8211;<a title=\"Procedibilit\u00e0 per i reati commessi col mezzo della stampa\" href=\"https:\/\/www.brocardi.it\/codice-penale\/libro-primo\/titolo-iii\/capo-i\/art58bis.html\" target=\"_blank\" rel=\"noopener\">58bis<\/a>] o con qualsiasi altro mezzo di pubblicit\u00e0, ovvero in <a title=\"Dizionario Giuridico: Falso in documento\" href=\"https:\/\/www.brocardi.it\/dizionario\/5100.html\" target=\"_blank\" rel=\"noopener\">atto pubblico<\/a> [<a title=\"Atto pubblico\" href=\"https:\/\/www.brocardi.it\/codice-civile\/libro-sesto\/titolo-ii\/capo-ii\/sezione-i\/art2699.html\" target=\"_blank\" rel=\"noopener\">2699<\/a>], la pena \u00e8 della reclusione da sei mesi a tre anni o della multa non inferiore a cinquecentosedici euro. (Fonte: <a href=\"https:\/\/www.brocardi.it\/codice-penale\/libro-secondo\/titolo-xii\/capo-ii\/art595.html\" target=\"_blank\" rel=\"noopener\">Brocardi<\/a>)<\/em><\/p>\n<p style=\"padding-left: 40px; text-align: justify;\">Si spera per Iacchit\u00e8, o chiunque sia, che abbia delle prove per dimostrare quello che dice, altrimenti compie un reato di diffamazione con tutto quello che comporta un reato del genere. Riportiamo l&#8217;articolo integrale.<\/p>\n<p><a href=\"https:\/\/www.iacchite.blog\/40-anni-di-malapsichiatria-calabrese-dal-papa-giovanni-di-serra-daiello-ai-lager-legalizzati-di-oggi-nulla-e-cambiato\/\" target=\"_blank\" rel=\"noopener\">Iacchit\u00e8 &#8211; 26 febbraio 2025<\/a><\/p>\n<p><strong>Non ci arrendiamo.<\/strong> Dopo la <strong>tragica morte di Salvatore Iaccino a Villa degli Oleandri<\/strong> in circostanze realmente poco chiare e sulle quali sono in corso<strong> febbrili indagini<\/strong> da parte delle forze dell\u2019ordine ma anche dei familiari dello storico ultr\u00e0 cosentino e del loro legale (che sar\u00e0 nominato ufficialmente oggi), continuiamo a tenere accesi i riflettori sugli <strong>\u201csquali\u201d<\/strong> che continuano a lucrare sulla <strong>salute mentale<\/strong>. Che fanno parte a tutti gli effetti di quelle logge massoniche coperte e deviate che accomunano gli sporchi e squallidi interessi della <strong>malapolitica e della malasanit\u00e0 corrotta.\u00a0<\/strong><\/p>\n<p>Da giorni stiamo passando in rassegna l\u2019impero del <strong>Gruppo C.<\/strong>, proprietario non solo di Villa degli Oleandri e di Villa Verde ma anche di altre strutture-lager tra le quali spiccano anche la Tirrenia Hospital a Belvedere e il Clinic Center di Rogliano. E da giorni stiamo raccogliendo<strong> drammatiche testimonianze<\/strong> dei familiari dei pazienti che puntualmente perdono la vita in queste strutture.<\/p>\n<p><img loading=\"lazy\" decoding=\"async\" class=\" wp-image-80383 alignleft\" src=\"https:\/\/www.fedaiisf.it\/wp-content\/uploads\/2025\/02\/soldi-a-palate.png\" alt=\"\" width=\"307\" height=\"195\" srcset=\"https:\/\/www.fedaiisf.it\/wp-content\/uploads\/2025\/02\/soldi-a-palate.png 597w, https:\/\/www.fedaiisf.it\/wp-content\/uploads\/2025\/02\/soldi-a-palate-300x190.png 300w, https:\/\/www.fedaiisf.it\/wp-content\/uploads\/2025\/02\/soldi-a-palate-18x12.png 18w\" sizes=\"auto, (max-width: 307px) 100vw, 307px\" \/>Nonostante queste strutture siano accreditate e ricevano soldi a palate dalla Regione, i pazienti devono pagare ugualmente belle somme, vengono imbottiti di farmaci diventando dei sonnambuli (per non dire zombie), il personale \u00e8 scarso perch\u00e9 pi\u00f9 soldi hanno e pi\u00f9 vogliono intascare e non fa altro che rispondere agli ordini dei titolari, che non si fanno scrupoli per \u201cfare fuori\u201d i soggetti pi\u00f9 scomodi come possono essere stati Salvatore Iaccino o Gianmatteo Broccolo. Come si suol dire dalle nostre parti \u201cl\u2019abbutto un crida aru diunu\u201d (il sazio non crede al digiuno). La povera gente che ci incappa non ha scampo: per questi carcerieri travestiti da medici valgono pi\u00f9 i milioni di euro in banca (e parliamo anche dei soldi dei pazienti stessi) che la vita umana\u2026 E ormai in Calabria lo sanno tutti che tra Rsa e cliniche c\u2019\u00e8 una \u201cmafia\u201d che \u00e8 molto peggio di \u201cCosa Nostra\u201d.<\/p>\n<p>Oggi intanto cominciamo col dire che le <strong>comunit\u00e0 alloggio e le case famiglia<\/strong> \u2013 che dovrebbero rappresentare l\u2019alternativa a queste cliniche psichiatriche disumane \u2013 sono boicottate a discapito di un sistema clinico sanitario speculativo, che arricchisce gruppi bene individuati.<strong> Non solo il Gruppo C., sia chiaro, ma anche altri famigerati gruppi come i G. e C., tanto per citare quelli che ci fanno pi\u00f9 schifo, al pari di Crispino<\/strong>.<\/p>\n<p>Nonostante comunit\u00e0 alloggio e case famiglia costino meno e portino avanti un modello d intervento umanizzante e di socializzazione, <strong>in Calabria ormai sono state soppiantate dagli squallidi interessi massomafiosi di questa gentaglia, che continua spudoratamente ad arricchirsi con la complicit\u00e0 dei politici di tutti i colori<\/strong> che si alternano alla guida della Regione Calabria e continuano a finanziarli incuranti delle tragedie che avvengono in quelle mura.<\/p>\n<p>Il <strong>primario di Psichiatria<\/strong> di questi posti abbandonati da Dio e dagli uomini ma che rendono milioni e milioni, <strong>era ed \u00e8 ancora il pi\u00f9 potente in assoluto rispetto a tutte le discipline sanitarie, una specie di sultano.<\/strong> Del resto, basta ricordare lo scandalo dell\u2019<strong>Istituto Papa Giovanni XXIII di Serra d Aiello<\/strong> per farsi un\u2019idea precisa di quello che diciamo.<\/p>\n<p>Tutti ricordano il prete arrestato, il <strong>famelico don A. L.<\/strong>, che aveva lucrato milioni e milioni per i suoi affari personali. Tutti ricordano gli <strong>800 malati trattati come relitti umani<\/strong>, il personale appartenente ai residenti, autoctoni, del Comune, un bacino elettorale enorme, a beneficio dei politici di turno, tutti ovviamente prodighi a tutelare questo marciume. <strong>Ma c\u2019erano e ci sono ancora anche altre strutture del genere, come a Reggio Calabria, nel rione Modena.<\/strong> Stiamo parlando di <strong>lager legalizzati<\/strong>, lo sanno tutti. Ogni tanto ritornano alla ribalta per qualche fatto eclatante di cronaca come quello di Salvatore ma poi puntualmente cala il silenzio.<\/p>\n<p style=\"padding-left: 40px;\"><span style=\"font-size: 14pt;\"><img loading=\"lazy\" decoding=\"async\" class=\"wp-image-1202 alignright\" src=\"https:\/\/www.fedaiisf.it\/wp-content\/uploads\/2014\/07\/soldi.truffa.jpg\" alt=\"\" width=\"262\" height=\"147\" srcset=\"https:\/\/www.fedaiisf.it\/wp-content\/uploads\/2014\/07\/soldi.truffa.jpg 624w, https:\/\/www.fedaiisf.it\/wp-content\/uploads\/2014\/07\/soldi.truffa-300x169.jpg 300w, https:\/\/www.fedaiisf.it\/wp-content\/uploads\/2014\/07\/soldi.truffa-390x220.jpg 390w\" sizes=\"auto, (max-width: 262px) 100vw, 262px\" \/>E gli affari non si limitano solo a quanto descritto finora. Vanno aggiunti i <strong>fornitori, coloro che spacciano (\u00e8 questo il termine pi\u00f9 adatto) le porcherie di psicofarmaci<\/strong> che vengono date ai pazienti, le regalie degli <strong>informatori scientifici<\/strong> sotto forma di assegni o viaggi per intere famiglie. E chiss\u00e0 quanto altro ancora.<\/span><\/p>\n<p>Tutto questo schifo sta tornando alla grande, alla faccia dell\u2019unica riforma culturale, quella di Basaglia, della sanit\u00e0 italiana. In aggiunta l\u2019assessorato al welfare (stato sociale) non ha mai avuto in Calabria una identit\u00e0 propria, sempre affiancato ad un altro assessorato: <strong>ora l\u2019Agricoltura, ora i Trasporti<\/strong>, governato da cataplasmi, come per esempio la S.\u2026 o da altri squali sempre pi\u00f9 famelici come <strong>l\u2019assessore G. cedrone, che finanzia un sacco di delinquenti avendo anche la delega al ramo<\/strong>. E lo squallore umano \u00e8 ancora pi\u00f9 grande, con decenza parlando. In Calabria, infine, non esistono comunit\u00e0 psichiatriche per minori ed \u00e8 un problema enorme, basti pensare solo ai casi di disturbi alimentari. <strong>Questa, in estrema sintesi, \u00e8 la fotografia di 40 anni di malapsichiatria calabrese, che continuano a mietere vittime senza che nessuno muova un dito per cambiare qualcosa.\u00a0<\/strong><\/p>\n<hr \/>\n<p><em>N.d.R.: Abbiamo omesso i nominativi citati da Iacchit\u00e8 per non essere complici della diffamazione di questo individuo. Ovviamente qualsiasi opinione, consiglio, comunicato o altre informazioni espresso o rese disponibili nell&#8217;articolo riportato non \u00e8 attribuibile a Fedaiisf bens\u00ec all&#8217;autore.<\/em><\/p>\n<p style=\"font-weight: 400;\"><em>\u00c8 bene ricordare che la responsabilit\u00e0 dei contenuti su questo sito \u00e8 di chi li scrive. Fedaiisf non \u00e8 responsabile per quanto pubblicato dai lettori o in altre eventuali piattaforme.<\/em><\/p>\n<p>&nbsp;<\/p>\n","protected":false},"excerpt":{"rendered":"<p>L&#8217;articolo di certo Iacchit\u00e8 parla della situazione di strutture per malati mentali in Calabria su cui non entriamo per nostra non competenza.. Parlando di malaffare dichiara: &#8220;Gli affari non si limitano solo a quanto descritto finora. Vanno aggiunti i fornitori, coloro che spacciano (\u00e8 questo il termine pi\u00f9 adatto) le porcherie di psicofarmaci che vengono &hellip;<\/p>","protected":false},"author":4,"featured_media":80381,"comment_status":"closed","ping_status":"closed","sticky":false,"template":"","format":"standard","meta":{"footnotes":""},"categories":[1],"tags":[21],"class_list":["post-80379","post","type-post","status-publish","format-standard","has-post-thumbnail","hentry","category-notizie","tag-informatori-scientifici"],"amp_enabled":true,"_links":{"self":[{"href":"https:\/\/www.fedaiisf.it\/en\/wp-json\/wp\/v2\/posts\/80379","targetHints":{"allow":["GET"]}}],"collection":[{"href":"https:\/\/www.fedaiisf.it\/en\/wp-json\/wp\/v2\/posts"}],"about":[{"href":"https:\/\/www.fedaiisf.it\/en\/wp-json\/wp\/v2\/types\/post"}],"author":[{"embeddable":true,"href":"https:\/\/www.fedaiisf.it\/en\/wp-json\/wp\/v2\/users\/4"}],"replies":[{"embeddable":true,"href":"https:\/\/www.fedaiisf.it\/en\/wp-json\/wp\/v2\/comments?post=80379"}],"version-history":[{"count":4,"href":"https:\/\/www.fedaiisf.it\/en\/wp-json\/wp\/v2\/posts\/80379\/revisions"}],"predecessor-version":[{"id":80386,"href":"https:\/\/www.fedaiisf.it\/en\/wp-json\/wp\/v2\/posts\/80379\/revisions\/80386"}],"wp:featuredmedia":[{"embeddable":true,"href":"https:\/\/www.fedaiisf.it\/en\/wp-json\/wp\/v2\/media\/80381"}],"wp:attachment":[{"href":"https:\/\/www.fedaiisf.it\/en\/wp-json\/wp\/v2\/media?parent=80379"}],"wp:term":[{"taxonomy":"category","embeddable":true,"href":"https:\/\/www.fedaiisf.it\/en\/wp-json\/wp\/v2\/categories?post=80379"},{"taxonomy":"post_tag","embeddable":true,"href":"https:\/\/www.fedaiisf.it\/en\/wp-json\/wp\/v2\/tags?post=80379"}],"curies":[{"name":"wp","href":"https:\/\/api.w.org\/{rel}","templated":true}]}}