{"id":80607,"date":"2025-03-11T17:31:35","date_gmt":"2025-03-11T16:31:35","guid":{"rendered":"https:\/\/www.fedaiisf.it\/?p=80607"},"modified":"2025-06-19T18:08:43","modified_gmt":"2025-06-19T16:08:43","slug":"marche-il-consiglio-regionale-approva-allunanimita-listituzione-del-registro-degli-informatori-scientifici-del-farmaco-e-del-parafarmaco","status":"publish","type":"post","link":"https:\/\/www.fedaiisf.it\/en\/marche-il-consiglio-regionale-approva-allunanimita-listituzione-del-registro-degli-informatori-scientifici-del-farmaco-e-del-parafarmaco\/","title":{"rendered":"Marche. Il Consiglio Regionale approva all&#8217;unanimit\u00e0 l&#8217;istituzione del Registro degli Informatori Scientifici del Farmaco e del Parafarmaco."},"content":{"rendered":"<p>Il Consiglio Regionale delle Marche nella seduta n. 177 dell&#8217;11 marzo ha approvato all&#8217;unanimit\u00e0 la legge che istituisce il &#8220;Registro Regionale degli Informatori Scientifici del Farmaco e del Parafarmaco&#8221;.<\/p>\n<p><a href=\"https:\/\/www.fedaiisf.it\/wp-content\/uploads\/2025\/03\/Allegato-A-Regolamento-Registro-Regionale-Informatori-farmaceutici.pdf\" target=\"_blank\" rel=\"noopener\">Marche Allegato A &#8211; Regolamento Registro Regionale Informatori farmaceutici<\/a><\/p>\n<p><img loading=\"lazy\" decoding=\"async\" class=\"wp-image-73903 alignright\" src=\"https:\/\/www.fedaiisf.it\/wp-content\/uploads\/2023\/10\/Pasqui-Marche-con-testo.jpg\" alt=\"\" width=\"182\" height=\"182\" srcset=\"https:\/\/www.fedaiisf.it\/wp-content\/uploads\/2023\/10\/Pasqui-Marche-con-testo.jpg 400w, https:\/\/www.fedaiisf.it\/wp-content\/uploads\/2023\/10\/Pasqui-Marche-con-testo-300x300.jpg 300w, https:\/\/www.fedaiisf.it\/wp-content\/uploads\/2023\/10\/Pasqui-Marche-con-testo-150x150.jpg 150w, https:\/\/www.fedaiisf.it\/wp-content\/uploads\/2023\/10\/Pasqui-Marche-con-testo-12x12.jpg 12w\" sizes=\"auto, (max-width: 182px) 100vw, 182px\" \/>Sono intervenuti come relatori il vicepresidente e consigliere Gianluca Pasqui, promotore del progetto di legge 228, che ha rimarcato che la legge va colmare un vuoto importante e il Consigliere Maurizio Mangialardi come relatore per la minoranza.<\/p>\n<p>Questa legge, hanno detto, ha l&#8217;obiettivo di garantire un &#8220;costante aggiornamento scientifico agli operatori sanitari regionali, valorizzando il ruolo degli informatori scientifici, riconoscendone l&#8217;importanza nel sistema sanitario&#8221;.<\/p>\n<p>Alla discussione che ne \u00e8 seguita \u00e8 intervenuto il consigliere Cancellieri, che \u00e8 anche medico, che ha sottolineato l&#8217;importanza della figura dell&#8217;informatore scientifico a cui si \u00e8 associata la consigliera Menghi della Lega rimarcando che questa legge riconosce ufficialmente il ruolo dell&#8217;informatore. Ha chiuso la discussione l&#8217;assessore Filippo Saltamartini. Tutti hanno espresso parere favorevole e apprezzamento.<\/p>\n<p><img loading=\"lazy\" decoding=\"async\" class=\"wp-image-80612 alignleft\" src=\"https:\/\/www.fedaiisf.it\/wp-content\/uploads\/2025\/03\/cancellier-marche.png\" alt=\"\" width=\"196\" height=\"203\" srcset=\"https:\/\/www.fedaiisf.it\/wp-content\/uploads\/2025\/03\/cancellier-marche.png 512w, https:\/\/www.fedaiisf.it\/wp-content\/uploads\/2025\/03\/cancellier-marche-290x300.png 290w, https:\/\/www.fedaiisf.it\/wp-content\/uploads\/2025\/03\/cancellier-marche-12x12.png 12w\" sizes=\"auto, (max-width: 196px) 100vw, 196px\" \/>La votazione che ne \u00e8 seguita ha visto la legge approvata all&#8217;unanimit\u00e0 senza alcun voto contrario.<\/p>\n<p>The <a href=\"https:\/\/www.consiglio.marche.it\/banche_dati_e_documentazione\/iter_degli_atti\/pdl\/pdf\/relpdl228_11.pdf\" target=\"_blank\" rel=\"noopener\">Progetto di Legge 228<\/a> ha avuto un iter molto lungo, essendo stata presentata nell&#8217;ottobre del 2023. La proposta di legge aveva ottenuto il parere favorevole del Consiglio delle Autonomie Locali (Cal) e del Consiglio regionale dell\u2019Autonomia e del Lavoro (Crel), confermando il suo valore per il territorio e il mondo del lavoro.<\/p>\n<p>La IV Commissione permanente nella seduta del 12 febbraio 2025 l&#8217;aveva approvata all&#8217;unanimit\u00e0. Oggi, 11 marzo, il voto Consiliare che vara definitivamente l&#8217;istituzione del Registro.<\/p>\n<hr \/>\n<p>Ne riportiamo il testo:<\/p>\n<p class=\"p1\"><em><b>Testo proposto e <\/b><b>approved\u00a0<\/b><\/em><\/p>\n<p class=\"p1\"><em><b>Article 1<\/b><\/em><\/p>\n<p class=\"p1\"><em><b>1.<\/b> \u00c8 istituito presso la Regione Marche il registro regionale degli informatori scientifici del farmaco e del parafarmaco.<\/em><\/p>\n<p class=\"p1\"><em><b>2.<\/b> Gli informatori scientifici inseriti nel registro previsto al comma 1 garantiscono, su tutto il territorio regionale, il continuo aggiornamento sui farmaci e parafarmaci in favore degli operatori sanitari.<\/em><\/p>\n<p class=\"p1\"><em><b>Article 2<\/b><\/em><\/p>\n<p class=\"p1\"><em>(Registro regionale degli informatori scientifici del farmaco e del parafarmaco)<\/em><\/p>\n<p class=\"p1\"><em><b>1.<\/b> Presso il registro di cui all&#8217;articolo 1 sono iscritti gli informatori scientifici del farmaco e del parafarmaco che operano nella regione Marche.<\/em><\/p>\n<p class=\"p1\"><em><b>2.<\/b> Le modalit\u00e0 di iscrizione al registro sono definite con regolamento approvato dalla Giunta regionale.<\/em><\/p>\n<p class=\"p1\"><em><b>Article 3<\/b><\/em><\/p>\n<p class=\"p1\"><em>(Disposizione transitoria)<\/em><\/p>\n<p class=\"p1\"><em><b>1.<\/b> La Giunta regionale approva il regolamento previsto al comma 2 dell\u2019articolo 2 entro novanta giorni dall\u2019entrata in vigore di questa legge.<\/em><\/p>\n<p class=\"p1\"><em><b>Article 4<\/b><\/em><\/p>\n<p class=\"p1\"><em>(Invarianza finanziaria)<\/em><\/p>\n<p class=\"p1\"><em><b>1.<\/b> Dall&#8217;attuazione di questa legge non derivano n\u00e9 possono derivare nuovi o maggiori oneri a carico del bilancio regionale.<\/em><\/p>\n<hr \/>\n<p>Related news: <a href=\"https:\/\/www.consiglio.marche.it\/banche_dati_e_documentazione\/iter_degli_atti\/pdl\/pdf\/dospdlcom228_11.pdf\" target=\"_blank\" rel=\"noopener\">Il Dossier con la relazione tecnica<\/a><\/p>\n<p>Il Consigliere Pasqui ha poi dichiarato:<\/p>\n<div class=\"x11i5rnm xat24cr x1mh8g0r x1vvkbs xtlvy1s x126k92a\">\n<div dir=\"auto\"><em>Un passo avanti per la sanit\u00e0 delle Marche! Il Consiglio regionale ha dato il via libera alla proposta di legge presentata da Gianluca <img loading=\"lazy\" decoding=\"async\" class=\"wp-image-80614 alignleft\" src=\"https:\/\/www.fedaiisf.it\/wp-content\/uploads\/2025\/03\/Screenshot-2025-03-11-alle-16.37.18.png\" alt=\"\" width=\"186\" height=\"192\" srcset=\"https:\/\/www.fedaiisf.it\/wp-content\/uploads\/2025\/03\/Screenshot-2025-03-11-alle-16.37.18.png 512w, https:\/\/www.fedaiisf.it\/wp-content\/uploads\/2025\/03\/Screenshot-2025-03-11-alle-16.37.18-290x300.png 290w, https:\/\/www.fedaiisf.it\/wp-content\/uploads\/2025\/03\/Screenshot-2025-03-11-alle-16.37.18-12x12.png 12w\" sizes=\"auto, (max-width: 186px) 100vw, 186px\" \/>Pasqui, che istituisce il Registro regionale degli informatori scientifici del farmaco e del parafarmaco.<\/em><\/div>\n<\/div>\n<div class=\"x11i5rnm xat24cr x1mh8g0r x1vvkbs xtlvy1s x126k92a\">\n<div dir=\"auto\"><em>Pi\u00f9 trasparenza e aggiornamento per i medici<\/em><\/div>\n<div dir=\"auto\"><em>Informazione scientifica sempre affidabile<\/em><\/div>\n<div dir=\"auto\"><em>Valorizzazione di una figura chiave per la salute pubblica<\/em><\/div>\n<\/div>\n<div class=\"x11i5rnm xat24cr x1mh8g0r x1vvkbs xtlvy1s x126k92a\">\n<div dir=\"auto\"><em>\u00abUn segnale di attenzione verso la sanit\u00e0 e chi lavora ogni giorno per garantire la salute dei cittadini\u00bb \u2013 Gianluca Pasqui<\/em><\/div>\n<\/div>\n<div class=\"x11i5rnm xat24cr x1mh8g0r x1vvkbs xtlvy1s x126k92a\">\n<div dir=\"auto\"><em>Un\u2019iniziativa concreta per migliorare il sistema sanitario delle Marche!<\/em><\/div>\n<\/div>\n<p>&nbsp;<\/p>","protected":false},"excerpt":{"rendered":"<p>Il Consiglio Regionale delle Marche nella seduta n. 177 dell&#8217;11 marzo ha approvato all&#8217;unanimit\u00e0 la legge che istituisce il &#8220;Registro Regionale degli Informatori Scientifici del Farmaco e del Parafarmaco&#8221;. Marche Allegato A &#8211; Regolamento Registro Regionale Informatori farmaceutici Sono intervenuti come relatori il vicepresidente e consigliere Gianluca Pasqui, promotore del progetto di legge 228, che &hellip;<\/p>","protected":false},"author":4,"featured_media":80610,"comment_status":"closed","ping_status":"closed","sticky":false,"template":"","format":"standard","meta":{"footnotes":""},"categories":[14,16],"tags":[45,41],"class_list":["post-80607","post","type-post","status-publish","format-standard","has-post-thumbnail","hentry","category-news-fedaiisf","category-primo-piano","tag-fedaiisf","tag-leggisentenze"],"amp_enabled":true,"_links":{"self":[{"href":"https:\/\/www.fedaiisf.it\/en\/wp-json\/wp\/v2\/posts\/80607","targetHints":{"allow":["GET"]}}],"collection":[{"href":"https:\/\/www.fedaiisf.it\/en\/wp-json\/wp\/v2\/posts"}],"about":[{"href":"https:\/\/www.fedaiisf.it\/en\/wp-json\/wp\/v2\/types\/post"}],"author":[{"embeddable":true,"href":"https:\/\/www.fedaiisf.it\/en\/wp-json\/wp\/v2\/users\/4"}],"replies":[{"embeddable":true,"href":"https:\/\/www.fedaiisf.it\/en\/wp-json\/wp\/v2\/comments?post=80607"}],"version-history":[{"count":12,"href":"https:\/\/www.fedaiisf.it\/en\/wp-json\/wp\/v2\/posts\/80607\/revisions"}],"predecessor-version":[{"id":82315,"href":"https:\/\/www.fedaiisf.it\/en\/wp-json\/wp\/v2\/posts\/80607\/revisions\/82315"}],"wp:featuredmedia":[{"embeddable":true,"href":"https:\/\/www.fedaiisf.it\/en\/wp-json\/wp\/v2\/media\/80610"}],"wp:attachment":[{"href":"https:\/\/www.fedaiisf.it\/en\/wp-json\/wp\/v2\/media?parent=80607"}],"wp:term":[{"taxonomy":"category","embeddable":true,"href":"https:\/\/www.fedaiisf.it\/en\/wp-json\/wp\/v2\/categories?post=80607"},{"taxonomy":"post_tag","embeddable":true,"href":"https:\/\/www.fedaiisf.it\/en\/wp-json\/wp\/v2\/tags?post=80607"}],"curies":[{"name":"wp","href":"https:\/\/api.w.org\/{rel}","templated":true}]}}